{"id":75683,"date":"2020-01-16T16:02:33","date_gmt":"2020-01-16T15:02:33","guid":{"rendered":"http:\/\/semmelweis.hu\/gfi\/?p=75683"},"modified":"2020-05-29T09:17:23","modified_gmt":"2020-05-29T07:17:23","slug":"8835-gfivgi-2020-kozponti-raktar-cikkszamainak-hasznalata-kp11","status":"publish","type":"post","link":"https:\/\/semmelweis.hu\/gfi\/2020\/01\/16\/8835-gfivgi-2020-kozponti-raktar-cikkszamainak-hasznalata-kp11\/","title":{"rendered":"8835\/GFIVGI\/2020. K\u00f6zponti Rakt\u00e1r cikksz\u00e1mainak haszn\u00e1lata (KP11)"},"content":{"rendered":"<p>T\u00e1j\u00e9koztatom az Egyetem szervezeti egys\u00e9geit, hogy a <strong>K\u00f6zponti Rakt\u00e1r \u00e1ltal haszn\u00e1lt cikksz\u00e1mokat (cikksz\u00e1m megnevez\u00e9sben KP11 szerepel) saj\u00e1t szerz\u0151d\u00e9sek l\u00e9trehoz\u00e1s\u00e1ra, \u00e1rubeszerz\u00e9shez kiz\u00e1r\u00f3lag a K\u00f6zponti Rakt\u00e1r haszn\u00e1lhatja.<\/strong><\/p>\n<p>Budapest, 2020. janu\u00e1r 16.<\/p>\n<p>Rosengart B\u00e9la<br \/>\nigazgat\u00f3<\/p>\n","protected":false},"excerpt":{"rendered":"<p>T\u00e1j\u00e9koztatom az Egyetem szervezeti egys\u00e9geit, hogy a K\u00f6zponti Rakt\u00e1r \u00e1ltal haszn\u00e1lt cikksz\u00e1mokat (cikksz\u00e1m megnevez\u00e9sben KP11 szerepel) saj\u00e1t szerz\u0151d\u00e9sek l\u00e9trehoz\u00e1s\u00e1ra, \u00e1rubeszerz\u00e9shez kiz\u00e1r\u00f3lag a K\u00f6zponti Rakt\u00e1r haszn\u00e1lhatja.<br \/>\nBudapest, 2020. janu\u00e1r 16.<br \/>\nRosengart B\u00e9la<br \/>\nigazgat\u00f3<\/p>\n","protected":false},"author":101488,"featured_media":0,"comment_status":"closed","ping_status":"closed","sticky":false,"template":"","format":"standard","meta":{"_acf_changed":false,"footnotes":""},"categories":[7],"tags":[28],"class_list":["post-75683","post","type-post","status-publish","format-standard","hentry","category-hirek","tag-vagyongazdalkodas"],"acf":[],"_links":{"self":[{"href":"https:\/\/semmelweis.hu\/gfi\/wp-json\/wp\/v2\/posts\/75683","targetHints":{"allow":["GET"]}}],"collection":[{"href":"https:\/\/semmelweis.hu\/gfi\/wp-json\/wp\/v2\/posts"}],"about":[{"href":"https:\/\/semmelweis.hu\/gfi\/wp-json\/wp\/v2\/types\/post"}],"author":[{"embeddable":true,"href":"https:\/\/semmelweis.hu\/gfi\/wp-json\/wp\/v2\/users\/101488"}],"replies":[{"embeddable":true,"href":"https:\/\/semmelweis.hu\/gfi\/wp-json\/wp\/v2\/comments?post=75683"}],"version-history":[{"count":1,"href":"https:\/\/semmelweis.hu\/gfi\/wp-json\/wp\/v2\/posts\/75683\/revisions"}],"predecessor-version":[{"id":75684,"href":"https:\/\/semmelweis.hu\/gfi\/wp-json\/wp\/v2\/posts\/75683\/revisions\/75684"}],"wp:attachment":[{"href":"https:\/\/semmelweis.hu\/gfi\/wp-json\/wp\/v2\/media?parent=75683"}],"wp:term":[{"taxonomy":"category","embeddable":true,"href":"https:\/\/semmelweis.hu\/gfi\/wp-json\/wp\/v2\/categories?post=75683"},{"taxonomy":"post_tag","embeddable":true,"href":"https:\/\/semmelweis.hu\/gfi\/wp-json\/wp\/v2\/tags?post=75683"}],"curies":[{"name":"wp","href":"https:\/\/api.w.org\/{rel}","templated":true}]}}