{"id":75655,"date":"2020-01-07T12:38:48","date_gmt":"2020-01-07T11:38:48","guid":{"rendered":"http:\/\/semmelweis.hu\/gfi\/?p=75655"},"modified":"2020-01-07T12:38:48","modified_gmt":"2020-01-07T11:38:48","slug":"1119-ksgfi-2020-tajekoztato-a-2020-evi-ideiglenes-keretekrol","status":"publish","type":"post","link":"https:\/\/semmelweis.hu\/gfi\/2020\/01\/07\/1119-ksgfi-2020-tajekoztato-a-2020-evi-ideiglenes-keretekrol\/","title":{"rendered":"1119\/KSGFI\/2020. T\u00e1j\u00e9koztat\u00f3 a 2020. \u00e9vi ideiglenes keretekr\u0151l"},"content":{"rendered":"<p>&nbsp;<\/p>\n<p><strong>Az egyetemi gazd\u00e1lkod\u00f3 egys\u00e9gek vezet\u0151i r\u00e9sz\u00e9re:<\/strong><br \/>\n\u00c1OK, FOK, GYTK, ETK, EKK, PAK, KK, Doktori Iskola vezet\u0151inek, k\u00f6zponti szervezeti egys\u00e9gek, tov\u00e1bb\u00e1 a decentraliz\u00e1ltan gazd\u00e1lkod\u00f3 szervezeti egys\u00e9gek vezet\u0151inek <br \/>\n\u00e9s gazdas\u00e1gi vezet\u0151inek<\/p>\n<p>Ez\u00faton t\u00e1j\u00e9koztatom \u00d6n\u00f6ket, hogy a SAP integr\u00e1lt gazd\u00e1lkod\u00e1si rendszerben a 2020-as gazd\u00e1lkod\u00e1si \u00e9v 2020. janu\u00e1r 2-\u00e1n ker\u00fcl megnyit\u00e1sra.<\/p>\n<p><strong>1. A 2020. \u00e9vi ideiglenes keretek &#8211; a vezet\u0151i k\u00f6lts\u00e9gvet\u00e9s elfogad\u00e1s\u00e1ig &#8211; a k\u00f6vetkez\u0151 m\u00f3don ny\u00edlnak meg: <\/strong><br \/>\n<strong>a) K\u00f6lts\u00e9gvet\u00e9si keretek (OEP, OM, KEPZ), a 2019. \u00e9vi k\u00f6lts\u00e9gvet\u00e9si kerettel rendelkez\u0151 szervezeti egys\u00e9gek eset\u00e9ben<\/strong><\/p>\n<p>\u2022 <strong>B\u00e9r- \u00e9s j\u00e1rul\u00e9kkeretek (T21-T23):<\/strong> <br \/>\nIdeiglenes keretek nem ker\u00fclnek megnyit\u00e1sra. \u00daj, tart\u00f3s k\u00f6telezetts\u00e9gv\u00e1llal\u00e1sra \u2013 p\u00f3tl\u00e1s kiv\u00e9tel\u00e9vel \u2013 a k\u00f6lts\u00e9gvet\u00e9s elfogad\u00e1s\u00e1ig nem ker\u00fclhet sor.<br \/>\n\u2022 <strong>Gy\u00f3gyszerkeret (T26):<\/strong> a 2019. \u00e9vi 1-12. havi gy\u00f3gyszerfelhaszn\u00e1l\u00e1s 95%-a ker\u00fcl megnyit\u00e1sra (figyelembe v\u00e9ve a december havi v\u00e1rhat\u00f3 felhaszn\u00e1l\u00e1st is). A Klinikai K\u00f6zpont \u00e1ltal elfogadott keretekbe nem sz\u00e1m\u00edtand\u00f3ak be az egyedi m\u00e9lt\u00e1nyoss\u00e1g \u00e9s egy\u00e9b finansz\u00edroz\u00e1s\u00fa k\u00fcl\u00f6n keretek. Az ideiglenes gy\u00f3gyszerkeretek a folyamatos gy\u00f3gyszerell\u00e1t\u00e1s biztos\u00edt\u00e1sa \u00e9rdek\u00e9ben m\u00e1r 2020. janu\u00e1r 1-j\u00e9t\u0151l el\u00e9rhet\u0151ek lesznek a MedSolution rendszerben. <br \/>\n\u2022 <strong>Ter\u00e1pi\u00e1s keret (T27):<\/strong> a 2019. 1-11. h\u00f3napok \u00e1tlagos havi felhaszn\u00e1l\u00e1sa \u00e9s a 2019. \u00e9vi elfogadott k\u00f6lts\u00e9gvet\u00e9si keret alapj\u00e1n ker\u00fcl a 95% megnyit\u00e1sra.<br \/>\n\u2022 <strong>Dologi keret (T28):<\/strong> a 2019. 1-11. h\u00f3napok \u00e1tlagos havi dologi keret felhaszn\u00e1l\u00e1s \u00e9s a 2019. elfogadott k\u00f6lts\u00e9gvet\u00e9si keret figyelembe v\u00e9tel\u00e9vel ker\u00fclt meg\u00e1llap\u00edt\u00e1sra, amelynek 80%-a ker\u00fcl megnyit\u00e1sra. A k\u00f6zponti feladatok eset\u00e9ben gazdas\u00e1gi f\u0151igazgat\u00f3i enged\u00e9ly alapj\u00e1n ker\u00fclhet megnyit\u00e1sra ideiglenes keret. <br \/>\n\u2022 <strong>Felhalmoz\u00e1si keret (T31):<\/strong> indokl\u00e1ssal ell\u00e1tott gazdas\u00e1gi f\u0151igazgat\u00f3i enged\u00e9ly alapj\u00e1n ker\u00fclhet megnyit\u00e1sra ideiglenes keret.<br \/>\n\u2022 A GMSZ, a labor, az aneszteziol\u00f3gia \u00e9s a bels\u01516-os keretek megnyit\u00e1sa \u2013 el\u0151z\u0151 \u00e9vi gyakorlathoz hasonl\u00f3an \u2013 a 2020. \u00e9vi vezet\u0151i k\u00f6lts\u00e9gvet\u00e9s elfogad\u00e1s\u00e1t k\u00f6vet\u0151en ker\u00fcl v\u00e9gleges\u00edt\u00e9sre, majd megnyit\u00e1sra.<\/p>\n<p>\n<strong>b) Deviz\u00e1s kereteken (DEV):<\/strong><br \/>\nA devizatand\u00edjas oktat\u00e1s 2019\/2020. I. f\u00e9l\u00e9v\u00e9nek fennmarad\u00f3 r\u00e9sze, vagyis annak janu\u00e1r \u00e9s febru\u00e1r h\u00f3napra vonatkoz\u00f3 kerete ker\u00fcl megnyit\u00e1sra.<\/p>\n<p><strong>c) Egy\u00e9b int\u00e9zm\u00e9nyi kereteken (EINT):<\/strong><br \/>\nA 2020. \u00e9vi bev\u00e9tel k\u00f6nyvel\u00e9s\u00e9ig \u2013 a folyamatos m\u0171k\u00f6d\u00e9s biztos\u00edt\u00e1s\u00e1hoz \u2013 megel\u0151legezett keret nyithat\u00f3 gazdas\u00e1gi f\u0151igazgat\u00f3i enged\u00e9llyel.<\/p>\n<p><strong>Szeretn\u00e9m felh\u00edvni a figyelm\u00fcket arra, hogy a szervezeti egys\u00e9g gazd\u00e1lkod\u00e1sa a vezet\u0151i k\u00f6lts\u00e9gvet\u00e9s elfogad\u00e1s\u00e1ig is egyens\u00falyban kell, hogy maradjon!<\/strong><\/p>\n<p><strong>2. Nyitott vev\u0151i, sz\u00e1ll\u00edt\u00f3i sz\u00e1ml\u00e1k \u00e9s megrendel\u00e9sek<\/strong><br \/>\nA 2019. \u00e9vi \u201enyitott\u201d vev\u0151i, sz\u00e1ll\u00edt\u00f3i sz\u00e1ml\u00e1k \u00e9s megrendel\u00e9sek \u00e1tvitele t\u00f6bb \u00fctemben t\u00f6rt\u00e9nik majd, melyr\u0151l k\u00fcl\u00f6n t\u00e1j\u00e9koztat\u00f3 ker\u00fcl kihelyez\u00e9sre az Intranetre, a gazd\u00e1lkod\u00e1si \u00e9v lez\u00e1r\u00e1s\u00e1nak megfelel\u0151en.<\/p>\n<p><strong>3. 2019. \u00e9vi maradv\u00e1nyok kezel\u00e9se<\/strong><br \/>\nA maradv\u00e1nyok \u00f6sszeg\u00e9nek meg\u00e1llap\u00edt\u00e1s\u00e1ra a 2020. \u00e9vi vezet\u0151i k\u00f6lts\u00e9gvet\u00e9s elfogad\u00e1s\u00e1t k\u00f6vet\u0151en ker\u00fclhet sor.<\/p>\n<p>K\u00e9rd\u00e9s eset\u00e9n k\u00e9rem, hogy forduljanak bizalommal a Kontrolling Igazgat\u00f3s\u00e1g munkat\u00e1rsaihoz (kontrolling@semmelweis-univ.hu).<\/p>\n<p>\nBudapest, 2019. janu\u00e1r 6.<\/p>\n<p>Tisztelettel:<\/p>\n<p>Baumgartnern\u00e9 Holl\u00f3 Ir\u00e9n<br \/>\nkancell\u00e1rhelyettes<br \/>\nsk<\/p>\n","protected":false},"excerpt":{"rendered":"<p>&nbsp; Az egyetemi gazd\u00e1lkod\u00f3 egys\u00e9gek vezet\u0151i r\u00e9sz\u00e9re: \u00c1OK, FOK, GYTK, ETK, EKK, PAK, KK, Doktori Iskola vezet\u0151inek, k\u00f6zponti szervezeti egys\u00e9gek, tov\u00e1bb\u00e1 a decentraliz\u00e1ltan gazd\u00e1lkod\u00f3 szervezeti egys\u00e9gek vezet\u0151inek \u00e9s gazdas\u00e1gi vezet\u0151inek Ez\u00faton t\u00e1j\u00e9koztatom \u00d6n\u00f6ket, hogy a SAP integr\u00e1lt gazd\u00e1lkod\u00e1si rendszerben a 2020-as gazd\u00e1lkod\u00e1si \u00e9v 2020. janu\u00e1r 2-\u00e1n ker\u00fcl megnyit\u00e1sra. 1. A 2020. \u00e9vi ideiglenes keretek &#8211; &hellip;<\/p>\n","protected":false},"author":101488,"featured_media":0,"comment_status":"closed","ping_status":"closed","sticky":false,"template":"","format":"standard","meta":{"_acf_changed":false,"footnotes":""},"categories":[7],"tags":[8],"class_list":["post-75655","post","type-post","status-publish","format-standard","hentry","category-hirek","tag-kontrolling"],"acf":[],"_links":{"self":[{"href":"https:\/\/semmelweis.hu\/gfi\/wp-json\/wp\/v2\/posts\/75655","targetHints":{"allow":["GET"]}}],"collection":[{"href":"https:\/\/semmelweis.hu\/gfi\/wp-json\/wp\/v2\/posts"}],"about":[{"href":"https:\/\/semmelweis.hu\/gfi\/wp-json\/wp\/v2\/types\/post"}],"author":[{"embeddable":true,"href":"https:\/\/semmelweis.hu\/gfi\/wp-json\/wp\/v2\/users\/101488"}],"replies":[{"embeddable":true,"href":"https:\/\/semmelweis.hu\/gfi\/wp-json\/wp\/v2\/comments?post=75655"}],"version-history":[{"count":1,"href":"https:\/\/semmelweis.hu\/gfi\/wp-json\/wp\/v2\/posts\/75655\/revisions"}],"predecessor-version":[{"id":75656,"href":"https:\/\/semmelweis.hu\/gfi\/wp-json\/wp\/v2\/posts\/75655\/revisions\/75656"}],"wp:attachment":[{"href":"https:\/\/semmelweis.hu\/gfi\/wp-json\/wp\/v2\/media?parent=75655"}],"wp:term":[{"taxonomy":"category","embeddable":true,"href":"https:\/\/semmelweis.hu\/gfi\/wp-json\/wp\/v2\/categories?post=75655"},{"taxonomy":"post_tag","embeddable":true,"href":"https:\/\/semmelweis.hu\/gfi\/wp-json\/wp\/v2\/tags?post=75655"}],"curies":[{"name":"wp","href":"https:\/\/api.w.org\/{rel}","templated":true}]}}