{"id":75603,"date":"2019-11-15T12:35:37","date_gmt":"2019-11-15T11:35:37","guid":{"rendered":"http:\/\/semmelweis.hu\/gfi\/?p=75603"},"modified":"2019-11-15T13:21:18","modified_gmt":"2019-11-15T12:21:18","slug":"adatszolgaltatas-unios-projektek-kereteben-hasznalatra-atvett-eszkozok-ugyeben-iktsz-117315-kmini-2019","status":"publish","type":"post","link":"https:\/\/semmelweis.hu\/gfi\/2019\/11\/15\/adatszolgaltatas-unios-projektek-kereteben-hasznalatra-atvett-eszkozok-ugyeben-iktsz-117315-kmini-2019\/","title":{"rendered":"Adatszolg\u00e1ltat\u00e1s Uni\u00f3s projektek keret\u00e9ben haszn\u00e1latra \u00e1tvett eszk\u00f6z\u00f6k \u00fcgy\u00e9ben Iktsz: 117315\/KMINI\/2019"},"content":{"rendered":"<p>&nbsp;<\/p>\n<p>Tisztelt I. Belgy\u00f3gy\u00e1szati Klinika Vezet\u0151je, Gazdas\u00e1gi Vezet\u0151je!<\/p>\n<p>Tisztelt II. Belgy\u00f3gy\u00e1szati Klinika Vezet\u0151je, Gazdas\u00e1gi Vezet\u0151je!<\/p>\n<p>Tisztelt I. Seb\u00e9szeti Klinika Vezet\u0151je, Gazdas\u00e1gi Vezet\u0151je!<\/p>\n<p>Tisztelt II. Seb\u00e9szeti Klinika Vezet\u0151je, Gazdas\u00e1gi Vezet\u0151je!<\/p>\n<p>Tisztelt V\u00e1rosmajori Klinika Vezet\u0151je, Gazdas\u00e1gi Vezet\u0151je!<\/p>\n<p>Tisztelt I. Sz\u00fcl\u00e9szeti \u00e9s N\u0151gy\u00f3gy\u00e1szati Klinika Vezet\u0151je, Gazdas\u00e1gi Vezet\u0151je!<\/p>\n<p>Tisztelt II. Sz\u00fcl\u00e9szeti \u00e9s N\u0151gy\u00f3gy\u00e1szati Klinika Vezet\u0151je, Gazdas\u00e1gi Vezet\u0151je!<\/p>\n<p>Tisztelt I. Gyermekgy\u00f3gy\u00e1szati Klinika Vezet\u0151je, Gazdas\u00e1gi Vezet\u0151je!\u00a0 \u00a0<\/p>\n<p>Tisztelt II. Gyermekgy\u00f3gy\u00e1szai Klinika Vezet\u0151je, Gazdas\u00e1gi Vezet\u0151je!<\/p>\n<p>Tisztelt Szem\u00e9szeti Klinika Vezet\u0151je, Gazdas\u00e1gi Vezet\u0151je!<\/p>\n<p>Tisztelt F\u00fcl-orr G\u00e9g\u00e9szeti Klinika Vezet\u0151je, Gazdas\u00e1gi Vezet\u0151je!<\/p>\n<p>Tisztelt Pszichi\u00e1triai Klinika Vezet\u0151je, Gazdas\u00e1gi Vezet\u0151je!<\/p>\n<p>Tisztelt Neurol\u00f3giai Klinika Vezet\u0151je, Gazdas\u00e1gi Vezet\u0151je!<\/p>\n<p>Tisztelt B\u0151rgy\u00f3gy\u00e1szati Klinika Vezet\u0151je, Gazdas\u00e1gi Vezet\u0151je!<\/p>\n<p>Tisztelt Urol\u00f3giai Klinika Vezet\u0151je, Gazdas\u00e1gi Vezet\u0151je!<\/p>\n<p>Tisztelt Arc-\u00e1llcsont \u00e9s Sz\u00e1jseb\u00e9szeti Klinika Vezet\u0151je, Gazdas\u00e1gi Vezet\u0151je!<\/p>\n<p>Tisztelt Radiol\u00f3giai Klinika Vezet\u0151je, Gazdas\u00e1gi Vezet\u0151je!<\/p>\n<p>Tisztelt Pulmonol\u00f3giai Klinika Vezet\u0151je, Gazdas\u00e1gi Vezet\u0151je!<\/p>\n<p>Tisztelt Ortop\u00e9diai Klinika Vezet\u0151je, Gazdas\u00e1gi Vezet\u0151je!<\/p>\n<p>Tisztelt I. Patol\u00f3giai Klinika Vezet\u0151je, Gazdas\u00e1gi Vezet\u0151je!<\/p>\n<p>Tisztelt Bels\u0151 Klinikai T\u00f6mb Vezet\u0151je, Gazdas\u00e1gi Vezet\u0151je!<\/p>\n<p>Tisztelt Onkol\u00f3giai K\u00f6zpont Vezet\u0151je, Gazdas\u00e1gi Vezet\u0151je!<\/p>\n<p>Tisztelt Konzerv\u00e1l\u00f3 Fog\u00e1szati Klinika Vezet\u0151je, Gazdas\u00e1gi Vezet\u0151je!<\/p>\n<p>Tisztelt Parodontol\u00f3giai Klinika Vezet\u0151je, Gazdas\u00e1gi Vezet\u0151je!<\/p>\n<p>Tisztelt Fogp\u00f3tl\u00e1stani Klinika Vezet\u0151je, Gazdas\u00e1gi Vezet\u0151je!<\/p>\n<p>Tisztelt Fog\u00e1szati \u00e9s Sz\u00e1jseb\u00e9szti Oktat\u00e1si Int\u00e9zet Vezet\u0151je, Gazdas\u00e1gi Vezet\u0151je!<\/p>\n<p>Tisztelt Gyermekfog\u00e1szati \u00e9s Fogszab\u00e1lyoz\u00e1si Klinika Vezet\u0151je, Gazdas\u00e1gi Vezet\u0151je!<\/p>\n<p>Tisztelt K\u00daT Klinikai T\u00f6mb Vezet\u0151je, Gazdas\u00e1gi Vezet\u0151je!<\/p>\n<p>Tisztelt Transzplant\u00e1ci\u00f3s \u00e9s Seb\u00e9szeti Klinika Vezet\u0151je, Gazdas\u00e1gi Vezet\u0151je!<\/p>\n<p>Tisztelt MR Kutat\u00f3 K\u00f6zpont Vezet\u0151je, Gazdas\u00e1gi Vezet\u0151je!<\/p>\n<p>Tisztelt Mellkasseb\u00e9szeti Klinika Vezet\u0151je, Gazdas\u00e1gi Vezet\u0151je!<\/p>\n<p>Tisztelt Eg\u00e9szs\u00e9g\u00fcgyi H\u00e1l\u00f3zat-lr\u00e1ny\u00edt\u00e1si Igazgat\u00f3s\u00e1g Vezet\u0151je, Gazdas\u00e1gi Vezet\u0151je!<\/p>\n<p>&nbsp;<\/p>\n<p>T\u00e1j\u00e9koztatom, hogy a TIOP-2.2.8-14-2015-0002 \u00e9s TIOP-2.3.3-1361-2014-0001 projektek keret\u00e9ben az Egyetem \u00e1ltal \u00e1tvett eszk\u00f6z\u00f6k a k\u00f6telezetts\u00e9gv\u00e1llal\u00e1si nyilatkozatban foglaltak alapj\u00e1n az Egyetem haszn\u00e1lat\u00e1ba ker\u00fcltek, azonban az \u00c1llami Eg\u00e9szs\u00e9g\u00fcgyi Ell\u00e1t\u00f3 K\u00f6zpont (\u00c1EEK) kiz\u00e1r\u00f3lagos tulajdon\u00e1t k\u00e9pezik. Az \u00c1EEK felsz\u00f3l\u00edt\u00e1sa alapj\u00e1n a projektben \u00e9rintett minden szervezeti egys\u00e9gnek azonnali adatszolg\u00e1ltat\u00e1si k\u00f6telezetts\u00e9get kell teljes\u00edtenie. A mell\u00e9kelt t\u00e1bl\u00e1zat tartalmazza az adatszolg\u00e1ltat\u00e1ssal \u00e9rintett eszk\u00f6z\u00f6kre vonatkoz\u00f3 inform\u00e1ci\u00f3kat.<\/p>\n<p>A lelt\u00e1roz\u00e1sra vonatkoz\u00f3 \u00c1EEK \u00e1ltal elv\u00e1rt inform\u00e1ci\u00f3k:<\/p>\n<p>\u00a0a lelt\u00e1rozott helysz\u00edn megnevez\u00e9se a lelt\u00e1roz\u00e1s megkezd\u00e9s\u00e9nek \u00e9s befejez\u00e9s\u00e9nek kelte \u00a0a lelt\u00e1roz\u00f3k, lelt\u00e1rellen\u00f3r\u00f6k, lelt\u00e1rfelel\u00f3s\u00f6k neve, al\u00e1\u00edr\u00e1sa \u00a0a lelt\u00e1r\u00e9rt anyagilag felel\u0151s szem\u00e9ly nyilatkozata, hogy a lelt\u00e1r megfelel a val\u00f3s\u00e1gnak, az abban szerepl\u0151 adatok\u00e9rt felel\u0151ss\u00e9get v\u00e1llal \u00a0a lelt\u00e1roz\u00e1ssal szembeni esetleges kifog\u00e1sok \u00a0lelt\u00e1ri elt\u00e9r\u00e9sek \u00a0felel\u0151s vezet\u0151 neve, al\u00e1\u00edr\u00e1sa.<\/p>\n<p>Tekintettel arra, hogy az eszk\u00f6z\u00f6k jelenlegi st\u00e1tusz\u00e1r\u00f3l a TIOP projektben r\u00e9szt vev\u0151 szervezeti egys\u00e9gek k\u00f6telesek sz\u00e1mot adni, ez\u00e9rt k\u00e9rem a mell\u00e9kelt eszk\u00f6z\u00f6k lelt\u00e1roz\u00e1s\u00e1ra vonatkoz\u00f3 adatszolg\u00e1ltat\u00e1si t\u00e1bl\u00e1zatnak \u00e9s a lelt\u00e1rk\u00e9sz\u00edt\u00e9si \u00e9s lelt\u00e1rkezel\u00e9si szab\u00e1lyzat 6. sz\u00e1m\u00fa mell\u00e9klet\u00e9nek kit\u00f6lt\u00e9s\u00e9t \u00e9s elk\u00fcld\u00e9s\u00e9t scannelt form\u00e1ban 2019. december 15-i hat\u00e1rid\u0151vel <u>toth.orsoly_a@semmelweis-univ.hu<\/u> mail c\u00edmre, 1 p\u00e9ld\u00e1nyt eredetben pedig a 1085 Budapest, R\u00f6kk Szil\u00e1rd utca 13. \/M\u0171szaki F\u0151igazgat\u00f3s\u00e1g Gazdas\u00e1gi Feladatait Ell\u00e1t\u00f3 Gazd\u00e1lkod\u00e1si Oszt\u00e1ly\/T\u00f3th Orsolya r\u00e9sz\u00e9re.<\/p>\n<p>Tisztelettel:<\/p>\n<p>Baumgartnern\u00e9 Holl\u00f3 Ir\u00e9n<\/p>\n<p><a href=\"https:\/\/semmelweis.hu\/gfi\/files\/2019\/11\/6.-sz\u00e1m\u00fa-mell\u00e9klet.pdf\">6. sz\u00e1m\u00fa mell\u00e9klet<\/a><\/p>\n<p><a href=\"https:\/\/semmelweis.hu\/gfi\/files\/2019\/11\/Adatszolg_uni\u00f3s-proj.pdf\">Adatszolg_uni\u00f3s proj<\/a><\/p>\n<p><a href=\"https:\/\/semmelweis.hu\/gfi\/files\/2019\/11\/TIOP-adatszolg\u00e1ltat\u00e1s-t\u00e1bl\u00e1zat_1.xlsx\">TIOP adatszolg\u00e1ltat\u00e1s t\u00e1bl\u00e1zat_1<\/a><\/p>\n<p><a href=\"https:\/\/semmelweis.hu\/gfi\/files\/2019\/11\/TIOP-eszk\u00f6z\u00f6k_1.xls\">TIOP eszk\u00f6z\u00f6k_1<\/a><\/p>\n<p><a href=\"https:\/\/semmelweis.hu\/gfi\/files\/2019\/11\/Smfigfegoko19111212370.docx\">Smfigfegoko19111212370<\/a><\/p>\n<p><a href=\"https:\/\/semmelweis.hu\/gfi\/files\/2019\/11\/20191115112208954.pdf\">20191115112208954<\/a><\/p>\n","protected":false},"excerpt":{"rendered":"<p>&nbsp; Tisztelt I. Belgy\u00f3gy\u00e1szati Klinika Vezet\u0151je, Gazdas\u00e1gi Vezet\u0151je! Tisztelt II. Belgy\u00f3gy\u00e1szati Klinika Vezet\u0151je, Gazdas\u00e1gi Vezet\u0151je! Tisztelt I. Seb\u00e9szeti Klinika Vezet\u0151je, Gazdas\u00e1gi Vezet\u0151je! Tisztelt II. Seb\u00e9szeti Klinika Vezet\u0151je, Gazdas\u00e1gi Vezet\u0151je! Tisztelt V\u00e1rosmajori Klinika Vezet\u0151je, Gazdas\u00e1gi Vezet\u0151je! Tisztelt I. Sz\u00fcl\u00e9szeti \u00e9s N\u0151gy\u00f3gy\u00e1szati Klinika Vezet\u0151je, Gazdas\u00e1gi Vezet\u0151je! Tisztelt II. Sz\u00fcl\u00e9szeti \u00e9s N\u0151gy\u00f3gy\u00e1szati Klinika Vezet\u0151je, Gazdas\u00e1gi Vezet\u0151je! Tisztelt I. &hellip;<\/p>\n","protected":false},"author":101489,"featured_media":0,"comment_status":"closed","ping_status":"closed","sticky":false,"template":"","format":"standard","meta":{"_acf_changed":false,"footnotes":""},"categories":[7],"tags":[],"class_list":["post-75603","post","type-post","status-publish","format-standard","hentry","category-hirek"],"acf":[],"_links":{"self":[{"href":"https:\/\/semmelweis.hu\/gfi\/wp-json\/wp\/v2\/posts\/75603","targetHints":{"allow":["GET"]}}],"collection":[{"href":"https:\/\/semmelweis.hu\/gfi\/wp-json\/wp\/v2\/posts"}],"about":[{"href":"https:\/\/semmelweis.hu\/gfi\/wp-json\/wp\/v2\/types\/post"}],"author":[{"embeddable":true,"href":"https:\/\/semmelweis.hu\/gfi\/wp-json\/wp\/v2\/users\/101489"}],"replies":[{"embeddable":true,"href":"https:\/\/semmelweis.hu\/gfi\/wp-json\/wp\/v2\/comments?post=75603"}],"version-history":[{"count":2,"href":"https:\/\/semmelweis.hu\/gfi\/wp-json\/wp\/v2\/posts\/75603\/revisions"}],"predecessor-version":[{"id":75611,"href":"https:\/\/semmelweis.hu\/gfi\/wp-json\/wp\/v2\/posts\/75603\/revisions\/75611"}],"wp:attachment":[{"href":"https:\/\/semmelweis.hu\/gfi\/wp-json\/wp\/v2\/media?parent=75603"}],"wp:term":[{"taxonomy":"category","embeddable":true,"href":"https:\/\/semmelweis.hu\/gfi\/wp-json\/wp\/v2\/categories?post=75603"},{"taxonomy":"post_tag","embeddable":true,"href":"https:\/\/semmelweis.hu\/gfi\/wp-json\/wp\/v2\/tags?post=75603"}],"curies":[{"name":"wp","href":"https:\/\/api.w.org\/{rel}","templated":true}]}}