{"id":75549,"date":"2019-10-16T10:57:00","date_gmt":"2019-10-16T08:57:00","guid":{"rendered":"http:\/\/semmelweis.hu\/gfi\/?p=75549"},"modified":"2019-10-16T10:57:00","modified_gmt":"2019-10-16T08:57:00","slug":"kozbeszerzesi-szerzodeskotes-a-bluemed-kft-vel-47546-gfibszi-2019","status":"publish","type":"post","link":"https:\/\/semmelweis.hu\/gfi\/2019\/10\/16\/kozbeszerzesi-szerzodeskotes-a-bluemed-kft-vel-47546-gfibszi-2019\/","title":{"rendered":"K\u00f6zbeszerz\u00e9si szerz\u0151d\u00e9sk\u00f6t\u00e9s a Bluemed Kft-vel. 47546\/GFIBSZI\/2019."},"content":{"rendered":"<p>T\u00e1j\u00e9koztatjuk \u00d6n\u00f6ket arr\u00f3l, hogy a Semmelweis Egyetem \u00e9s a Bluemed Kft. k\u00f6z\u00f6tt 2019.10.15-\u00e9n, k\u00f6zbeszerz\u00e9si elj\u00e1r\u00e1s eredm\u00e9nyek\u00e9ppen megk\u00f6t\u00f6tt <strong><em>\u201ePr\u00e9mium kateg\u00f3ri\u00e1s neurol\u00f3giai c\u00e9l\u00fa ultrahang beszerz\u00e9se<\/em>\u201d <\/strong>t\u00e1rgy\u00fa szerz\u0151d\u00e9s adatait az SAP rendszerben az al\u00e1bbiak szerint r\u00f6gz\u00edtett\u00fck.<\/p>\n<p>A szerz\u0151d\u00e9s SAP sz\u00e1ma:<strong> 4619005262 <\/strong>(a szerz\u0151d\u00e9s szkennelt p\u00e9ld\u00e1nya az SAP-b\u00f3l let\u00f6lthet\u0151)<\/p>\n<p>Kedvezm\u00e9nyezett: <strong>Neurol\u00f3giai Klinika<\/strong><\/p>\n<p>A szerz\u0151d\u00e9s nett\u00f3 \u00f6sszege: <strong>20.970.000,-Ft<\/strong>.<\/p>\n<p>A szerz\u0151d\u00e9s futamideje: <strong>2019.10.15 \u2013 2019.12.15.<\/strong><\/p>\n<table style=\"width: 75.77%\">\n<tbody>\n<tr>\n<td style=\"width: 37.9%\">Budapest, 2019. okt\u00f3ber 16.<\/td>\n<td style=\"width: 28.7%\">\u00a0<\/td>\n<td style=\"width: 33.22%\">\u00a0<\/td>\n<\/tr>\n<tr>\n<td style=\"width: 37.9%\">\n<p>&nbsp;<\/p>\n<p>&nbsp;<\/p>\n<\/td>\n<td style=\"width: 28.7%\">\u00a0<\/td>\n<td style=\"width: 33.22%\">\n<p>Beszerz\u00e9si Igazgat\u00f3s\u00e1g<\/p>\n<p>&nbsp;<\/p>\n<\/td>\n<\/tr>\n<tr>\n<td style=\"width: 37.9%\">\n<p>&nbsp;<\/p>\n<\/td>\n<td style=\"width: 28.7%\">\n<p>&nbsp;<\/p>\n<\/td>\n<td style=\"width: 33.22%\">\n<p>&nbsp;<\/p>\n<\/td>\n<\/tr>\n<\/tbody>\n<\/table>\n","protected":false},"excerpt":{"rendered":"<p>T\u00e1j\u00e9koztatjuk \u00d6n\u00f6ket arr\u00f3l, hogy a Semmelweis Egyetem \u00e9s a Bluemed Kft. k\u00f6z\u00f6tt 2019.10.15-\u00e9n, k\u00f6zbeszerz\u00e9si elj\u00e1r\u00e1s eredm\u00e9nyek\u00e9ppen megk\u00f6t\u00f6tt \u201ePr\u00e9mium kateg\u00f3ri\u00e1s neurol\u00f3giai c\u00e9l\u00fa ultrahang beszerz\u00e9se\u201d t\u00e1rgy\u00fa szerz\u0151d\u00e9s adatait az SAP rendszerben az al\u00e1bbiak szerint r\u00f6gz\u00edtett\u00fck. A szerz\u0151d\u00e9s SAP sz\u00e1ma: 4619005262 (a szerz\u0151d\u00e9s szkennelt p\u00e9ld\u00e1nya az SAP-b\u00f3l let\u00f6lthet\u0151) Kedvezm\u00e9nyezett: Neurol\u00f3giai Klinika A szerz\u0151d\u00e9s nett\u00f3 \u00f6sszege: 20.970.000,-Ft. A szerz\u0151d\u00e9s &hellip;<\/p>\n","protected":false},"author":101488,"featured_media":0,"comment_status":"closed","ping_status":"closed","sticky":false,"template":"","format":"standard","meta":{"_acf_changed":false,"footnotes":""},"categories":[7],"tags":[9],"class_list":["post-75549","post","type-post","status-publish","format-standard","hentry","category-hirek","tag-gfi"],"acf":[],"_links":{"self":[{"href":"https:\/\/semmelweis.hu\/gfi\/wp-json\/wp\/v2\/posts\/75549","targetHints":{"allow":["GET"]}}],"collection":[{"href":"https:\/\/semmelweis.hu\/gfi\/wp-json\/wp\/v2\/posts"}],"about":[{"href":"https:\/\/semmelweis.hu\/gfi\/wp-json\/wp\/v2\/types\/post"}],"author":[{"embeddable":true,"href":"https:\/\/semmelweis.hu\/gfi\/wp-json\/wp\/v2\/users\/101488"}],"replies":[{"embeddable":true,"href":"https:\/\/semmelweis.hu\/gfi\/wp-json\/wp\/v2\/comments?post=75549"}],"version-history":[{"count":1,"href":"https:\/\/semmelweis.hu\/gfi\/wp-json\/wp\/v2\/posts\/75549\/revisions"}],"predecessor-version":[{"id":75550,"href":"https:\/\/semmelweis.hu\/gfi\/wp-json\/wp\/v2\/posts\/75549\/revisions\/75550"}],"wp:attachment":[{"href":"https:\/\/semmelweis.hu\/gfi\/wp-json\/wp\/v2\/media?parent=75549"}],"wp:term":[{"taxonomy":"category","embeddable":true,"href":"https:\/\/semmelweis.hu\/gfi\/wp-json\/wp\/v2\/categories?post=75549"},{"taxonomy":"post_tag","embeddable":true,"href":"https:\/\/semmelweis.hu\/gfi\/wp-json\/wp\/v2\/tags?post=75549"}],"curies":[{"name":"wp","href":"https:\/\/api.w.org\/{rel}","templated":true}]}}