{"id":75421,"date":"2019-07-30T14:15:47","date_gmt":"2019-07-30T12:15:47","guid":{"rendered":"http:\/\/semmelweis.hu\/gfi\/?p=75421"},"modified":"2019-07-30T14:15:47","modified_gmt":"2019-07-30T12:15:47","slug":"73499-gfipui-2019-likviditasi-terv-kerese-futo-projektekre-palyazatokra-vonatkozoan","status":"publish","type":"post","link":"https:\/\/semmelweis.hu\/gfi\/2019\/07\/30\/73499-gfipui-2019-likviditasi-terv-kerese-futo-projektekre-palyazatokra-vonatkozoan\/","title":{"rendered":"73499\/GFIP\u00dcI\/2019. Likvidit\u00e1si terv k\u00e9r\u00e9se fut\u00f3 projektekre, p\u00e1ly\u00e1zatokra vonatkoz\u00f3an"},"content":{"rendered":"<p>Az Egyetemnek a Miniszt\u00e9rium (fenntart\u00f3) fel\u00e9 likvidit\u00e1si tervet kell k\u00e9sz\u00edtenie a 2019. \u00e9vben, illetve az azt k\u00f6vet\u0151 \u00e9vekre vonatkoz\u00f3an a v\u00e1rhat\u00f3 bev\u00e9telekr\u0151l \u00e9s tervezett kifizet\u00e9sekr\u0151l havi \u00fctemez\u00e9ssel.<\/p>\n<p>A fentiek alapj\u00e1n az Egyetem 2019. \u00e9vi likvidit\u00e1si terv\u00e9nek elk\u00e9sz\u00edt\u00e9s\u00e9hez, sz\u00edveskedjenek a mell\u00e9kelt t\u00e1bl\u00e1zat szerint megadni havi bont\u00e1sban a v\u00e1rhat\u00f3 p\u00e9nzforgalmi kiad\u00e1st k\u00f6lts\u00e9gnemenk\u00e9nti (ERA) bont\u00e1sban, a szerz\u0151d\u00e9s szerinti \u00fctemnek (a projektek teljes futamidej\u00e9re vonatkoz\u00f3an) megfelel\u0151en a fut\u00f3 p\u00e1ly\u00e1zatok (NVKP, VEKOP, EFOP, KEHOP, FIKP, TKP, stb.), Korm. hat. alapj\u00e1n kapott t\u00e1mogat\u00e1sok eset\u00e9ben.<\/p>\n<p>Az adatszolg\u00e1ltat\u00e1st 2019. 09.,10.,11.,12. h\u00f3napokra k\u00e9rn\u00e9nk elk\u00e9sz\u00edteni, valamint 2019.01.h\u00f3-12. h\u00f3-ig \u00f6sszesen. Az adatszolg\u00e1ltat\u00e1st havonta k\u00e9rn\u00e9nk friss\u00edteni a tervsz\u00e1mok mellett a havi t\u00e9nyleges kifizet\u00e9sek adataival. Az adatszolg\u00e1ltat\u00e1st a h\u00f3nap utols\u00f3 munkanapj\u00e1n (2019.07.31; 2019.08.31; 2019.09.30; 2019.10.30; 2019.11.29; 2019.12.30) k\u00e9rj\u00fck megk\u00fcldeni a titkarsag.penzugy@semmelweis-univ.hu email c\u00edmre.<br \/>\nAz Egyetem likvidit\u00e1si terve a megk\u00fcld\u00f6tt adatszolg\u00e1ltat\u00e1sok (likvidit\u00e1si tervek) alapj\u00e1n ker\u00fcl \u00f6ssze\u00e1ll\u00edt\u00e1sra, melynek felad\u00e1si hat\u00e1rideje mindig a t\u00e1rgyh\u00f3 3. napja. Erre tekintettel k\u00e9rj\u00fck, az adatszolg\u00e1ltat\u00e1si hat\u00e1rid\u0151k pontos betart\u00e1s\u00e1t.<br \/>\nAmennyiben a t\u00e1rgyh\u00f3napban nem v\u00e1rhat\u00f3 bev\u00e9tel \u00e9s kiad\u00e1s, abban az esetben is k\u00e9rj\u00fck az adatszolg\u00e1ltat\u00e1s nemlegesk\u00e9nt (null\u00e1sk\u00e9nt kit\u00f6lt\u00f6tt likvidit\u00e1si terv) val\u00f3 megk\u00fcld\u00e9s\u00e9t.<\/p>\n<p>Az \u00e9v v\u00e9gi \u00f6sszesen adatot 2019. 11. 29-re meg kell ism\u00e9telni.<\/p>\n<p>Amennyiben a szeptember \u00e9s november h\u00f3napban megadott v\u00e1rhat\u00f3 \u00f6sszesen kiad\u00e1s \u00e9s a t\u00e9nyleges kifizet\u00e9s k\u00f6z\u00f6tti k\u00fcl\u00f6nbs\u00e9g meghaladja a +\/-3 %-ot, akkor a tervt\u0151l val\u00f3 elt\u00e9r\u00e9s indokol\u00e1sa sz\u00fcks\u00e9ges. A likvidit\u00e1si terv elk\u00e9sz\u00edt\u00e9s\u00e9t jogszab\u00e1ly \u00edrja el\u0151, amennyiben a v\u00e1rhat\u00f3 kiad\u00e1sok a +\/-3%-ot meghaladj\u00e1k \u00e9s az elt\u00e9r\u00e9s indokl\u00e1s\u00e1t az EMMI, valamint a PM nem fogadja el, \u00fagy p\u00e9nzb\u00fcntet\u00e9st szabhatnak ki az Egyetemre.<\/p>\n<p>A likvidit\u00e1si terveket k\u00e9rn\u00e9nk a lehet\u0151 legpontosabban sz\u00edveskedjenek elk\u00e9sz\u00edteni a mell\u00e9kletk\u00e9nt csatolt excel t\u00e1bla alkalmaz\u00e1s\u00e1val.<\/p>\n<p>Budapest, 2019. j\u00falius 29.<\/p>\n<p>Tisztelettel:<\/p>\n<p>Reif L\u00e1szl\u00f3n\u00e9<\/p>\n<p>Mell\u00e9klet:<br \/>\nLikvidit\u00e1stervez\u0151 sablon<\/p>\n<p><a href=\"https:\/\/semmelweis.hu\/gfi\/files\/2019\/07\/likvidit\u00e1stervez\u0151-sablon-2.xlsx\">likvidit\u00e1stervez\u0151 sablon<\/a><\/p>\n","protected":false},"excerpt":{"rendered":"<p>Az Egyetemnek a Miniszt\u00e9rium (fenntart\u00f3) fel\u00e9 likvidit\u00e1si tervet kell k\u00e9sz\u00edtenie a 2019. \u00e9vben, illetve az azt k\u00f6vet\u0151 \u00e9vekre vonatkoz\u00f3an a v\u00e1rhat\u00f3 bev\u00e9telekr\u0151l \u00e9s tervezett kifizet\u00e9sekr\u0151l havi \u00fctemez\u00e9ssel. A fentiek alapj\u00e1n az Egyetem 2019. \u00e9vi likvidit\u00e1si terv\u00e9nek elk\u00e9sz\u00edt\u00e9s\u00e9hez, sz\u00edveskedjenek a mell\u00e9kelt t\u00e1bl\u00e1zat szerint megadni havi bont\u00e1sban a v\u00e1rhat\u00f3 p\u00e9nzforgalmi kiad\u00e1st k\u00f6lts\u00e9gnemenk\u00e9nti (ERA) bont\u00e1sban, a szerz\u0151d\u00e9s szerinti &hellip;<\/p>\n","protected":false},"author":101488,"featured_media":0,"comment_status":"closed","ping_status":"closed","sticky":false,"template":"","format":"standard","meta":{"_acf_changed":false,"footnotes":""},"categories":[7],"tags":[10],"class_list":["post-75421","post","type-post","status-publish","format-standard","hentry","category-hirek","tag-penzugy"],"acf":[],"_links":{"self":[{"href":"https:\/\/semmelweis.hu\/gfi\/wp-json\/wp\/v2\/posts\/75421","targetHints":{"allow":["GET"]}}],"collection":[{"href":"https:\/\/semmelweis.hu\/gfi\/wp-json\/wp\/v2\/posts"}],"about":[{"href":"https:\/\/semmelweis.hu\/gfi\/wp-json\/wp\/v2\/types\/post"}],"author":[{"embeddable":true,"href":"https:\/\/semmelweis.hu\/gfi\/wp-json\/wp\/v2\/users\/101488"}],"replies":[{"embeddable":true,"href":"https:\/\/semmelweis.hu\/gfi\/wp-json\/wp\/v2\/comments?post=75421"}],"version-history":[{"count":3,"href":"https:\/\/semmelweis.hu\/gfi\/wp-json\/wp\/v2\/posts\/75421\/revisions"}],"predecessor-version":[{"id":75424,"href":"https:\/\/semmelweis.hu\/gfi\/wp-json\/wp\/v2\/posts\/75421\/revisions\/75424"}],"wp:attachment":[{"href":"https:\/\/semmelweis.hu\/gfi\/wp-json\/wp\/v2\/media?parent=75421"}],"wp:term":[{"taxonomy":"category","embeddable":true,"href":"https:\/\/semmelweis.hu\/gfi\/wp-json\/wp\/v2\/categories?post=75421"},{"taxonomy":"post_tag","embeddable":true,"href":"https:\/\/semmelweis.hu\/gfi\/wp-json\/wp\/v2\/tags?post=75421"}],"curies":[{"name":"wp","href":"https:\/\/api.w.org\/{rel}","templated":true}]}}