{"id":75291,"date":"2019-06-19T16:02:31","date_gmt":"2019-06-19T14:02:31","guid":{"rendered":"http:\/\/semmelweis.hu\/gfi\/?p=75291"},"modified":"2019-06-19T16:02:31","modified_gmt":"2019-06-19T14:02:31","slug":"minimum-berleti-dijak-es-a-kozuzemi-koltsegekre-vonatkozo-atalanydijak-meghatarozasa-2019-07-01-tol-iktsz-64457-gfivgi-2019","status":"publish","type":"post","link":"https:\/\/semmelweis.hu\/gfi\/2019\/06\/19\/minimum-berleti-dijak-es-a-kozuzemi-koltsegekre-vonatkozo-atalanydijak-meghatarozasa-2019-07-01-tol-iktsz-64457-gfivgi-2019\/","title":{"rendered":"Minimum b\u00e9rleti d\u00edjak \u00e9s a k\u00f6z\u00fczemi k\u00f6lts\u00e9gekre vonatkoz\u00f3 \u00e1tal\u00e1nyd\u00edjak meghat\u00e1roz\u00e1sa 2019. 07. 01-t\u0151l Iktsz: 64457\/GFIVGI\/2019"},"content":{"rendered":"<p>GAZDAS\u00c1GI F\u0150IGAZGAT\u00d3I T\u00c1J\u00c9KOZTAT\u00d3<br \/>\negyetemi szervezeti egys\u00e9gek vezet\u0151inek \u00e9s gazdas\u00e1gi \u00fcgyek\u00e9rt felel\u0151s vezet\u0151inek<\/p>\n<p><strong>Tisztelt Vezet\u0151 Asszony\/\u00dar!<\/strong><\/p>\n<p>1. A Semmelweis Egyetem Vagyongazd\u00e1lkod\u00e1si szab\u00e1lyzat\u00e1nak 4.4.2. c) pontja alapj\u00e1n 2019-ben a b\u00e9rbead\u00e1ssal \u00f6sszef\u00fcgg\u0151 \u00e1rak \u00e9s d\u00edjak meghat\u00e1roz\u00e1s\u00e1n\u00e1l 2019. j\u00falius 01-t\u0151l a jelen utas\u00edt\u00e1shoz csatolt 1. sz\u00e1m\u00fa mell\u00e9kletben szerepl\u0151 aktualiz\u00e1lt tipiz\u00e1lt minimum b\u00e9rleti d\u00edjakat kell minimum d\u00edjnak tekinteni.<br \/>\nA piaci \u00e9rt\u00e9k alapj\u00e1n meghat\u00e1rozott tipiz\u00e1lt minimum b\u00e9rleti d\u00edjakat a b\u00e9rbead\u00f3 szervezeti egys\u00e9gnek a b\u00e9rbe adand\u00f3 helyis\u00e9gre vonatkoz\u00f3 \u00f6nk\u00f6lts\u00e9g\u00e9vel \u00f6ssze kell vetni\u00fck. <br \/>\nA b\u00e9rleti d\u00edjszab\u00e1snak meg kell haladnia a b\u00e9rlem\u00e9ny \u00f6nk\u00f6lts\u00e9g\u00e9t.<\/p>\n<p>\n2. A Testnevel\u00e9si \u00e9s Sportk\u00f6zpont, Sporttelep minimum b\u00e9rleti d\u00edjai k\u00fcl\u00f6n k\u00f6zz\u00e9t\u00e9telben ker\u00fclnek szab\u00e1lyoz\u00e1sra.<\/p>\n<p>\n3. A k\u00f6z\u00fczemi k\u00f6lts\u00e9gek eset\u00e9ben, amennyiben nincs egyedi m\u00e9r\u00e9sre lehet\u0151s\u00e9g, a 2. sz\u00e1m\u00fa mell\u00e9klet szerinti \u00e1tal\u00e1nyd\u00edj meg\u00e1llap\u00edt\u00e1st kell alkalmazni.<\/p>\n<p>Budapest, 2019. j\u00fanius 19.<\/p>\n<p>Tisztelettel:<\/p>\n<p>Baumgartnern\u00e9 Holl\u00f3 Ir\u00e9n<br \/>\ngazdas\u00e1gi f\u0151igazgat\u00f3<\/p>\n<p><a href=\"https:\/\/semmelweis.hu\/gfi\/files\/2019\/06\/2019_07_01-t\u0151l-\u00e9rv\u00e9nyes-tipiz\u00e1lt-minimum-b\u00e9rleti-d\u00edjak.pdf\">2019_07_01-t\u0151l \u00e9rv\u00e9nyes tipiz\u00e1lt minimum b\u00e9rleti d\u00edjak<\/a><\/p>\n","protected":false},"excerpt":{"rendered":"<p>GAZDAS\u00c1GI F\u0150IGAZGAT\u00d3I T\u00c1J\u00c9KOZTAT\u00d3 egyetemi szervezeti egys\u00e9gek vezet\u0151inek \u00e9s gazdas\u00e1gi \u00fcgyek\u00e9rt felel\u0151s vezet\u0151inek Tisztelt Vezet\u0151 Asszony\/\u00dar! 1. A Semmelweis Egyetem Vagyongazd\u00e1lkod\u00e1si szab\u00e1lyzat\u00e1nak 4.4.2. c) pontja alapj\u00e1n 2019-ben a b\u00e9rbead\u00e1ssal \u00f6sszef\u00fcgg\u0151 \u00e1rak \u00e9s d\u00edjak meghat\u00e1roz\u00e1s\u00e1n\u00e1l 2019. j\u00falius 01-t\u0151l a jelen utas\u00edt\u00e1shoz csatolt 1. sz\u00e1m\u00fa mell\u00e9kletben szerepl\u0151 aktualiz\u00e1lt tipiz\u00e1lt minimum b\u00e9rleti d\u00edjakat kell minimum d\u00edjnak tekinteni. A piaci &hellip;<\/p>\n","protected":false},"author":101489,"featured_media":0,"comment_status":"closed","ping_status":"closed","sticky":false,"template":"","format":"standard","meta":{"_acf_changed":false,"footnotes":""},"categories":[7],"tags":[],"class_list":["post-75291","post","type-post","status-publish","format-standard","hentry","category-hirek"],"acf":[],"_links":{"self":[{"href":"https:\/\/semmelweis.hu\/gfi\/wp-json\/wp\/v2\/posts\/75291","targetHints":{"allow":["GET"]}}],"collection":[{"href":"https:\/\/semmelweis.hu\/gfi\/wp-json\/wp\/v2\/posts"}],"about":[{"href":"https:\/\/semmelweis.hu\/gfi\/wp-json\/wp\/v2\/types\/post"}],"author":[{"embeddable":true,"href":"https:\/\/semmelweis.hu\/gfi\/wp-json\/wp\/v2\/users\/101489"}],"replies":[{"embeddable":true,"href":"https:\/\/semmelweis.hu\/gfi\/wp-json\/wp\/v2\/comments?post=75291"}],"version-history":[{"count":3,"href":"https:\/\/semmelweis.hu\/gfi\/wp-json\/wp\/v2\/posts\/75291\/revisions"}],"predecessor-version":[{"id":75296,"href":"https:\/\/semmelweis.hu\/gfi\/wp-json\/wp\/v2\/posts\/75291\/revisions\/75296"}],"wp:attachment":[{"href":"https:\/\/semmelweis.hu\/gfi\/wp-json\/wp\/v2\/media?parent=75291"}],"wp:term":[{"taxonomy":"category","embeddable":true,"href":"https:\/\/semmelweis.hu\/gfi\/wp-json\/wp\/v2\/categories?post=75291"},{"taxonomy":"post_tag","embeddable":true,"href":"https:\/\/semmelweis.hu\/gfi\/wp-json\/wp\/v2\/tags?post=75291"}],"curies":[{"name":"wp","href":"https:\/\/api.w.org\/{rel}","templated":true}]}}