{"id":75253,"date":"2019-05-30T10:50:11","date_gmt":"2019-05-30T08:50:11","guid":{"rendered":"http:\/\/semmelweis.hu\/gfi\/?p=75253"},"modified":"2019-05-30T10:50:11","modified_gmt":"2019-05-30T08:50:11","slug":"vevoi-szerzodestar-iktsz-59201-ksgfi-2019","status":"publish","type":"post","link":"https:\/\/semmelweis.hu\/gfi\/2019\/05\/30\/vevoi-szerzodestar-iktsz-59201-ksgfi-2019\/","title":{"rendered":"Vev\u0151i szerz\u0151d\u00e9st\u00e1r   Iktsz: 59201\/KSGFI\/2019"},"content":{"rendered":"<p><strong>T\u00e1j\u00e9koztat\u00f3<\/strong><\/p>\n<p>az egyetem szervezeti egys\u00e9gei vezet\u0151inek \u00e9s a gazdas\u00e1gi \u00fcgyek\u00e9rt felel\u0151s vezet\u0151inek<\/p>\n<p>2019. j\u00fanius 1-t\u0151l k\u00f6telez\u0151 az SAP-ban a vev\u0151i szerz\u0151d\u00e9st\u00e1r haszn\u00e1lata. Amennyiben az \u00fcgyletr\u0151l az Egyetem egy\u00e9b szab\u00e1lyzatainak el\u0151\u00edr\u00e1sa alapj\u00e1n k\u00f6telez\u0151 szerz\u0151d\u00e9st k\u00f6tni, abban az esetben a megk\u00f6t\u00f6tt szerz\u0151d\u00e9seket r\u00f6gz\u00edteni kell az SAP szerz\u0151d\u00e9st\u00e1rban, majd sz\u00e1mlak\u00e9sz\u00edt\u00e9s sor\u00e1n k\u00f6telez\u0151 a szerz\u0151d\u00e9s csatol\u00e1sa a ki\u00e1ll\u00edtott sz\u00e1ml\u00e1hoz az SAP rendszerben.<\/p>\n<p>Budapest, 2019. m\u00e1jus 29.<\/p>\n<p>Tisztelettel:<\/p>\n<p>Baumgartnern\u00e9 Holl\u00f3 Ir\u00e9n<\/p>\n<p>gazdas\u00e1gi f\u0151igazgat\u00f3<\/p>\n<p><a href=\"https:\/\/semmelweis.hu\/gfi\/files\/2019\/05\/vev\u0151i-szerz\u0151d\u00e9st\u00e1r.pdf\">vev\u0151i szerz\u0151d\u00e9st\u00e1r<\/a><\/p>\n","protected":false},"excerpt":{"rendered":"<p>T\u00e1j\u00e9koztat\u00f3 az egyetem szervezeti egys\u00e9gei vezet\u0151inek \u00e9s a gazdas\u00e1gi \u00fcgyek\u00e9rt felel\u0151s vezet\u0151inek 2019. j\u00fanius 1-t\u0151l k\u00f6telez\u0151 az SAP-ban a vev\u0151i szerz\u0151d\u00e9st\u00e1r haszn\u00e1lata. Amennyiben az \u00fcgyletr\u0151l az Egyetem egy\u00e9b szab\u00e1lyzatainak el\u0151\u00edr\u00e1sa alapj\u00e1n k\u00f6telez\u0151 szerz\u0151d\u00e9st k\u00f6tni, abban az esetben a megk\u00f6t\u00f6tt szerz\u0151d\u00e9seket r\u00f6gz\u00edteni kell az SAP szerz\u0151d\u00e9st\u00e1rban, majd sz\u00e1mlak\u00e9sz\u00edt\u00e9s sor\u00e1n k\u00f6telez\u0151 a szerz\u0151d\u00e9s csatol\u00e1sa a ki\u00e1ll\u00edtott sz\u00e1ml\u00e1hoz &hellip;<\/p>\n","protected":false},"author":101489,"featured_media":0,"comment_status":"closed","ping_status":"closed","sticky":false,"template":"","format":"standard","meta":{"_acf_changed":false,"footnotes":""},"categories":[7],"tags":[10],"class_list":["post-75253","post","type-post","status-publish","format-standard","hentry","category-hirek","tag-penzugy"],"acf":[],"_links":{"self":[{"href":"https:\/\/semmelweis.hu\/gfi\/wp-json\/wp\/v2\/posts\/75253","targetHints":{"allow":["GET"]}}],"collection":[{"href":"https:\/\/semmelweis.hu\/gfi\/wp-json\/wp\/v2\/posts"}],"about":[{"href":"https:\/\/semmelweis.hu\/gfi\/wp-json\/wp\/v2\/types\/post"}],"author":[{"embeddable":true,"href":"https:\/\/semmelweis.hu\/gfi\/wp-json\/wp\/v2\/users\/101489"}],"replies":[{"embeddable":true,"href":"https:\/\/semmelweis.hu\/gfi\/wp-json\/wp\/v2\/comments?post=75253"}],"version-history":[{"count":1,"href":"https:\/\/semmelweis.hu\/gfi\/wp-json\/wp\/v2\/posts\/75253\/revisions"}],"predecessor-version":[{"id":75255,"href":"https:\/\/semmelweis.hu\/gfi\/wp-json\/wp\/v2\/posts\/75253\/revisions\/75255"}],"wp:attachment":[{"href":"https:\/\/semmelweis.hu\/gfi\/wp-json\/wp\/v2\/media?parent=75253"}],"wp:term":[{"taxonomy":"category","embeddable":true,"href":"https:\/\/semmelweis.hu\/gfi\/wp-json\/wp\/v2\/categories?post=75253"},{"taxonomy":"post_tag","embeddable":true,"href":"https:\/\/semmelweis.hu\/gfi\/wp-json\/wp\/v2\/tags?post=75253"}],"curies":[{"name":"wp","href":"https:\/\/api.w.org\/{rel}","templated":true}]}}