{"id":75227,"date":"2019-04-26T14:09:06","date_gmt":"2019-04-26T12:09:06","guid":{"rendered":"http:\/\/semmelweis.hu\/gfi\/?p=75227"},"modified":"2019-04-26T14:19:46","modified_gmt":"2019-04-26T12:19:46","slug":"kozbeszerzesi-szerzodeskotes-a-med-en-trade-kft-vel-iktsz-33312-gfibszi-2019","status":"publish","type":"post","link":"https:\/\/semmelweis.hu\/gfi\/2019\/04\/26\/kozbeszerzesi-szerzodeskotes-a-med-en-trade-kft-vel-iktsz-33312-gfibszi-2019\/","title":{"rendered":"K\u00f6zbeszerz\u00e9si szerz\u0151d\u00e9sk\u00f6t\u00e9s a MED-EN Trade Kft-vel. Iktsz: 33312\/GFIBSZI\/2019"},"content":{"rendered":"<p>T \u00c1 J \u00c9 K O Z T A T \u00d3<\/p>\n<p>klinik\u00e1k, int\u00e9zetek, szervezeti egys\u00e9gek gazdas\u00e1gi vezet\u0151i r\u00e9sz\u00e9re<\/p>\n<p>Tisztelt Gazdas\u00e1gi Vezet\u0151 Asszony\/\u00dar!<\/p>\n<p>T\u00e1j\u00e9koztatjuk \u00d6n\u00f6ket arr\u00f3l, hogy a Semmelweis Egyetem \u00e9s a MED-EN Trade Kft. k\u00f6z\u00f6tt 2019.04.17-\u00e9n, k\u00f6zbeszerz\u00e9si elj\u00e1r\u00e1s eredm\u00e9nyek\u00e9ppen megk\u00f6t\u00f6tt \u201e1 db k\u00f6zepes felbont\u00e1s\u00fa ultrahang beszerz\u00e9se a VEKOP-2.3.3-15-2016-00006 azonos\u00edt\u00f3 sz\u00e1m\u00fa p\u00e1ly\u00e1zat alapj\u00e1n \u201d t\u00e1rgy\u00fa szerz\u0151d\u00e9s adatait az SAP rendszerben az al\u00e1bbiak szerint r\u00f6gz\u00edtett\u00fck.<\/p>\n<p>A szerz\u0151d\u00e9s SAP sz\u00e1ma: 4619002342 (a szerz\u0151d\u00e9s szkennelt p\u00e9ld\u00e1nya az SAP-b\u00f3l let\u00f6lthet\u0151)<br \/>\nA kedvezm\u00e9nyezett szervezeti egys\u00e9gek: \u00c9lettani Int\u00e9zet<br \/>\n\u00dczemeltet\u00e9s helye: V\u00e1rosmajori Sz\u00edv-\u00e9s \u00c9rgy\u00f3gy\u00e1szati Klinika<br \/>\nA szerz\u0151d\u00e9s nett\u00f3 \u00f6sszege: 28.948.923,-Ft.<br \/>\nA szerz\u0151d\u00e9s futamideje: 2019.04.17-2019.11.17<\/p>\n<p>Budapest, 2019. \u00c1prilis 26.<\/p>\n<p>\u00dcdv\u00f6zlettel: Beszerz\u00e9si Igazgat\u00f3s\u00e1g<\/p>\n<p><a href=\"https:\/\/semmelweis.hu\/gfi\/files\/2019\/04\/SAP-H\u00edrek_MED-EN-Trade-Kft.docx\">SAP H\u00edrek_MED-EN Trade Kft<\/a><\/p>\n","protected":false},"excerpt":{"rendered":"<p>T \u00c1 J \u00c9 K O Z T A T \u00d3 klinik\u00e1k, int\u00e9zetek, szervezeti egys\u00e9gek gazdas\u00e1gi vezet\u0151i r\u00e9sz\u00e9re Tisztelt Gazdas\u00e1gi Vezet\u0151 Asszony\/\u00dar! T\u00e1j\u00e9koztatjuk \u00d6n\u00f6ket arr\u00f3l, hogy a Semmelweis Egyetem \u00e9s a MED-EN Trade Kft. k\u00f6z\u00f6tt 2019.04.17-\u00e9n, k\u00f6zbeszerz\u00e9si elj\u00e1r\u00e1s eredm\u00e9nyek\u00e9ppen megk\u00f6t\u00f6tt \u201e1 db k\u00f6zepes felbont\u00e1s\u00fa ultrahang beszerz\u00e9se a VEKOP-2.3.3-15-2016-00006 azonos\u00edt\u00f3 sz\u00e1m\u00fa p\u00e1ly\u00e1zat alapj\u00e1n \u201d t\u00e1rgy\u00fa szerz\u0151d\u00e9s &hellip;<\/p>\n","protected":false},"author":101489,"featured_media":0,"comment_status":"closed","ping_status":"closed","sticky":false,"template":"","format":"standard","meta":{"_acf_changed":false,"footnotes":""},"categories":[7],"tags":[],"class_list":["post-75227","post","type-post","status-publish","format-standard","hentry","category-hirek"],"acf":[],"_links":{"self":[{"href":"https:\/\/semmelweis.hu\/gfi\/wp-json\/wp\/v2\/posts\/75227","targetHints":{"allow":["GET"]}}],"collection":[{"href":"https:\/\/semmelweis.hu\/gfi\/wp-json\/wp\/v2\/posts"}],"about":[{"href":"https:\/\/semmelweis.hu\/gfi\/wp-json\/wp\/v2\/types\/post"}],"author":[{"embeddable":true,"href":"https:\/\/semmelweis.hu\/gfi\/wp-json\/wp\/v2\/users\/101489"}],"replies":[{"embeddable":true,"href":"https:\/\/semmelweis.hu\/gfi\/wp-json\/wp\/v2\/comments?post=75227"}],"version-history":[{"count":1,"href":"https:\/\/semmelweis.hu\/gfi\/wp-json\/wp\/v2\/posts\/75227\/revisions"}],"predecessor-version":[{"id":75229,"href":"https:\/\/semmelweis.hu\/gfi\/wp-json\/wp\/v2\/posts\/75227\/revisions\/75229"}],"wp:attachment":[{"href":"https:\/\/semmelweis.hu\/gfi\/wp-json\/wp\/v2\/media?parent=75227"}],"wp:term":[{"taxonomy":"category","embeddable":true,"href":"https:\/\/semmelweis.hu\/gfi\/wp-json\/wp\/v2\/categories?post=75227"},{"taxonomy":"post_tag","embeddable":true,"href":"https:\/\/semmelweis.hu\/gfi\/wp-json\/wp\/v2\/tags?post=75227"}],"curies":[{"name":"wp","href":"https:\/\/api.w.org\/{rel}","templated":true}]}}