{"id":75147,"date":"2019-02-18T10:16:58","date_gmt":"2019-02-18T09:16:58","guid":{"rendered":"http:\/\/semmelweis.hu\/gfi\/?p=75147"},"modified":"2019-02-18T10:16:58","modified_gmt":"2019-02-18T09:16:58","slug":"berkoltseg-elszamolasi-jellemzo-adatbekero-22568-gfikoi-2019","status":"publish","type":"post","link":"https:\/\/semmelweis.hu\/gfi\/2019\/02\/18\/berkoltseg-elszamolasi-jellemzo-adatbekero-22568-gfikoi-2019\/","title":{"rendered":"B\u00e9rk\u00f6lts\u00e9g elsz\u00e1mol\u00e1si jellemz\u0151, adatbek\u00e9r\u0151 22568\/GFIKOI\/2019."},"content":{"rendered":"<p><strong>Tisztelt P\u00e9nz\u00fcgyi Ellenjegyz\u0151 Asszony\/\u00dar!<\/strong><\/p>\n<p>Az SAP rendszerben egy fejleszt\u00e9st hajtunk v\u00e9gre, amely k\u00f6vetkezt\u00e9ben a b\u00e9rk\u00f6lts\u00e9geknek a k\u00f6lts\u00e9ghelyek \u00e9s a rendel\u00e9sek k\u00f6z\u00f6tti elt\u00e9r\u00edt\u00e9s\u00e9nek kezel\u00e9se egy\u00e9rtelm\u0171bb\u00e9 v\u00e1lik. Ennek a fejleszt\u00e9snek az egyik l\u00e9p\u00e9se, hogy az SAP t\u00f6rzsadatk\u00e9nt nyilv\u00e1ntartott k\u00f6lts\u00e9ghelyek \u00e9s rendel\u00e9ssz\u00e1mok jellemz\u0151jek\u00e9nt r\u00f6gz\u00edteni fogjuk, hogy az adott k\u00f6lts\u00e9ghelyre vagy rendel\u00e9sre a b\u00e9rk\u00f6lts\u00e9gek mely t\u00edpusai sz\u00e1molhat\u00f3k el. <br \/>\nEzt h\u00e1rom kateg\u00f3ri\u00e1ba sorolva tudjuk r\u00f6gz\u00edteni a t\u00f6rzsadatokon, amelyek a k\u00f6vetkez\u0151k:<\/p>\n<p>1 \u2013 Kiz\u00e1r\u00f3lag illetm\u00e9ny<br \/>\n2 \u2013 Illetm\u00e9ny- \u00e9s t\u00e1voll\u00e9ti d\u00edj<br \/>\n3 \u2013 Illetm\u00e9ny- \u00e9s t\u00e1voll\u00e9ti d\u00edj, betegszabads\u00e1g<\/p>\n<p>A k\u00f6lts\u00e9ghelyek \u00e9s rendel\u00e9ssz\u00e1mok eset\u00e9ben az alap\u00e9rtelmezett be\u00e1ll\u00edt\u00e1s a 3-as t\u00edpus.<\/p>\n<p>Amennyiben az \u00d6n kezel\u00e9s\u00e9ben van olyan k\u00f6lts\u00e9ghely vagy rendel\u00e9ssz\u00e1m, amit ett\u0151l elt\u00e9r\u0151en szeretne kezelni, azt k\u00e9rem, hogy a mell\u00e9kelt excel t\u00e1bl\u00e1ban vezesse fel \u00e9s a Kontrolling Igazgat\u00f3s\u00e1gra e-mail-ben (kontrolling@semmelweis-univ.hu) k\u00fcldje meg legk\u00e9s\u0151bb 2019.02.21-ig.<\/p>\n<p>A j\u00f6v\u0151ben \u00faj k\u00f6lts\u00e9ghely vagy rendel\u00e9ssz\u00e1m ig\u00e9nyl\u00e9sekor k\u00e9rj\u00fck, hogy a m\u00f3dos\u00edtott rendel\u00e9ssz\u00e1m ig\u00e9nyl\u0151 lapon jel\u00f6lj\u00e9k meg, hogy a h\u00e1rom kateg\u00f3ria k\u00f6z\u00fcl melyik legyen \u00e9rv\u00e9nyes az adott t\u00f6rzsadatra. 2019. febru\u00e1r 21-j\u00e9t k\u00f6vet\u0151en m\u00e1r csak az \u00faj ig\u00e9nyl\u0151lapon fogadunk be k\u00e9r\u00e9seket.<\/p>\n<p>Budapest, 2019. febru\u00e1r 15.<\/p>\n<p>Ujv\u00e1ri Istv\u00e1n<br \/>\nkontrolling igazgat\u00f3<\/p>\n<p><strong>Mell\u00e9kletek:<\/strong><br \/>\n1 db \u00daj CO-rendel\u00e9ssz\u00e1m ig\u00e9nyl\u0151 lap<br \/>\n1 db b\u00e9rk\u00f6lts\u00e9g elsz\u00e1mol\u00e1si jellemz\u0151 \u2013 adatbek\u00e9r\u0151<\/p>\n<p><a href=\"https:\/\/semmelweis.hu\/gfi\/files\/2019\/02\/b\u00e9rk\u00f6lts\u00e9g-elsz\u00e1mol\u00e1si-jellemz\u0151-adatbek\u00e9r\u0151_1.xlsx\">b\u00e9rk\u00f6lts\u00e9g elsz\u00e1mol\u00e1si jellemz\u0151 adatbek\u00e9r\u0151_1<\/a><\/p>\n<p><a href=\"https:\/\/semmelweis.hu\/gfi\/files\/2019\/02\/CO-ig\u00e9nyl\u0151-sablon_2019-1.xls\">CO ig\u00e9nyl\u0151 sablon_2019<\/a><\/p>\n<p>&nbsp;<\/p>\n<p>&nbsp;<\/p>\n","protected":false},"excerpt":{"rendered":"<p>Tisztelt P\u00e9nz\u00fcgyi Ellenjegyz\u0151 Asszony\/\u00dar! Az SAP rendszerben egy fejleszt\u00e9st hajtunk v\u00e9gre, amely k\u00f6vetkezt\u00e9ben a b\u00e9rk\u00f6lts\u00e9geknek a k\u00f6lts\u00e9ghelyek \u00e9s a rendel\u00e9sek k\u00f6z\u00f6tti elt\u00e9r\u00edt\u00e9s\u00e9nek kezel\u00e9se egy\u00e9rtelm\u0171bb\u00e9 v\u00e1lik. Ennek a fejleszt\u00e9snek az egyik l\u00e9p\u00e9se, hogy az SAP t\u00f6rzsadatk\u00e9nt nyilv\u00e1ntartott k\u00f6lts\u00e9ghelyek \u00e9s rendel\u00e9ssz\u00e1mok jellemz\u0151jek\u00e9nt r\u00f6gz\u00edteni fogjuk, hogy az adott k\u00f6lts\u00e9ghelyre vagy rendel\u00e9sre a b\u00e9rk\u00f6lts\u00e9gek mely t\u00edpusai sz\u00e1molhat\u00f3k el. Ezt &hellip;<\/p>\n","protected":false},"author":101488,"featured_media":0,"comment_status":"closed","ping_status":"closed","sticky":false,"template":"","format":"standard","meta":{"_acf_changed":false,"footnotes":""},"categories":[7],"tags":[8],"class_list":["post-75147","post","type-post","status-publish","format-standard","hentry","category-hirek","tag-kontrolling"],"acf":[],"_links":{"self":[{"href":"https:\/\/semmelweis.hu\/gfi\/wp-json\/wp\/v2\/posts\/75147","targetHints":{"allow":["GET"]}}],"collection":[{"href":"https:\/\/semmelweis.hu\/gfi\/wp-json\/wp\/v2\/posts"}],"about":[{"href":"https:\/\/semmelweis.hu\/gfi\/wp-json\/wp\/v2\/types\/post"}],"author":[{"embeddable":true,"href":"https:\/\/semmelweis.hu\/gfi\/wp-json\/wp\/v2\/users\/101488"}],"replies":[{"embeddable":true,"href":"https:\/\/semmelweis.hu\/gfi\/wp-json\/wp\/v2\/comments?post=75147"}],"version-history":[{"count":2,"href":"https:\/\/semmelweis.hu\/gfi\/wp-json\/wp\/v2\/posts\/75147\/revisions"}],"predecessor-version":[{"id":75152,"href":"https:\/\/semmelweis.hu\/gfi\/wp-json\/wp\/v2\/posts\/75147\/revisions\/75152"}],"wp:attachment":[{"href":"https:\/\/semmelweis.hu\/gfi\/wp-json\/wp\/v2\/media?parent=75147"}],"wp:term":[{"taxonomy":"category","embeddable":true,"href":"https:\/\/semmelweis.hu\/gfi\/wp-json\/wp\/v2\/categories?post=75147"},{"taxonomy":"post_tag","embeddable":true,"href":"https:\/\/semmelweis.hu\/gfi\/wp-json\/wp\/v2\/tags?post=75147"}],"curies":[{"name":"wp","href":"https:\/\/api.w.org\/{rel}","templated":true}]}}