{"id":75132,"date":"2019-02-13T11:43:36","date_gmt":"2019-02-13T10:43:36","guid":{"rendered":"http:\/\/semmelweis.hu\/gfi\/?p=75132"},"modified":"2019-02-13T12:45:23","modified_gmt":"2019-02-13T11:45:23","slug":"tajekoztato-a-kulso-klinikai-tomb-tombigazgatosag-koltozeserol","status":"publish","type":"post","link":"https:\/\/semmelweis.hu\/gfi\/2019\/02\/13\/tajekoztato-a-kulso-klinikai-tomb-tombigazgatosag-koltozeserol\/","title":{"rendered":"T\u00e1j\u00e9koztat\u00f3 a K\u00fcls\u0151 Klinikai T\u00f6mb T\u00f6mbigazgat\u00f3s\u00e1g k\u00f6lt\u00f6z\u00e9s\u00e9r\u0151l"},"content":{"rendered":"<p>A K\u00fcls\u0151 Klinikai T\u00f6mb T\u00f6mbigazgat\u00f3s\u00e1ga 2019. febru\u00e1r 18-\u00e1n \u00faj helyre k\u00f6lt\u00f6zik.<\/p>\n<p>\u00daj c\u00edm: <strong>Manta Irodah\u00e1z, 1096 Budapest, Thaly K\u00e1lm\u00e1n u. 39.<\/strong><\/p>\n<p><strong>A munkat\u00e1rsak az al\u00e1bbi irod\u00e1kban tal\u00e1lhat\u00f3k meg:<\/strong><\/p>\n<ul>\n<li>Lengyel-Herczeg Andrea t\u00f6mbigazgat\u00f3 III. emelet 304.<\/li>\n<li>Ben Andrea igazgat\u00f3 helyettes III. emelet 302.<\/li>\n<li>Kincses Annam\u00e1ria titk\u00e1rn\u0151 III. emelet 303.<\/li>\n<li>Farkas G\u00e1bor m\u0171szaki vezet\u0151 III. emelet 308.<\/li>\n<li>V\u00e1rnai L\u00e1szl\u00f3 m\u0171szaki koordin\u00e1tor \u00e9s S\u00e1rk\u00f6zi M\u00e1ty\u00e1s \u00fcgyint\u00e9z\u0151 III. emelet 309.<\/li>\n<li>Kapit\u00e1ny G\u00e1bor biztons\u00e1gtechnikai el\u0151ad\u00f3, Kapit\u00e1ny Lajos g\u00e9p\u00e9sz koordin\u00e1tor, \u00e9s Farkas S\u00e1ndor m\u0171szaki \u00fcgyint\u00e9z\u0151 III. emelet 306.<\/li>\n<li>Poly\u00e1kn\u00e9 Traply T\u00fcnde vezet\u0151 gazdas\u00e1gi koordin\u00e1tor, R\u00f3zsa M\u00e1rta \u00fcgyint\u00e9z\u0151, Czeb\u00e1n\u00e9 Fekete Andrea p\u00e9nz\u00fcgyi \u00fcgyint\u00e9z\u0151, Danin\u00e9 Szab\u00f3 Erzs\u00e9bet p\u00e9nz\u00fcgyi \u00fcgyint\u00e9z\u0151 III. emelet 307.<\/li>\n<li>Fachs Istv\u00e1nn\u00e9 felel\u0151s sz\u00e1mad\u00f3, Bajtai Nikolett \u00fcgyint\u00e9z\u0151, Antusekn\u00e9 V\u00e1radi M\u00e1ria p\u00e9nz\u00fcgyi \u00fcgyint\u00e9z\u0151 III. emelet 301.<\/li>\n<li>Mil\u00e1k Katalin vezet\u0151 gazdas\u00e1gi koordin\u00e1tor, Ol\u00e1h Krisztina p\u00e9nz\u00fcgyi \u00fcgyint\u00e9z\u0151, Horv\u00e1th No\u00e9mi p\u00e9nz\u00fcgyi \u00fcgyint\u00e9z\u0151 fszt. 007.<\/li>\n<li>Mester Bianka k\u00f3rh\u00e1z higi\u00e9nikus, Kiss Bernadett szoci\u00e1lis munk\u00e1s, Bartha Kinga dietetikus, fszt. 008.<\/li>\n<li>H\u00e9tv\u00e1rin\u00e9 Varga Bernadett HR \u00fcgyint\u00e9z\u0151, Weiczner-Szmuta Nikolett HR \u00fcgyint\u00e9z\u0151, Hud\u00e1k Hajnalka HR \u00fcgyint\u00e9z\u0151, Horp\u00e1czky Krisztina HR \u00fcgyint\u00e9z\u0151 F2 \u00e9s R4.<\/li>\n<\/ul>\n<p>A Postai eloszt\u00f3pont &#8211; D\u00f6m\u00f6lki Zsuzsanna \u00fcgyint\u00e9z\u0151, ideiglenesen a 007 irod\u00e1ban lesz megtal\u00e1lhat\u00f3.\u00a0A koll\u00e9g\u00e1k telefonos el\u00e9rhet\u0151s\u00e9ge nem v\u00e1ltozik.<\/p>\n","protected":false},"excerpt":{"rendered":"<p>A K\u00fcls\u0151 Klinikai T\u00f6mb T\u00f6mbigazgat\u00f3s\u00e1ga 2019. febru\u00e1r 18-\u00e1n \u00faj helyre k\u00f6lt\u00f6zik. \u00daj c\u00edm: Manta Irodah\u00e1z, 1096 Budapest, Thaly K\u00e1lm\u00e1n u. 39. A munkat\u00e1rsak az al\u00e1bbi irod\u00e1kban tal\u00e1lhat\u00f3k meg: Lengyel-Herczeg Andrea t\u00f6mbigazgat\u00f3 III. emelet 304. Ben Andrea igazgat\u00f3 helyettes III. emelet 302. Kincses Annam\u00e1ria titk\u00e1rn\u0151 III. emelet 303. Farkas G\u00e1bor m\u0171szaki vezet\u0151 III. emelet 308. V\u00e1rnai &hellip;<\/p>\n","protected":false},"author":101489,"featured_media":0,"comment_status":"closed","ping_status":"closed","sticky":false,"template":"","format":"standard","meta":{"_acf_changed":false,"footnotes":""},"categories":[7],"tags":[],"class_list":["post-75132","post","type-post","status-publish","format-standard","hentry","category-hirek"],"acf":[],"_links":{"self":[{"href":"https:\/\/semmelweis.hu\/gfi\/wp-json\/wp\/v2\/posts\/75132","targetHints":{"allow":["GET"]}}],"collection":[{"href":"https:\/\/semmelweis.hu\/gfi\/wp-json\/wp\/v2\/posts"}],"about":[{"href":"https:\/\/semmelweis.hu\/gfi\/wp-json\/wp\/v2\/types\/post"}],"author":[{"embeddable":true,"href":"https:\/\/semmelweis.hu\/gfi\/wp-json\/wp\/v2\/users\/101489"}],"replies":[{"embeddable":true,"href":"https:\/\/semmelweis.hu\/gfi\/wp-json\/wp\/v2\/comments?post=75132"}],"version-history":[{"count":4,"href":"https:\/\/semmelweis.hu\/gfi\/wp-json\/wp\/v2\/posts\/75132\/revisions"}],"predecessor-version":[{"id":75137,"href":"https:\/\/semmelweis.hu\/gfi\/wp-json\/wp\/v2\/posts\/75132\/revisions\/75137"}],"wp:attachment":[{"href":"https:\/\/semmelweis.hu\/gfi\/wp-json\/wp\/v2\/media?parent=75132"}],"wp:term":[{"taxonomy":"category","embeddable":true,"href":"https:\/\/semmelweis.hu\/gfi\/wp-json\/wp\/v2\/categories?post=75132"},{"taxonomy":"post_tag","embeddable":true,"href":"https:\/\/semmelweis.hu\/gfi\/wp-json\/wp\/v2\/tags?post=75132"}],"curies":[{"name":"wp","href":"https:\/\/api.w.org\/{rel}","templated":true}]}}