{"id":75129,"date":"2019-02-13T10:59:22","date_gmt":"2019-02-13T09:59:22","guid":{"rendered":"http:\/\/semmelweis.hu\/gfi\/?p=75129"},"modified":"2019-02-13T10:59:22","modified_gmt":"2019-02-13T09:59:22","slug":"kozbeszerzesi-szerzodeskotes-a-pvv-kft-vel-ikt-sz-16586-gfibszi-2019","status":"publish","type":"post","link":"https:\/\/semmelweis.hu\/gfi\/2019\/02\/13\/kozbeszerzesi-szerzodeskotes-a-pvv-kft-vel-ikt-sz-16586-gfibszi-2019\/","title":{"rendered":"K\u00f6zbeszerz\u00e9si szerz\u0151d\u00e9sk\u00f6t\u00e9s a PVV  Kft-vel. Ikt.sz: 16586\/GFIBSZI\/2019."},"content":{"rendered":"<p>T \u00c1 J \u00c9 K O Z T A T \u00d3<\/p>\n<p>klinik\u00e1k, int\u00e9zetek, szervezeti egys\u00e9gek gazdas\u00e1gi vezet\u0151i r\u00e9sz\u00e9re<\/p>\n<p>Tisztelt Gazdas\u00e1gi Vezet\u0151 Asszony\/\u00dar!<\/p>\n<p>T\u00e1j\u00e9koztatjuk \u00d6n\u00f6ket arr\u00f3l, hogy a Semmelweis Egyetem \u00e9s a PVV Kft. k\u00f6z\u00f6tt 2019.02.05-\u00e9n, k\u00f6zbeszerz\u00e9si elj\u00e1r\u00e1s eredm\u00e9nyek\u00e9ppen megk\u00f6t\u00f6tt \u201eA Semmelweis Egyetem ter\u00fclet\u00e9n hat\u00f3s\u00e1gilag el\u0151\u00edrt \u00e9rint\u00e9sv\u00e9delmi-, t\u0171zv\u00e9delmi szabv\u00e1nyoss\u00e1gi-, vill\u00e1mv\u00e9delmi feladatok elv\u00e9gz\u00e9se \u201d t\u00e1rgy\u00fa szerz\u0151d\u00e9s adatait az SAP rendszerben az al\u00e1bbiak szerint r\u00f6gz\u00edtett\u00fck.<\/p>\n<p>A szerz\u0151d\u00e9s SAP sz\u00e1ma: 4619000721 (a szerz\u0151d\u00e9s szkennelt p\u00e9ld\u00e1nya az SAP-b\u00f3l let\u00f6lthet\u0151)<br \/>\nA kedvezm\u00e9nyezett szervezeti egys\u00e9gek: Semmelweis Egyetem szervezeti egys\u00e9gei<br \/>\nA szerz\u0151d\u00e9s nett\u00f3 \u00f6sszege: 88.023.290,-Ft.<br \/>\nA szerz\u0151d\u00e9s futamideje: 2019.02.05-2022.02.05 (36 h\u00f3)<\/p>\n<p>\nBudapest, 2019. febru\u00e1r 13.<\/p>\n<p>\u00dcdv\u00f6zlettel:<\/p>\n<p>Beszerz\u00e9si Igazgat\u00f3s\u00e1g<\/p>\n<p><a href=\"https:\/\/semmelweis.hu\/gfi\/files\/2019\/02\/SAP-H\u00edrek_PVV-Kft.docx\">SAP H\u00edrek_PVV Kft<\/a><\/p>\n","protected":false},"excerpt":{"rendered":"<p>T \u00c1 J \u00c9 K O Z T A T \u00d3 klinik\u00e1k, int\u00e9zetek, szervezeti egys\u00e9gek gazdas\u00e1gi vezet\u0151i r\u00e9sz\u00e9re Tisztelt Gazdas\u00e1gi Vezet\u0151 Asszony\/\u00dar! T\u00e1j\u00e9koztatjuk \u00d6n\u00f6ket arr\u00f3l, hogy a Semmelweis Egyetem \u00e9s a PVV Kft. k\u00f6z\u00f6tt 2019.02.05-\u00e9n, k\u00f6zbeszerz\u00e9si elj\u00e1r\u00e1s eredm\u00e9nyek\u00e9ppen megk\u00f6t\u00f6tt \u201eA Semmelweis Egyetem ter\u00fclet\u00e9n hat\u00f3s\u00e1gilag el\u0151\u00edrt \u00e9rint\u00e9sv\u00e9delmi-, t\u0171zv\u00e9delmi szabv\u00e1nyoss\u00e1gi-, vill\u00e1mv\u00e9delmi feladatok elv\u00e9gz\u00e9se \u201d t\u00e1rgy\u00fa szerz\u0151d\u00e9s adatait &hellip;<\/p>\n","protected":false},"author":101489,"featured_media":0,"comment_status":"closed","ping_status":"closed","sticky":false,"template":"","format":"standard","meta":{"_acf_changed":false,"footnotes":""},"categories":[7],"tags":[16],"class_list":["post-75129","post","type-post","status-publish","format-standard","hentry","category-hirek","tag-beszerzes"],"acf":[],"_links":{"self":[{"href":"https:\/\/semmelweis.hu\/gfi\/wp-json\/wp\/v2\/posts\/75129","targetHints":{"allow":["GET"]}}],"collection":[{"href":"https:\/\/semmelweis.hu\/gfi\/wp-json\/wp\/v2\/posts"}],"about":[{"href":"https:\/\/semmelweis.hu\/gfi\/wp-json\/wp\/v2\/types\/post"}],"author":[{"embeddable":true,"href":"https:\/\/semmelweis.hu\/gfi\/wp-json\/wp\/v2\/users\/101489"}],"replies":[{"embeddable":true,"href":"https:\/\/semmelweis.hu\/gfi\/wp-json\/wp\/v2\/comments?post=75129"}],"version-history":[{"count":1,"href":"https:\/\/semmelweis.hu\/gfi\/wp-json\/wp\/v2\/posts\/75129\/revisions"}],"predecessor-version":[{"id":75131,"href":"https:\/\/semmelweis.hu\/gfi\/wp-json\/wp\/v2\/posts\/75129\/revisions\/75131"}],"wp:attachment":[{"href":"https:\/\/semmelweis.hu\/gfi\/wp-json\/wp\/v2\/media?parent=75129"}],"wp:term":[{"taxonomy":"category","embeddable":true,"href":"https:\/\/semmelweis.hu\/gfi\/wp-json\/wp\/v2\/categories?post=75129"},{"taxonomy":"post_tag","embeddable":true,"href":"https:\/\/semmelweis.hu\/gfi\/wp-json\/wp\/v2\/tags?post=75129"}],"curies":[{"name":"wp","href":"https:\/\/api.w.org\/{rel}","templated":true}]}}