{"id":75096,"date":"2019-01-22T10:47:35","date_gmt":"2019-01-22T09:47:35","guid":{"rendered":"http:\/\/semmelweis.hu\/gfi\/?p=75096"},"modified":"2019-01-22T10:47:35","modified_gmt":"2019-01-22T09:47:35","slug":"pos-terminalokrol-nyilatkozat-kerese-es-nyilvantartasba-vetele-iktsz-3925-gfipui-2019","status":"publish","type":"post","link":"https:\/\/semmelweis.hu\/gfi\/2019\/01\/22\/pos-terminalokrol-nyilatkozat-kerese-es-nyilvantartasba-vetele-iktsz-3925-gfipui-2019\/","title":{"rendered":"POS termin\u00e1lokr\u00f3l nyilatkozat k\u00e9r\u00e9se, \u00e9s nyilv\u00e1ntart\u00e1sba v\u00e9tele. Iktsz: 3925\/GFIP\u00dcI\/2019"},"content":{"rendered":"<p>T \u00c1 J \u00c9 K O Z T A T \u00d3<\/p>\n<p>klinik\u00e1k, int\u00e9zetek, szervezeti egys\u00e9gek gazdas\u00e1gi vezet\u0151i, vezet\u0151 koordin\u00e1torai r\u00e9sz\u00e9re<\/p>\n<p>Tisztelt Gazdas\u00e1gi Vezet\u0151 Asszony\/\u00dar!<\/p>\n<p>\nK\u00e9rj\u00fck a szervezeti egys\u00e9gek vezet\u0151it, hogy a ter\u00fclet\u00fck\u00f6n tal\u00e1lhat\u00f3 POS termin\u00e1lokr\u00f3l nyilatkozni sz\u00edveskedjenek.<\/p>\n<p>A nyilatkozat tartalmazza a termin\u00e1lok darab sz\u00e1m\u00e1t, t\u00edpus\u00e1t, \u00e9s hogy mely p\u00e9nzint\u00e9zet helyezte ki. (mell\u00e9klet)<\/p>\n<p>Felh\u00edvjuk sz\u00edves figyelm\u00fcket, hogy ezen eszk\u00f6z\u00f6kre is vonatkozik a Lelt\u00e1rk\u00e9sz\u00edt\u00e9si \u00e9s Lelt\u00e1rkezel\u00e9si Szab\u00e1lyzat 2.16.1.6 Idegen (mag\u00e1ntulajdonban l\u00e9v\u0151) vagyont\u00e1rgyak nyilv\u00e1ntart\u00e1sa, ellen\u0151rz\u00e9se pontja.<\/p>\n<p>Amennyiben nem rendelkeznek POS termin\u00e1llal, k\u00e9rj\u00fck a nemleges v\u00e1laszr\u00f3l is nyilatkozni sz\u00edveskedjenek.<\/p>\n<p>Az esetleges k\u00e9rd\u00e9sek tekintet\u00e9ben, k\u00e9rj\u00fck Danyi Ildik\u00f3 csoportvezet\u0151 asszonyhoz fordulni sz\u00edveskedjenek (Danyi Ildik\u00f3, csoportvezet\u0151, Eszk\u00f6zanalitika Csoport Tel. 06-20-825-9783)<\/p>\n<p><strong><em>Budapest, 2019. janu\u00e1r 16.<\/em><\/strong><\/p>\n<p>Tisztelettel:<\/p>\n<p>Baumgartnern\u00e9 Holl\u00f3 Ir\u00e9n<\/p>\n<p><a href=\"https:\/\/semmelweis.hu\/gfi\/files\/2019\/01\/POS-termin\u00e1l.pdf\">POS termin\u00e1l<\/a><\/p>\n<p><a href=\"https:\/\/semmelweis.hu\/gfi\/files\/2019\/01\/POS-termin\u00e1l-nyilatkozat-mell\u00e9klet.xlsx\">POS termin\u00e1l nyilatkozat mell\u00e9klet<\/a><\/p>\n","protected":false},"excerpt":{"rendered":"<p>T \u00c1 J \u00c9 K O Z T A T \u00d3 klinik\u00e1k, int\u00e9zetek, szervezeti egys\u00e9gek gazdas\u00e1gi vezet\u0151i, vezet\u0151 koordin\u00e1torai r\u00e9sz\u00e9re Tisztelt Gazdas\u00e1gi Vezet\u0151 Asszony\/\u00dar! K\u00e9rj\u00fck a szervezeti egys\u00e9gek vezet\u0151it, hogy a ter\u00fclet\u00fck\u00f6n tal\u00e1lhat\u00f3 POS termin\u00e1lokr\u00f3l nyilatkozni sz\u00edveskedjenek. A nyilatkozat tartalmazza a termin\u00e1lok darab sz\u00e1m\u00e1t, t\u00edpus\u00e1t, \u00e9s hogy mely p\u00e9nzint\u00e9zet helyezte ki. (mell\u00e9klet) Felh\u00edvjuk sz\u00edves figyelm\u00fcket, &hellip;<\/p>\n","protected":false},"author":101489,"featured_media":0,"comment_status":"closed","ping_status":"closed","sticky":false,"template":"","format":"standard","meta":{"_acf_changed":false,"footnotes":""},"categories":[7],"tags":[10],"class_list":["post-75096","post","type-post","status-publish","format-standard","hentry","category-hirek","tag-penzugy"],"acf":[],"_links":{"self":[{"href":"https:\/\/semmelweis.hu\/gfi\/wp-json\/wp\/v2\/posts\/75096","targetHints":{"allow":["GET"]}}],"collection":[{"href":"https:\/\/semmelweis.hu\/gfi\/wp-json\/wp\/v2\/posts"}],"about":[{"href":"https:\/\/semmelweis.hu\/gfi\/wp-json\/wp\/v2\/types\/post"}],"author":[{"embeddable":true,"href":"https:\/\/semmelweis.hu\/gfi\/wp-json\/wp\/v2\/users\/101489"}],"replies":[{"embeddable":true,"href":"https:\/\/semmelweis.hu\/gfi\/wp-json\/wp\/v2\/comments?post=75096"}],"version-history":[{"count":1,"href":"https:\/\/semmelweis.hu\/gfi\/wp-json\/wp\/v2\/posts\/75096\/revisions"}],"predecessor-version":[{"id":75100,"href":"https:\/\/semmelweis.hu\/gfi\/wp-json\/wp\/v2\/posts\/75096\/revisions\/75100"}],"wp:attachment":[{"href":"https:\/\/semmelweis.hu\/gfi\/wp-json\/wp\/v2\/media?parent=75096"}],"wp:term":[{"taxonomy":"category","embeddable":true,"href":"https:\/\/semmelweis.hu\/gfi\/wp-json\/wp\/v2\/categories?post=75096"},{"taxonomy":"post_tag","embeddable":true,"href":"https:\/\/semmelweis.hu\/gfi\/wp-json\/wp\/v2\/tags?post=75096"}],"curies":[{"name":"wp","href":"https:\/\/api.w.org\/{rel}","templated":true}]}}