{"id":75072,"date":"2019-01-02T10:41:30","date_gmt":"2019-01-02T09:41:30","guid":{"rendered":"http:\/\/semmelweis.hu\/gfi\/?p=75072"},"modified":"2019-01-02T10:41:30","modified_gmt":"2019-01-02T09:41:30","slug":"2019-evi-ideiglenes-keretek-126437-gfikoi-2018","status":"publish","type":"post","link":"https:\/\/semmelweis.hu\/gfi\/2019\/01\/02\/2019-evi-ideiglenes-keretek-126437-gfikoi-2018\/","title":{"rendered":"2019. \u00e9vi ideiglenes keretek 126437\/GFIKOI\/2018."},"content":{"rendered":"<p>T\u00e1j\u00e9koztatom \u00d6n\u00f6ket, hogy a SAP gazd\u00e1lkod\u00e1si rendszerben a 2019-es gazd\u00e1lkod\u00e1si \u00e9v 2019. janu\u00e1r 2-\u00e1n ker\u00fcl megnyit\u00e1sra.<\/p>\n<p>1. A 2019. \u00e9vi ideiglenes keretek a vezet\u0151i k\u00f6lts\u00e9gvet\u00e9s elfogad\u00e1s\u00e1ig a k\u00f6vetkez\u0151 m\u00f3don ny\u00edlnak meg:<br \/>\na) K\u00f6lts\u00e9gvet\u00e9si keretek (OEP, OM, KEPZ)<\/p>\n<p>\u2022 B\u00e9r- \u00e9s j\u00e1rul\u00e9kkeretek (T21-T23): <br \/>\nIdeiglenes keretek nem ker\u00fclnek megnyit\u00e1sra. Ugyanakkor felh\u00edvjuk a sz\u00edves figyelmet az \u00faj k\u00f6telezetts\u00e9gv\u00e1llal\u00e1sok eset\u00e9ben arra, hogy a szervezeti egys\u00e9g gazd\u00e1lkod\u00e1sa a vezet\u0151i k\u00f6lts\u00e9gvet\u00e9s elfogad\u00e1s\u00e1ig is egyens\u00falyban kell, hogy maradjon.<br \/>\n\u2022 Gy\u00f3gyszerkeret (T26): a 2018. \u00e9vi 1-11. havi gy\u00f3gyszerfelhaszn\u00e1l\u00e1s\u00e1nak 95%-a ker\u00fcl megnyit\u00e1sra. A Klinikai K\u00f6zpont elfogadott keretekbe nem sz\u00e1m\u00edtand\u00f3ak be az egyedi m\u00e9lt\u00e1nyoss\u00e1g \u00e9s egy\u00e9b finansz\u00edroz\u00e1s\u00fa k\u00fcl\u00f6n keretek. Az ideiglenes gy\u00f3gyszerkeretek a folyamatos gy\u00f3gyszerell\u00e1t\u00e1s biztos\u00edt\u00e1sa \u00e9rdek\u00e9ben m\u00e1r 2019. janu\u00e1r 1-j\u00e9t\u0151l el\u00e9rhet\u0151ek lesznek a MedSolution rendszerben. <br \/>\n\u2022 Ter\u00e1pi\u00e1s keret (T27): a 2018. 1-11. h\u00f3napok \u00e1tlagos havi felhaszn\u00e1l\u00e1s\u00e1nak 95%-a ker\u00fcl megnyit\u00e1sra.<br \/>\n\u2022 Dologi keret (T28): a 2018. 1-11. h\u00f3napok \u00e1tlagos havi dologi keret 80%-a ker\u00fcl figyelembev\u00e9telre. A k\u00f6zponti feladatok eset\u00e9ben gazdas\u00e1gi f\u0151igazgat\u00f3i enged\u00e9ly alapj\u00e1n ker\u00fclhet megnyit\u00e1sra ideiglenes keret. <br \/>\n\u2022 Felhalmoz\u00e1si keret (T31): kancell\u00e1r\/gazdas\u00e1gi f\u0151igazgat\u00f3i enged\u00e9ly alapj\u00e1n ker\u00fclhet megnyit\u00e1sra ideiglenes keret.<br \/>\n\u2022 A GMSZ, a labor, az aneszt \u00e9s a bels\u01516-os keretek megnyit\u00e1sa \u2013 el\u0151z\u0151 \u00e9vi gyakorlathoz hasonl\u00f3an \u2013 a 2019. \u00e9vi vezet\u0151i k\u00f6lts\u00e9gvet\u00e9s elfogad\u00e1s\u00e1t k\u00f6vet\u0151en ker\u00fcl v\u00e9gleges\u00edt\u00e9sre, majd megnyit\u00e1sra.<\/p>\n<p>b) Deviz\u00e1s kereteken (DEV):<br \/>\nA devizatand\u00edjas oktat\u00e1s 2018\/2019. I. f\u00e9l\u00e9v\u00e9nek fennmarad\u00f3 r\u00e9sze, vagyis annak janu\u00e1r \u00e9s febru\u00e1r h\u00f3napra vonatkoz\u00f3 kerete ker\u00fcl megnyit\u00e1sra.<\/p>\n<p>c) Egy\u00e9b int\u00e9zm\u00e9nyi kereteken (EINT):<br \/>\nA 2019. \u00e9vi bev\u00e9tel k\u00f6nyvel\u00e9s\u00e9ig \u2013 a folyamatos m\u0171k\u00f6d\u00e9s biztos\u00edt\u00e1s\u00e1hoz \u2013 megel\u0151legezett keret nyithat\u00f3 gazdas\u00e1gi f\u0151igazgat\u00f3i enged\u00e9llyel.<\/p>\n<p>2. Nyitott vev\u0151i, sz\u00e1ll\u00edt\u00f3i sz\u00e1ml\u00e1k \u00e9s megrendel\u00e9sek<br \/>\nA 2018. \u00e9vi \u201enyitott\u201d vev\u0151i, sz\u00e1ll\u00edt\u00f3i sz\u00e1ml\u00e1k \u00e9s megrendel\u00e9sek \u00e1tvitele t\u00f6bb \u00fctemben t\u00f6rt\u00e9nik majd, melyr\u0151l k\u00fcl\u00f6n t\u00e1j\u00e9koztat\u00f3 ker\u00fcl kihelyez\u00e9sre az Intranetre, a gazd\u00e1lkod\u00e1si \u00e9v lez\u00e1r\u00e1s\u00e1nak megfelel\u0151en.<\/p>\n<p>3. 2018. \u00e9vi keretmaradv\u00e1nyok kezel\u00e9se<br \/>\nA 2018. \u00e9vre k\u00f6telezetts\u00e9gv\u00e1llal\u00e1st (OM, OEP, KEPZ) nem lehet tenni, kiv\u00e9telt k\u00e9peznek a folyamatos teljes\u00edt\u00e9s\u0171 sz\u00e1ml\u00e1k \u00e9s a p\u00e1ly\u00e1zatok terh\u00e9re t\u00f6rt\u00e9n\u0151 elsz\u00e1mol\u00e1sok.<br \/>\nA maradv\u00e1nyok \u00f6sszeg\u00e9nek meg\u00e1llap\u00edt\u00e1s\u00e1ra a 2019. \u00e9vi vezet\u0151i k\u00f6lts\u00e9gvet\u00e9s elfogad\u00e1s\u00e1t k\u00f6vet\u0151en ker\u00fclhet sor.<br \/>\nA k\u00f6telezetts\u00e9gv\u00e1llal\u00e1ssal nem terhelt keretek (OM, OEP,KEPZ) maradv\u00e1nyai z\u00e1rol\u00e1sra ker\u00fclnek. Ez al\u00f3l kiv\u00e9telt k\u00e9peznek azok a szervezeti egys\u00e9gek, amelyek m\u0171k\u00f6d\u00e9s\u00fcket egy\u00e9b int\u00e9zm\u00e9nyi bev\u00e9telb\u0151l biztos\u00edtj\u00e1k. R\u00e9sz\u00fckre a folyamatos m\u0171k\u00f6d\u00e9shez sz\u00fcks\u00e9ges maradv\u00e1nykeret \u00e1tvitele 2019. \u00e9vre megt\u00f6rt\u00e9nik.<br \/>\nA z\u00e1rolt maradv\u00e1nyok felhaszn\u00e1l\u00e1sa a 2018. \u00e9vi k\u00f6lts\u00e9gvet\u00e9s \u00e9rt\u00e9kel\u00e9s\u00e9nek figyelembev\u00e9tel\u00e9vel ker\u00fcl meghat\u00e1roz\u00e1sra.<\/p>\n<p>K\u00e9rd\u00e9s eset\u00e9n k\u00e9rem, hogy forduljanak bizalommal a Kontrolling Igazgat\u00f3s\u00e1g munkat\u00e1rsaihoz (kontrolling@semmelweis-univ.hu).<\/p>\n<p>Budapest, 2019. janu\u00e1r 2.<\/p>\n<p>Dr. Sz\u00e1sz K\u00e1roly<\/p>\n<p><a href=\"https:\/\/semmelweis.hu\/gfi\/files\/2019\/01\/126437_GFIKOI_2018_T\u00e1j\u00e9koztat\u00f3-2019.-\u00e9vi-ideiglenes-keretekr\u0151l.pdf\">126437_GFIKOI_2018_T\u00e1j\u00e9koztat\u00f3 2019. \u00e9vi ideiglenes keretekr\u0151l<\/a><\/p>\n<p>&nbsp;<\/p>\n","protected":false},"excerpt":{"rendered":"<p>T\u00e1j\u00e9koztatom \u00d6n\u00f6ket, hogy a SAP gazd\u00e1lkod\u00e1si rendszerben a 2019-es gazd\u00e1lkod\u00e1si \u00e9v 2019. janu\u00e1r 2-\u00e1n ker\u00fcl megnyit\u00e1sra. 1. A 2019. \u00e9vi ideiglenes keretek a vezet\u0151i k\u00f6lts\u00e9gvet\u00e9s elfogad\u00e1s\u00e1ig a k\u00f6vetkez\u0151 m\u00f3don ny\u00edlnak meg: a) K\u00f6lts\u00e9gvet\u00e9si keretek (OEP, OM, KEPZ) \u2022 B\u00e9r- \u00e9s j\u00e1rul\u00e9kkeretek (T21-T23): Ideiglenes keretek nem ker\u00fclnek megnyit\u00e1sra. Ugyanakkor felh\u00edvjuk a sz\u00edves figyelmet az \u00faj k\u00f6telezetts\u00e9gv\u00e1llal\u00e1sok &hellip;<\/p>\n","protected":false},"author":101488,"featured_media":0,"comment_status":"closed","ping_status":"closed","sticky":false,"template":"","format":"standard","meta":{"_acf_changed":false,"footnotes":""},"categories":[7],"tags":[8],"class_list":["post-75072","post","type-post","status-publish","format-standard","hentry","category-hirek","tag-kontrolling"],"acf":[],"_links":{"self":[{"href":"https:\/\/semmelweis.hu\/gfi\/wp-json\/wp\/v2\/posts\/75072","targetHints":{"allow":["GET"]}}],"collection":[{"href":"https:\/\/semmelweis.hu\/gfi\/wp-json\/wp\/v2\/posts"}],"about":[{"href":"https:\/\/semmelweis.hu\/gfi\/wp-json\/wp\/v2\/types\/post"}],"author":[{"embeddable":true,"href":"https:\/\/semmelweis.hu\/gfi\/wp-json\/wp\/v2\/users\/101488"}],"replies":[{"embeddable":true,"href":"https:\/\/semmelweis.hu\/gfi\/wp-json\/wp\/v2\/comments?post=75072"}],"version-history":[{"count":1,"href":"https:\/\/semmelweis.hu\/gfi\/wp-json\/wp\/v2\/posts\/75072\/revisions"}],"predecessor-version":[{"id":75074,"href":"https:\/\/semmelweis.hu\/gfi\/wp-json\/wp\/v2\/posts\/75072\/revisions\/75074"}],"wp:attachment":[{"href":"https:\/\/semmelweis.hu\/gfi\/wp-json\/wp\/v2\/media?parent=75072"}],"wp:term":[{"taxonomy":"category","embeddable":true,"href":"https:\/\/semmelweis.hu\/gfi\/wp-json\/wp\/v2\/categories?post=75072"},{"taxonomy":"post_tag","embeddable":true,"href":"https:\/\/semmelweis.hu\/gfi\/wp-json\/wp\/v2\/tags?post=75072"}],"curies":[{"name":"wp","href":"https:\/\/api.w.org\/{rel}","templated":true}]}}