{"id":75047,"date":"2018-12-19T13:17:32","date_gmt":"2018-12-19T12:17:32","guid":{"rendered":"http:\/\/semmelweis.hu\/gfi\/?p=75047"},"modified":"2018-12-19T13:17:32","modified_gmt":"2018-12-19T12:17:32","slug":"tajekoztatas-iktsz-127559-gfikoi-2018","status":"publish","type":"post","link":"https:\/\/semmelweis.hu\/gfi\/2018\/12\/19\/tajekoztatas-iktsz-127559-gfikoi-2018\/","title":{"rendered":"T\u00c1J\u00c9KOZTAT\u00c1S  Iktsz: 127559\/GFIKOI\/2018."},"content":{"rendered":"<p>Valamennyi szervezeti egys\u00e9g vezet\u0151je \u00e9s gazdas\u00e1gi vezet\u0151je r\u00e9sz\u00e9re<\/p>\n<p>Ez\u00faton szeretn\u00e9m t\u00e1j\u00e9koztatni a szervezeti egys\u00e9gek vezet\u0151it \u00e9s gazdas\u00e1gi vezet\u0151it, hogy a<\/p>\n<p>\n<strong>Kontrolling Igazgat\u00f3s\u00e1gon<\/strong> <strong>2018. december 27. \u00e9s 2018. december 28.<\/strong><\/p>\n<p>\u00a0 \u00a0 \u00a0 \u00a0 \u00a0 \u00a0 \u00a0 \u00a0 \u00a0 \u00a0 \u00a0 \u00a0 \u00a0 \u00a0 \u00a0 \u00a0 \u00a0 \u00a0 \u00a0 \u00a0 \u00a0k\u00f6z\u00f6tt \u00fcgyeletet rendeltem el. <br \/>\nA jelzett id\u0151szakban k\u00e9r\u00e9seiket az al\u00e1bbi e-mail c\u00edmekre k\u00fcldj\u00e9k meg:<\/p>\n<ul>\n<li>Tervez\u0151-Elemz\u0151 Oszt\u00e1ly \u00e9s Bev\u00e9telelemz\u0151 Oszt\u00e1ly: <a href=\"mailto:kontrolling@semmelweis-univ.hu\">kontrolling@semmelweis-univ.hu<\/a><\/li>\n<li>AVIR Inform\u00e1ci\u00f3s K\u00f6zpont: operator@avir.sote.hu<\/li>\n<\/ul>\n<p>Az \u00fcgyeleti id\u0151szakban a k\u00f6vetkez\u0151 koll\u00e9g\u00e1kat \u00e9rik el mobiltelefonon:<\/p>\n<p><strong>Tervez\u0151-Elemz\u0151 Oszt\u00e1ly:<\/strong><\/p>\n<p>\u00a0\u00a0\u00a0\u00a0\u00a0\u00a0\u00a0\u00a0\u00a0\u00a0\u00a0\u00a0\u00a0\u00a0\u00a0\u00a0\u00a0\u00a0\u00a0\u00a0\u00a0\u00a0\u00a0\u00a0\u00a0\u00a0\u00a0\u00a0\u00a0\u00a0\u00a0\u00a0\u00a0\u00a0\u00a0\u00a0\u00a0\u00a0\u00a0 Furugly\u00e1s-Szab\u00f3 T\u00edmea\u00a0\u00a0\u00a0\u00a0\u00a0\u00a0\u00a0 +36 20\u00a0825 9603\u00a0\u00a0\u00a0\u00a0\u00a0\u00a0\u00a0\u00a0\u00a0\u00a0\u00a0\u00a0\u00a0\u00a0\u00a0\u00a0\u00a0\u00a0\u00a0\u00a0\u00a0\u00a0\u00a0\u00a0\u00a0\u00a0\u00a0\u00a0<\/p>\n<p>\u00a0\u00a0\u00a0\u00a0\u00a0\u00a0\u00a0\u00a0\u00a0\u00a0\u00a0\u00a0\u00a0\u00a0\u00a0\u00a0\u00a0\u00a0\u00a0\u00a0\u00a0\u00a0\u00a0\u00a0\u00a0\u00a0\u00a0\u00a0\u00a0\u00a0\u00a0\u00a0\u00a0\u00a0\u00a0\u00a0\u00a0\u00a0\u00a0 Mar\u00e1czi Andrea\u00a0\u00a0\u00a0\u00a0\u00a0\u00a0\u00a0\u00a0\u00a0\u00a0\u00a0\u00a0\u00a0\u00a0\u00a0\u00a0\u00a0\u00a0\u00a0 +36 20\u00a0825 9617\u00a0\u00a0\u00a0\u00a0\u00a0\u00a0\u00a0\u00a0\u00a0\u00a0\u00a0\u00a0\u00a0\u00a0\u00a0\u00a0\u00a0\u00a0\u00a0\u00a0\u00a0\u00a0\u00a0\u00a0\u00a0\u00a0\u00a0\u00a0<\/p>\n<p><strong>AVIR Inform\u00e1ci\u00f3s K\u00f6zpont:<\/strong><\/p>\n<p>\u00a0\u00a0\u00a0\u00a0\u00a0\u00a0\u00a0\u00a0\u00a0\u00a0\u00a0\u00a0\u00a0\u00a0\u00a0\u00a0\u00a0\u00a0\u00a0\u00a0\u00a0\u00a0\u00a0\u00a0\u00a0\u00a0\u00a0\u00a0\u00a0\u00a0\u00a0\u00a0\u00a0\u00a0\u00a0\u00a0\u00a0\u00a0\u00a0 Deme-Janek Anik\u00f3\u00a0\u00a0\u00a0\u00a0\u00a0\u00a0\u00a0\u00a0\u00a0\u00a0\u00a0\u00a0\u00a0\u00a0 +36 20\u00a0825 0566<\/p>\n<ol start=\"2019\">\n<li>janu\u00e1r 2-t\u0151l a norm\u00e1l munkarend van \u00e9rv\u00e9nyben.<\/li>\n<\/ol>\n<p>Budapest, 2018. december 19.<\/p>\n<p>\u00a0 \u00a0 \u00a0 \u00a0 \u00a0 \u00a0 \u00a0 \u00a0 \u00a0 \u00a0 \u00a0 \u00a0 \u00a0 \u00a0 \u00a0 \u00a0 \u00a0 \u00a0 \u00a0 \u00a0 \u00a0 \u00a0 \u00a0 \u00a0 \u00a0 \u00a0 \u00a0 \u00a0 \u00a0 \u00a0 \u00a0 \u00a0 \u00a0 \u00a0 \u00a0 \u00a0 \u00a0 \u00a0 \u00a0<strong>Tisztelettel:<\/strong><\/p>\n<p><strong>\u00a0<\/strong><strong>\u00a0<\/strong><strong>\u00a0 \u00a0 \u00a0 \u00a0 \u00a0 \u00a0 \u00a0 \u00a0 \u00a0 \u00a0 \u00a0 \u00a0 \u00a0 \u00a0 \u00a0 \u00a0 \u00a0 \u00a0 \u00a0 \u00a0 \u00a0 \u00a0 \u00a0 \u00a0 \u00a0 \u00a0 \u00a0 \u00a0 \u00a0 \u00a0 \u00a0 \u00a0 \u00a0 \u00a0 \u00a0 \u00a0 \u00a0 \u00a0 \u00a0 \u00a0 \u00a0 \u00a0 \u00a0 \u00a0 \u00a0 \u00a0 \u00a0 \u00a0 \u00a0 \u00a0 \u00a0 \u00a0Ujv\u00e1ri Istv\u00e1n<\/strong><\/p>\n<p><a href=\"https:\/\/semmelweis.hu\/gfi\/files\/2018\/12\/SKMBT_C22018121913180_1.pdf\">SKMBT_C22018121913180_1<\/a><\/p>\n","protected":false},"excerpt":{"rendered":"<p>Valamennyi szervezeti egys\u00e9g vezet\u0151je \u00e9s gazdas\u00e1gi vezet\u0151je r\u00e9sz\u00e9re Ez\u00faton szeretn\u00e9m t\u00e1j\u00e9koztatni a szervezeti egys\u00e9gek vezet\u0151it \u00e9s gazdas\u00e1gi vezet\u0151it, hogy a Kontrolling Igazgat\u00f3s\u00e1gon 2018. december 27. \u00e9s 2018. december 28. \u00a0 \u00a0 \u00a0 \u00a0 \u00a0 \u00a0 \u00a0 \u00a0 \u00a0 \u00a0 \u00a0 \u00a0 \u00a0 \u00a0 \u00a0 \u00a0 \u00a0 \u00a0 \u00a0 \u00a0 \u00a0k\u00f6z\u00f6tt \u00fcgyeletet rendeltem el. A jelzett &hellip;<\/p>\n","protected":false},"author":101489,"featured_media":0,"comment_status":"closed","ping_status":"closed","sticky":false,"template":"","format":"standard","meta":{"_acf_changed":false,"footnotes":""},"categories":[7],"tags":[8],"class_list":["post-75047","post","type-post","status-publish","format-standard","hentry","category-hirek","tag-kontrolling"],"acf":[],"_links":{"self":[{"href":"https:\/\/semmelweis.hu\/gfi\/wp-json\/wp\/v2\/posts\/75047","targetHints":{"allow":["GET"]}}],"collection":[{"href":"https:\/\/semmelweis.hu\/gfi\/wp-json\/wp\/v2\/posts"}],"about":[{"href":"https:\/\/semmelweis.hu\/gfi\/wp-json\/wp\/v2\/types\/post"}],"author":[{"embeddable":true,"href":"https:\/\/semmelweis.hu\/gfi\/wp-json\/wp\/v2\/users\/101489"}],"replies":[{"embeddable":true,"href":"https:\/\/semmelweis.hu\/gfi\/wp-json\/wp\/v2\/comments?post=75047"}],"version-history":[{"count":2,"href":"https:\/\/semmelweis.hu\/gfi\/wp-json\/wp\/v2\/posts\/75047\/revisions"}],"predecessor-version":[{"id":75050,"href":"https:\/\/semmelweis.hu\/gfi\/wp-json\/wp\/v2\/posts\/75047\/revisions\/75050"}],"wp:attachment":[{"href":"https:\/\/semmelweis.hu\/gfi\/wp-json\/wp\/v2\/media?parent=75047"}],"wp:term":[{"taxonomy":"category","embeddable":true,"href":"https:\/\/semmelweis.hu\/gfi\/wp-json\/wp\/v2\/categories?post=75047"},{"taxonomy":"post_tag","embeddable":true,"href":"https:\/\/semmelweis.hu\/gfi\/wp-json\/wp\/v2\/tags?post=75047"}],"curies":[{"name":"wp","href":"https:\/\/api.w.org\/{rel}","templated":true}]}}