{"id":74993,"date":"2018-11-30T09:09:41","date_gmt":"2018-11-30T08:09:41","guid":{"rendered":"http:\/\/semmelweis.hu\/gfi\/?p=74993"},"modified":"2018-11-30T09:09:41","modified_gmt":"2018-11-30T08:09:41","slug":"tajekoztato-a-gazdalkodasi-szabalyzat-elfogadasarol-ikt-szam-118699-ksgfi-2018","status":"publish","type":"post","link":"https:\/\/semmelweis.hu\/gfi\/2018\/11\/30\/tajekoztato-a-gazdalkodasi-szabalyzat-elfogadasarol-ikt-szam-118699-ksgfi-2018\/","title":{"rendered":"T\u00e1j\u00e9koztat\u00f3 a Gazd\u00e1lkod\u00e1si Szab\u00e1lyzat elfogad\u00e1s\u00e1r\u00f3l  Ikt.sz\u00e1m: 118699\/KSGFI\/2018."},"content":{"rendered":"<p>A Semmelweis Egyetem Konziszt\u00f3rium\u00e1nak 6\/2018. (IX. 24.) sz\u00e1m\u00fa hat\u00e1rozat\u00e1ban javasolta, hogy bels\u0151 szab\u00e1lyoz\u00e1s ker\u00fclj\u00f6n kidolgoz\u00e1sra, amelynek keret\u00e9ben az Egyetem vezet\u00e9se minden \u00e9v elej\u00e9n (lehet\u0151leg m\u00e1rcius h\u00f3napig) konszenzuson alapul\u00f3 vezet\u0151i k\u00f6lts\u00e9gvet\u00e9st terjesszen el\u0151 a konziszt\u00f3riumi tagok r\u00e9sz\u00e9re.<br \/>\nA Konziszt\u00f3rium javaslat\u00e1t a Szen\u00e1tus a 112\/2018. (IX. 27.) sz\u00e1m\u00fa hat\u00e1rozat\u00e1val elfogadta.<\/p>\n<p>Fentiek miatt sz\u00fcks\u00e9gess\u00e9 v\u00e1lt a Vezet\u0151i K\u00f6lts\u00e9gvet\u00e9s k\u00e9sz\u00edt\u00e9s\u00e9nek \u00e9s a keretgazd\u00e1lkod\u00e1si rendszer m\u0171k\u00f6d\u00e9s\u00e9nek szab\u00e1lyait a Gazd\u00e1lkod\u00e1si Szab\u00e1lyzat keret\u00e9ben szab\u00e1lyozni. A szab\u00e1lyzat a m\u00f3dos\u00edt\u00e1sok mennyis\u00e9g\u00e9re tekintettel \u00faj szab\u00e1lyzatk\u00e9nt ker\u00fclt kiad\u00e1sra.<\/p>\n<p>A Semmelweis Egyetem Szen\u00e1tusa <strong>2018.november 29-\u00e9n<\/strong> elfogadta az Egyetem Gazd\u00e1lkod\u00e1si Szab\u00e1lyzat\u00e1t, mely a Jogi \u00e9s Igazgat\u00e1si F\u0151igazgat\u00f3s\u00e1g (JIF) alhonlapj\u00e1n val\u00f3 k\u00f6zz\u00e9t\u00e9telt k\u00f6vet\u0151 napon l\u00e9p hat\u00e1lyba.<\/p>\n<p>A Szen\u00e1tus fenti d\u00f6nt\u00e9s\u00e9nek megval\u00f3s\u00edt\u00e1sa \u00e9rdek\u00e9ben a Gazd\u00e1lkod\u00e1si Szab\u00e1lyzatban az al\u00e1bbi m\u00f3dos\u00edt\u00e1sok t\u00f6rt\u00e9ntek:<\/p>\n<p>&#8211; A Fogalmak k\u00f6z\u00e9 beker\u00fclt az \u201eAdatgazda\u201d defin\u00edci\u00f3ja.<br \/>\n&#8211; A Vezet\u0151i K\u00f6lts\u00e9gvet\u00e9s \u00fctemez\u00e9s\u00e9t (a tov\u00e1bbiakban: \u00dctemterv) terv\u00e9vet megel\u0151z\u0151 \u00e9v okt\u00f3ber 15. napj\u00e1ig a kancell\u00e1r hagyja j\u00f3v\u00e1, mely \u00fctemez\u00e9s legal\u00e1bb a Szab\u00e1lyzat 4. sz. mell\u00e9klet\u00e9ben szerepl\u0151 feladatokra vonatkoz\u00f3an tartalmazza az egyes r\u00e9szfeladatokra rendelkez\u00e9sre \u00e1ll\u00f3 id\u0151szakot, az id\u0151szak munkanapjainak sz\u00e1m\u00e1t \u00e9s a felel\u0151s\u00f6ket. (A 2019-es \u00e9vi \u00dctemtervet a kancell\u00e1r a Gazd\u00e1lkod\u00e1si Szab\u00e1lyzat Szen\u00e1tus \u00e1ltali elfogad\u00e1s\u00e1t k\u00f6vet\u0151 5 napon bel\u00fcl hagyja j\u00f3v\u00e1.) Az \u00dctemterv mint\u00e1j\u00e1t a Gazd\u00e1lkod\u00e1si szab\u00e1lyzat 4. sz. mell\u00e9kletet tartalmazza, mely jelen T\u00e1j\u00e9koztat\u00f3hoz csatol\u00e1sra ker\u00fcl<br \/>\n&#8211; Az \u00dctemtervet \u00fagy kell \u00f6ssze\u00e1ll\u00edtani, hogy a Vezet\u0151i K\u00f6lts\u00e9gvet\u00e9sr\u0151l a terv\u00e9v m\u00e1rcius h\u00f3napj\u00e1ban a Szen\u00e1tus d\u00f6nt\u00e9st hozhasson.<br \/>\n&#8211; A tervez\u00e9shez sz\u00fcks\u00e9ges inform\u00e1ci\u00f3kat a szervezeti egys\u00e9gek sz\u00e1m\u00e1ra a tervt\u00e1bl\u00e1hoz tartoz\u00f3 \u00fatmutat\u00f3 r\u00e9szek\u00e9nt kell biztos\u00edtani<br \/>\n<strong>&#8211; Az egyes r\u00e9szfeladatok teljes\u00edt\u00e9s\u00e9\u00e9rt felel\u0151s szem\u00e9lyek r\u00f6gz\u00edt\u00e9sre, valamint a hat\u00e1rid\u0151ben t\u00f6rt\u00e9n\u0151 adatszolg\u00e1ltat\u00e1s ellen\u0151rz\u00e9s\u00e9\u00e9rt felel\u0151s\u00f6k kijel\u00f6l\u00e9sre ker\u00fcltek. Az adatszolg\u00e1ltat\u00e1sok hat\u00e1rid\u0151ben t\u00f6rt\u00e9n\u0151 teljes\u00edt\u00e9s\u00e9t az oktat\u00e1si ter\u00fcleten az oktat\u00e1si h\u00e1l\u00f3zat-ir\u00e1ny\u00edt\u00e1si igazgat\u00f3, az eg\u00e9szs\u00e9g\u00fcgyi ter\u00fcleten az eg\u00e9szs\u00e9g\u00fcgyi h\u00e1l\u00f3zat-ir\u00e1ny\u00edt\u00e1si igazgat\u00f3, az egy\u00e9b ter\u00fcletek adatszolg\u00e1ltat\u00e1s\u00e1t a kancell\u00e1r \u00e1ltal kijel\u00f6lt szem\u00e9ly ellen\u0151rzi, arr\u00f3l a hat\u00e1rid\u0151 napj\u00e1n, majd a teljes k\u00f6r\u0171 teljes\u00edt\u00e9sig naponta t\u00e1j\u00e9koztatja a gazdas\u00e1gi f\u0151igazgat\u00f3t a k\u00e9sedelmes vagy nem teljes\u00edt\u0151kr\u0151l.<\/strong><\/p>\n<p><strong>Tov\u00e1bbi m\u00f3dos\u00edt\u00e1sok<\/strong><br \/>\n&#8211; Az Egyetem azonos\u00edt\u00f3 adatai a bek\u00f6vetkezett v\u00e1ltoz\u00e1sok miatt aktualiz\u00e1l\u00e1sra ker\u00fcltek.<br \/>\n&#8211; A jogszab\u00e1lyi v\u00e1ltoz\u00e1sok miatt az elemi \u00e9s kincst\u00e1ri k\u00f6lts\u00e9gvet\u00e9ssel kapcsolatos adatszolg\u00e1ltat\u00e1sok rendj\u00e9ben bek\u00f6vetkezett v\u00e1ltoz\u00e1sok \u00e1tvezet\u00e9sre ker\u00fcltek.<br \/>\n&#8211; Egy\u00e9b pontos\u00edt\u00e1sok t\u00f6rt\u00e9ntek.<br \/>\nFentiek miatt felh\u00edvom valamennyi gazd\u00e1lkod\u00e1si jogk\u00f6rt gyakorl\u00f3 munkat\u00e1rs figyelm\u00e9t a szab\u00e1lyzatban foglaltak alapos \u00e1ttanulm\u00e1nyoz\u00e1s\u00e1ra, illetve a feladatok hat\u00e1rid\u0151ben t\u00f6rt\u00e9n\u0151 elv\u00e9gz\u00e9s\u00e9re, a tervez\u00e9s \u00e9s a zavartalan gazd\u00e1lkod\u00e1s biztos\u00edt\u00e1sa \u00e9rdek\u00e9ben.<\/p>\n<p>Budapest,2018. november 29.<br \/>\nBaumgartnern\u00e9 Holl\u00f3 Ir\u00e9n<br \/>\ngazdas\u00e1gi f\u0151igazgat\u00f3<\/p>\n<p><a href=\"https:\/\/semmelweis.hu\/gfi\/files\/2018\/11\/Gazd_Szab_4.-mell\u00e9klet-1.xlsx\">Gazd_Szab_4. mell\u00e9klet<\/a><\/p>\n","protected":false},"excerpt":{"rendered":"<p>A Semmelweis Egyetem Konziszt\u00f3rium\u00e1nak 6\/2018. (IX. 24.) sz\u00e1m\u00fa hat\u00e1rozat\u00e1ban javasolta, hogy bels\u0151 szab\u00e1lyoz\u00e1s ker\u00fclj\u00f6n kidolgoz\u00e1sra, amelynek keret\u00e9ben az Egyetem vezet\u00e9se minden \u00e9v elej\u00e9n (lehet\u0151leg m\u00e1rcius h\u00f3napig) konszenzuson alapul\u00f3 vezet\u0151i k\u00f6lts\u00e9gvet\u00e9st terjesszen el\u0151 a konziszt\u00f3riumi tagok r\u00e9sz\u00e9re. A Konziszt\u00f3rium javaslat\u00e1t a Szen\u00e1tus a 112\/2018. (IX. 27.) sz\u00e1m\u00fa hat\u00e1rozat\u00e1val elfogadta. Fentiek miatt sz\u00fcks\u00e9gess\u00e9 v\u00e1lt a Vezet\u0151i K\u00f6lts\u00e9gvet\u00e9s &hellip;<\/p>\n","protected":false},"author":101488,"featured_media":0,"comment_status":"closed","ping_status":"closed","sticky":false,"template":"","format":"standard","meta":{"_acf_changed":false,"footnotes":""},"categories":[7],"tags":[9],"class_list":["post-74993","post","type-post","status-publish","format-standard","hentry","category-hirek","tag-gfi"],"acf":[],"_links":{"self":[{"href":"https:\/\/semmelweis.hu\/gfi\/wp-json\/wp\/v2\/posts\/74993","targetHints":{"allow":["GET"]}}],"collection":[{"href":"https:\/\/semmelweis.hu\/gfi\/wp-json\/wp\/v2\/posts"}],"about":[{"href":"https:\/\/semmelweis.hu\/gfi\/wp-json\/wp\/v2\/types\/post"}],"author":[{"embeddable":true,"href":"https:\/\/semmelweis.hu\/gfi\/wp-json\/wp\/v2\/users\/101488"}],"replies":[{"embeddable":true,"href":"https:\/\/semmelweis.hu\/gfi\/wp-json\/wp\/v2\/comments?post=74993"}],"version-history":[{"count":2,"href":"https:\/\/semmelweis.hu\/gfi\/wp-json\/wp\/v2\/posts\/74993\/revisions"}],"predecessor-version":[{"id":74997,"href":"https:\/\/semmelweis.hu\/gfi\/wp-json\/wp\/v2\/posts\/74993\/revisions\/74997"}],"wp:attachment":[{"href":"https:\/\/semmelweis.hu\/gfi\/wp-json\/wp\/v2\/media?parent=74993"}],"wp:term":[{"taxonomy":"category","embeddable":true,"href":"https:\/\/semmelweis.hu\/gfi\/wp-json\/wp\/v2\/categories?post=74993"},{"taxonomy":"post_tag","embeddable":true,"href":"https:\/\/semmelweis.hu\/gfi\/wp-json\/wp\/v2\/tags?post=74993"}],"curies":[{"name":"wp","href":"https:\/\/api.w.org\/{rel}","templated":true}]}}