{"id":74965,"date":"2018-11-19T13:47:46","date_gmt":"2018-11-19T12:47:46","guid":{"rendered":"http:\/\/semmelweis.hu\/gfi\/?p=74965"},"modified":"2020-05-29T09:18:29","modified_gmt":"2020-05-29T07:18:29","slug":"250-millio-forintot-meghalado-egyedi-brutto-forgalmi-erteku-vagyonelem-vagyonkezelesbe-vetelere-vonatkozo-adatszolgaltatasi-kotelezettseg","status":"publish","type":"post","link":"https:\/\/semmelweis.hu\/gfi\/2018\/11\/19\/250-millio-forintot-meghalado-egyedi-brutto-forgalmi-erteku-vagyonelem-vagyonkezelesbe-vetelere-vonatkozo-adatszolgaltatasi-kotelezettseg\/","title":{"rendered":"25,0 milli\u00f3 forintot meghalad\u00f3 egyedi brutt\u00f3 forgalmi \u00e9rt\u00e9k\u0171 vagyonelem vagyonkezel\u00e9sbe v\u00e9tel\u00e9re vonatkoz\u00f3 adatszolg\u00e1ltat\u00e1si k\u00f6telezetts\u00e9g"},"content":{"rendered":"<p>T\u00c1J\u00c9KOZTAT\u00d3<br \/>\nA Semmelweis Egyetem valamennyi szervezeti egys\u00e9g\u00e9nek r\u00e9sz\u00e9re<\/p>\n<p>T\u00e1j\u00e9koztatom, hogy a Semmelweis Egyetem 2013. okt\u00f3ber 18-\u00e1n al\u00e1\u00edrt SZT-32252\/1 sz\u00e1m\u00fa Vagyonkezel\u00e9si Szerz\u0151d\u00e9s-m\u00f3dos\u00edt\u00e1sa \u00e9s Beszerz\u00e9si szab\u00e1lyzata rendelkezik a jogszab\u00e1lyban meghat\u00e1rozott \u00e9rt\u00e9khat\u00e1r feletti vagyonelem vagyonkezel\u00e9sbe v\u00e9tel\u00e9r\u0151l.<\/p>\n<p>A nemzeti vagyonr\u00f3l sz\u00f3l\u00f3 2011. \u00e9vi CXCVI. t\u00f6rv\u00e9ny 11. \u00a7. (6) bekezd\u00e9se alapj\u00e1n, a Semmelweis Egyetem jogosult \u2013 ingatlan kiv\u00e9tel\u00e9vel \u2013 a m\u0171k\u00f6d\u00e9s\u00e9hez sz\u00fcks\u00e9ges vagyonelem megv\u00e9tel\u00e9re &#8211; az MNV Zrt. el\u0151zetes enged\u00e9lye n\u00e9lk\u00fcl &#8211; azzal, hogyha azok \u00e9rt\u00e9ke meghaladja a jogszab\u00e1lyban foglalt \u00e9rt\u00e9khat\u00e1rt, az Egyetem az ad\u00e1sv\u00e9teli szerz\u0151d\u00e9s megk\u00f6t\u00e9s\u00e9t\u0151l sz\u00e1m\u00edtott 15 napon bel\u00fcl, t\u00e9rtivev\u00e9nyes lev\u00e9lben k\u00f6teles \u00e9rtes\u00edteni az MNV Zrt-t.<br \/>\nAz MNV Zrt. az ing\u00f3s\u00e1g vagyonkezel\u00e9sbe ad\u00e1s\u00e1r\u00f3l lev\u00e9lben \u00e9rtes\u00edti az Egyetemet. Az \u00e9rtes\u00edt\u00e9sig, a vagyonelem az egyetemi nyilv\u00e1ntart\u00e1sba nem vehet\u0151, a hozz\u00e1 kapcsol\u00f3d\u00f3 jogok gyakorl\u00e1s\u00e1ra az Egyetem nem jogosult.<br \/>\nAz \u00e9rt\u00e9khat\u00e1r \u00f6sszeg\u00e9t a 2017. \u00e9vi C. t\u00f6rv\u00e9ny 5. \u00a7 (5) bekezd\u00e9s a) pontja hat\u00e1rozza meg, mely 2018. \u00e9vben 25,0 milli\u00f3 forint egyedi brutt\u00f3 forgalmi \u00e9rt\u00e9k.<\/p>\n<p>A Vagyon- \u00e9s L\u00e9tes\u00edtm\u00e9nygazd\u00e1lkod\u00e1si Igazgat\u00f3s\u00e1g feladata a fel\u00fcgyeletet ell\u00e1t\u00f3 Emberi Er\u0151forr\u00e1sok Miniszt\u00e9riuma \u00e9s a Magyar \u00c1llam tulajdon\u00e1t k\u00e9pez\u0151 vagyon feletti tulajdonosi jogokat gyakorl\u00f3 MNV Zrt. \u00e9rtes\u00edt\u00e9se, tov\u00e1bb\u00e1 a vagyonkezel\u00e9sbe v\u00e9telhez sz\u00fcks\u00e9ges enged\u00e9lyk\u00e9r\u00e9s.<\/p>\n<p>K\u00e9rem a gazdas\u00e1gi vezet\u0151ket, hogy a fenti (darabonk\u00e9nt\/eszk\u00f6z\u00f6nk\u00e9nt\/g\u00e9penk\u00e9nt\/immateri\u00e1lis javank\u00e9nt) \u00e9rt\u00e9khat\u00e1rt meghalad\u00f3 beszerz\u00e9sekr\u0151l &#8211; a szerz\u0151d\u00e9s megk\u00f6t\u00e9s\u00e9t k\u00f6vet\u0151 5 munkanapon bel\u00fcl &#8211; \u00e9rtes\u00edts\u00e9k a Vagyon- \u00e9s L\u00e9tes\u00edtm\u00e9nygazd\u00e1lkod\u00e1si Igazgat\u00f3s\u00e1got.<\/p>\n<p>Adatszolg\u00e1ltat\u00e1sk\u00e9nt k\u00fcldj\u00e9k meg a be\u00e9rkez\u00e9st k\u00f6vet\u0151 5 munkanapon bel\u00fcl a sz\u00e1ll\u00edt\u00e1si, ad\u00e1s-v\u00e9teli szerz\u0151d\u00e9s, sz\u00e1mla \u00e9s a sz\u00e1ll\u00edt\u00f3lev\u00e9l, illetve a sz\u00e1ll\u00edt\u00f3 \u00fczembehelyez\u00e9si jegyz\u0151k\u00f6nyv\u00e9nek m\u00e1solati p\u00e9ld\u00e1ny\u00e1t, valamint a beszerz\u00e9s sz\u00fcks\u00e9gess\u00e9g\u00e9nek r\u00f6vid indokl\u00e1s\u00e1t.<\/p>\n<p>Kapcsolattart\u00f3: Kecsk\u00e9sn\u00e9 Pinke Ibolya<br \/>\nTel.: +36-1-459-1500\/57708<\/p>\n<p>\nK\u00f6sz\u00f6n\u00f6m seg\u00edt\u0151 egy\u00fcttm\u0171k\u00f6d\u00e9s\u00fcket.<\/p>\n<p>2018. okt\u00f3ber<\/p>\n<p><a href=\"https:\/\/semmelweis.hu\/gfi\/files\/2018\/11\/Lev\u00e9l-25-felettiek-adatszolgRB.docx\">Lev\u00e9l 25 felettiek adatszolgRB<\/a><\/p>\n","protected":false},"excerpt":{"rendered":"<p>T\u00c1J\u00c9KOZTAT\u00d3 A Semmelweis Egyetem valamennyi szervezeti egys\u00e9g\u00e9nek r\u00e9sz\u00e9re T\u00e1j\u00e9koztatom, hogy a Semmelweis Egyetem 2013. okt\u00f3ber 18-\u00e1n al\u00e1\u00edrt SZT-32252\/1 sz\u00e1m\u00fa Vagyonkezel\u00e9si Szerz\u0151d\u00e9s-m\u00f3dos\u00edt\u00e1sa \u00e9s Beszerz\u00e9si szab\u00e1lyzata rendelkezik a jogszab\u00e1lyban meghat\u00e1rozott \u00e9rt\u00e9khat\u00e1r feletti vagyonelem vagyonkezel\u00e9sbe v\u00e9tel\u00e9r\u0151l. A nemzeti vagyonr\u00f3l sz\u00f3l\u00f3 2011. \u00e9vi CXCVI. t\u00f6rv\u00e9ny 11. \u00a7. (6) bekezd\u00e9se alapj\u00e1n, a Semmelweis Egyetem jogosult \u2013 ingatlan kiv\u00e9tel\u00e9vel \u2013 a &hellip;<\/p>\n","protected":false},"author":101489,"featured_media":0,"comment_status":"closed","ping_status":"closed","sticky":false,"template":"","format":"standard","meta":{"_acf_changed":false,"footnotes":""},"categories":[7],"tags":[29],"class_list":["post-74965","post","type-post","status-publish","format-standard","hentry","category-hirek","tag-mfi"],"acf":[],"_links":{"self":[{"href":"https:\/\/semmelweis.hu\/gfi\/wp-json\/wp\/v2\/posts\/74965","targetHints":{"allow":["GET"]}}],"collection":[{"href":"https:\/\/semmelweis.hu\/gfi\/wp-json\/wp\/v2\/posts"}],"about":[{"href":"https:\/\/semmelweis.hu\/gfi\/wp-json\/wp\/v2\/types\/post"}],"author":[{"embeddable":true,"href":"https:\/\/semmelweis.hu\/gfi\/wp-json\/wp\/v2\/users\/101489"}],"replies":[{"embeddable":true,"href":"https:\/\/semmelweis.hu\/gfi\/wp-json\/wp\/v2\/comments?post=74965"}],"version-history":[{"count":2,"href":"https:\/\/semmelweis.hu\/gfi\/wp-json\/wp\/v2\/posts\/74965\/revisions"}],"predecessor-version":[{"id":90624,"href":"https:\/\/semmelweis.hu\/gfi\/wp-json\/wp\/v2\/posts\/74965\/revisions\/90624"}],"wp:attachment":[{"href":"https:\/\/semmelweis.hu\/gfi\/wp-json\/wp\/v2\/media?parent=74965"}],"wp:term":[{"taxonomy":"category","embeddable":true,"href":"https:\/\/semmelweis.hu\/gfi\/wp-json\/wp\/v2\/categories?post=74965"},{"taxonomy":"post_tag","embeddable":true,"href":"https:\/\/semmelweis.hu\/gfi\/wp-json\/wp\/v2\/tags?post=74965"}],"curies":[{"name":"wp","href":"https:\/\/api.w.org\/{rel}","templated":true}]}}