{"id":74835,"date":"2018-10-02T16:00:00","date_gmt":"2018-10-02T14:00:00","guid":{"rendered":"http:\/\/semmelweis.hu\/gfi\/?p=74835"},"modified":"2018-10-03T08:11:11","modified_gmt":"2018-10-03T06:11:11","slug":"a-2018-evi-vezetoi-koltsegvetes-szenatusi-elfogadasat-koveto-keretnyitasokrol-97942-gfikoi-2018","status":"publish","type":"post","link":"https:\/\/semmelweis.hu\/gfi\/2018\/10\/02\/a-2018-evi-vezetoi-koltsegvetes-szenatusi-elfogadasat-koveto-keretnyitasokrol-97942-gfikoi-2018\/","title":{"rendered":"a 2018. \u00e9vi vezet\u0151i k\u00f6lts\u00e9gvet\u00e9s Szen\u00e1tusi elfogad\u00e1s\u00e1t k\u00f6vet\u0151 keretnyit\u00e1sokr\u00f3l 97942\/GFIKOI\/2018."},"content":{"rendered":"<p style=\"text-align: center\"><strong>T\u00c1J\u00c9KOZTAT\u00d3<\/strong><br \/>\n<strong>a 2018. \u00e9vi vezet\u0151i k\u00f6lts\u00e9gvet\u00e9s Szen\u00e1tusi elfogad\u00e1s\u00e1t k\u00f6vet\u0151 keretnyit\u00e1sokr\u00f3l \u00a0 <\/strong>valamennyi szervezeti egys\u00e9g r\u00e9sz\u00e9re<\/p>\n<p style=\"text-align: justify\">T\u00e1j\u00e9koztatom \u00d6n\u00f6ket, hogy az Egyetem Szen\u00e1tusa 2018. szeptember 27-i \u00fcl\u00e9s\u00e9n elfogadta a 2018. \u00e9vi vezet\u0151i k\u00f6lts\u00e9gvet\u00e9st. A 112\/2018.(09.27.) sz\u00e1m\u00fa hat\u00e1rozat \u00e9rtelm\u00e9ben a 2018. \u00e9vi gazd\u00e1lkod\u00e1si keretek megnyit\u00e1sra ker\u00fclhetnek, amellyel egyid\u0151ben az ideiglenes \u00e9s az el\u0151rehozott k\u00f6lts\u00e9gvet\u00e9si keretek korrig\u00e1l\u00e1sa (visszav\u00e9tele) megt\u00f6rt\u00e9nik.<br \/>\nA keretnyit\u00e1sokat a szakter\u00fcletekkel egy\u00fcttm\u0171k\u00f6dve, a Kontrolling Igazgat\u00f3s\u00e1g v\u00e9gzi az al\u00e1bbi r\u00e9szletez\u00e9sben:<br \/>\n<strong>1. B\u00e9r \u00e9s j\u00e1rul\u00e9k keretek<\/strong> <br \/>\nA bet\u00f6lt\u00e9s\u00fck az SAP rendszerbe legk\u00e9s\u0151bb 2018. okt\u00f3ber 12-ig megt\u00f6rt\u00e9nik.<br \/>\n<strong>2. Gy\u00f3gyszerkeretek<\/strong><br \/>\nA Kontrolling Igazgat\u00f3s\u00e1g a korrekci\u00f3kat k\u00f6vet\u0151en, a keretek megnyit\u00e1s\u00e1t <br \/>\n2018. okt\u00f3ber 10-ig elv\u00e9gzi.<br \/>\n<strong>3. Gazdas\u00e1gi-M\u0171szaki Szolg\u00e1ltat\u00e1sok (GMSZ):<\/strong><br \/>\nA szezon\u00e1lis index figyelembe v\u00e9tel\u00e9vel, az id\u0151ar\u00e1nyos \u00fczlet\u00e1gi keretek bet\u00f6lt\u00e9se legk\u00e9s\u0151bb 2018. okt\u00f3ber 31-ig megt\u00f6rt\u00e9nik.<br \/>\n<strong>4. Ter\u00e1pi\u00e1s, dologi \u00e9s felhalmoz\u00e1si keretek:<\/strong><br \/>\nMegnyit\u00e1suk el\u0151tt, sz\u00fcks\u00e9ges az \u00fczlet\u00e1gak alatt l\u00e9v\u0151 szervezeti egys\u00e9gekre (p\u00e9nz\u00fcgyi k\u00f6zpontokra) \u00e9s forr\u00e1s\/alap-okra a keretmegbont\u00e1sok megad\u00e1sa. Ez\u00e9rt a Kontrolling Igazgat\u00f3s\u00e1g, az erre a c\u00e9lra k\u00e9sz\u00edtett mintat\u00e1bl\u00e1t kik\u00fcldi a f\u0151bb szervezeti egys\u00e9gek (eg\u00e9szs\u00e9g\u00fcgyi\/oktat\u00e1si h\u00e1l\u00f3zatir\u00e1ny\u00edt\u00e1si igazgat\u00f3k, kari gazdas\u00e1gi igazgat\u00f3k stb.) sz\u00e1m\u00e1ra legk\u00e9s\u0151bb 2018. okt\u00f3ber 12-ig. <br \/>\nEzt k\u00f6vet\u0151en, az adatok vissza\u00e9rkez\u00e9s\u00e9nek f\u00fcggv\u00e9ny\u00e9ben bet\u00f6lt\u00e9sre ker\u00fclhetnek a ter\u00e1pi\u00e1s, dologi \u00e9s felhalmoz\u00e1si keretek legk\u00e9s\u0151bb 2018. okt\u00f3ber 31-ig.<br \/>\n<strong>5. K\u00f6zponti ir\u00e1ny\u00edt\u00e1s szervezeti egys\u00e9geinek GMSZ, dologi \u00e9s felhalmoz\u00e1si keretei:<\/strong><br \/>\nA k\u00e9pzett (KEPZ) alapon gazd\u00e1lkod\u00f3 k\u00f6zponti szervezeti egys\u00e9gek keretei legk\u00e9s\u0151bb 2018. okt\u00f3ber 12-ig megnyit\u00e1sra ker\u00fclnek. \u00a0 \u00a0 \u00a0 \u00a0 \u00a0 \u00a0 \u00a0 \u00a0 \u00a0 \u00a0 \u00a0 \u00a0 \u00a0 \u00a0 \u00a0 \u00a0 \u00a0 \u00a0 \u00a0 \u00a0 \u00a0 \u00a0 \u00a0 \u00a0 \u00a0 \u00a0 \u00a0 \u00a0 \u00a0 \u00a0 \u00a0 \u00a0 \u00a0 \u00a0 \u00a0 \u00a0 \u00a0 \u00a0 \u00a0 \u00a0 \u00a0 \u00a0 \u00a0 \u00a0 \u00a0 \u00a0 \u00a0 \u00a0 \u00a0 <strong>6. K\u00f6zpontilag kezelt feladatok:<\/strong><br \/>\nAz ideiglenes keretek visszavon\u00e1sa \u00e9s az \u00e9ves keretek megnyit\u00e1sa legk\u00e9s\u0151bb <br \/>\n2018. okt\u00f3ber 12-ig megt\u00f6rt\u00e9nik.<br \/>\n<strong>7. Maradv\u00e1nyok megnyit\u00e1sa<\/strong><br \/>\nA 2017. \u00e9vi maradv\u00e1nyok a vezet\u0151i k\u00f6lts\u00e9gvet\u00e9sben meghat\u00e1rozott felt\u00e9telekkel <br \/>\n2018. okt\u00f3ber 31-ig megnyit\u00e1sra ker\u00fclnek.<\/p>\n<p style=\"text-align: justify\">A fenti \u00fctemez\u00e9s kapcs\u00e1n felh\u00edvom a figyelm\u00fcket arra, hogy a keretnyit\u00e1sokkal egyid\u0151ben az egyes keretkorrekci\u00f3kat (pl.: megel\u0151legezett\/el\u0151rehozott keretnyit\u00e1sok visszakorrig\u00e1l\u00e1sa stb.) is el kell v\u00e9gezni, ami egyedi, speci\u00e1lis esetekben befoly\u00e1solhatja a hat\u00e1rid\u0151k betarthat\u00f3s\u00e1g\u00e1t.<br \/>\nK\u00e9rem mindenki egy\u00fcttm\u0171k\u00f6d\u00e9s\u00e9t annak \u00e9rdek\u00e9ben, hogy a fenti \u00fctemez\u00e9sben a Szen\u00e1tus \u00e1ltal elfogadott vezet\u0151i k\u00f6lts\u00e9gvet\u00e9snek megfelel\u0151 gazd\u00e1lkod\u00e1si keretek \u00e1lljanak a szervezeti egys\u00e9gek rendelkez\u00e9s\u00e9re.<\/p>\n<p>Budapest, 2018. okt\u00f3ber 2.<br \/>\nTisztelettel,<\/p>\n<p>Dr. Sz\u00e1sz K\u00e1roly<\/p>\n<p style=\"text-align: justify\"><a href=\"https:\/\/semmelweis.hu\/gfi\/files\/2018\/10\/97942_GFIKOI.pdf\">97942_GFIKOI<\/a><\/p>\n<p>&nbsp;<\/p>\n","protected":false},"excerpt":{"rendered":"<p>T\u00c1J\u00c9KOZTAT\u00d3 a 2018. \u00e9vi vezet\u0151i k\u00f6lts\u00e9gvet\u00e9s Szen\u00e1tusi elfogad\u00e1s\u00e1t k\u00f6vet\u0151 keretnyit\u00e1sokr\u00f3l \u00a0 valamennyi szervezeti egys\u00e9g r\u00e9sz\u00e9re T\u00e1j\u00e9koztatom \u00d6n\u00f6ket, hogy az Egyetem Szen\u00e1tusa 2018. szeptember 27-i \u00fcl\u00e9s\u00e9n elfogadta a 2018. \u00e9vi vezet\u0151i k\u00f6lts\u00e9gvet\u00e9st. A 112\/2018.(09.27.) sz\u00e1m\u00fa hat\u00e1rozat \u00e9rtelm\u00e9ben a 2018. \u00e9vi gazd\u00e1lkod\u00e1si keretek megnyit\u00e1sra ker\u00fclhetnek, amellyel egyid\u0151ben az ideiglenes \u00e9s az el\u0151rehozott k\u00f6lts\u00e9gvet\u00e9si keretek korrig\u00e1l\u00e1sa (visszav\u00e9tele) megt\u00f6rt\u00e9nik. &hellip;<\/p>\n","protected":false},"author":101488,"featured_media":0,"comment_status":"closed","ping_status":"closed","sticky":false,"template":"","format":"standard","meta":{"_acf_changed":false,"footnotes":""},"categories":[7],"tags":[9,8],"class_list":["post-74835","post","type-post","status-publish","format-standard","hentry","category-hirek","tag-gfi","tag-kontrolling"],"acf":[],"_links":{"self":[{"href":"https:\/\/semmelweis.hu\/gfi\/wp-json\/wp\/v2\/posts\/74835","targetHints":{"allow":["GET"]}}],"collection":[{"href":"https:\/\/semmelweis.hu\/gfi\/wp-json\/wp\/v2\/posts"}],"about":[{"href":"https:\/\/semmelweis.hu\/gfi\/wp-json\/wp\/v2\/types\/post"}],"author":[{"embeddable":true,"href":"https:\/\/semmelweis.hu\/gfi\/wp-json\/wp\/v2\/users\/101488"}],"replies":[{"embeddable":true,"href":"https:\/\/semmelweis.hu\/gfi\/wp-json\/wp\/v2\/comments?post=74835"}],"version-history":[{"count":2,"href":"https:\/\/semmelweis.hu\/gfi\/wp-json\/wp\/v2\/posts\/74835\/revisions"}],"predecessor-version":[{"id":74838,"href":"https:\/\/semmelweis.hu\/gfi\/wp-json\/wp\/v2\/posts\/74835\/revisions\/74838"}],"wp:attachment":[{"href":"https:\/\/semmelweis.hu\/gfi\/wp-json\/wp\/v2\/media?parent=74835"}],"wp:term":[{"taxonomy":"category","embeddable":true,"href":"https:\/\/semmelweis.hu\/gfi\/wp-json\/wp\/v2\/categories?post=74835"},{"taxonomy":"post_tag","embeddable":true,"href":"https:\/\/semmelweis.hu\/gfi\/wp-json\/wp\/v2\/tags?post=74835"}],"curies":[{"name":"wp","href":"https:\/\/api.w.org\/{rel}","templated":true}]}}