{"id":74714,"date":"2018-07-31T13:26:35","date_gmt":"2018-07-31T11:26:35","guid":{"rendered":"http:\/\/semmelweis.hu\/gfi\/?p=74714"},"modified":"2018-07-31T14:57:45","modified_gmt":"2018-07-31T12:57:45","slug":"tajekoztato-a-meginditott-beszerzesi-eljarasok-fedezetemelesenek-modjarol-es-a-minosites-ervenyessegenek-idobeli-hatalyarol","status":"publish","type":"post","link":"https:\/\/semmelweis.hu\/gfi\/2018\/07\/31\/tajekoztato-a-meginditott-beszerzesi-eljarasok-fedezetemelesenek-modjarol-es-a-minosites-ervenyessegenek-idobeli-hatalyarol\/","title":{"rendered":"T\u00e1j\u00e9koztat\u00f3 a megind\u00edtott beszerz\u00e9si elj\u00e1r\u00e1sok fedezetemel\u00e9s\u00e9nek m\u00f3dj\u00e1r\u00f3l \u00e9s a min\u0151s\u00edt\u00e9s \u00e9rv\u00e9nyess\u00e9g\u00e9nek id\u0151beli hat\u00e1ly\u00e1r\u00f3l"},"content":{"rendered":"<p style=\"text-align: right;\"><strong>Iktat\u00f3sz\u00e1m: 76919\/KSGFI\/2018.<\/strong><\/p>\n<p style=\"text-align: center;\"><strong>Gazdas\u00e1gi F\u0151igazgat\u00f3i T\u00e1j\u00e9koztat\u00f3<br \/>\na megind\u00edtott beszerz\u00e9si elj\u00e1r\u00e1sok fedezetemel\u00e9s\u00e9nek m\u00f3dj\u00e1r\u00f3l \u00e9s a min\u0151s\u00edt\u00e9s \u00e9rv\u00e9nyess\u00e9g\u00e9nek id\u0151beli hat\u00e1ly\u00e1r\u00f3l<\/strong><\/p>\n<p>Amennyiben a folyamatban l\u00e9v\u0151 (k\u00f6z)beszerz\u00e9si elj\u00e1r\u00e1s eredm\u00e9nyes lefolytat\u00e1sa \u00e9rdek\u00e9ben fedezetemel\u00e9s sz\u00fcks\u00e9ges, illet\u0151leg a fedezet forr\u00e1sa vagy \u00f6sszet\u00e9tele v\u00e1ltozik, akkor a v\u00e1ltoz\u00e1s kezdem\u00e9nyez\u00e9se, illetve dokument\u00e1l\u00e1sa a Beszerz\u00e9si Elj\u00e1r\u00e1s Fedezetemel\u00e9s (a tov\u00e1bbiakban: BEF) sablon haszn\u00e1lat\u00e1val t\u00f6rt\u00e9nik, f\u00fcggetlen\u00fcl att\u00f3l, hogy az elj\u00e1r\u00e1s lefolytat\u00e1sa saj\u00e1t hat\u00e1sk\u00f6rben, vagy a Beszerz\u00e9si Igazgat\u00f3s\u00e1g k\u00f6zrem\u0171k\u00f6d\u00e9s\u00e9vel t\u00f6rt\u00e9nik.<\/p>\n<p>A megemelt fedezet alapj\u00e1n a k\u00f6telezetts\u00e9gv\u00e1llal\u00f3t a K\u00f6telezetts\u00e9gv\u00e1llal\u00e1si Szab\u00e1lyzat szerint kell meghat\u00e1rozni, \u00e9s a formanyomtatv\u00e1nyt vele kell al\u00e1\u00edratni.<\/p>\n<p>Az eredeti BML-re hivatkoz\u00f3 BEF-en szerepl\u0151 \u00faj felt\u00e9telek alapj\u00e1n a beszerz\u00e9si ig\u00e9ny \u00fajra min\u0151s\u00edt\u00e9sre ker\u00fcl. Brutt\u00f3 1 milli\u00f3 Ft, vagy azt meghalad\u00f3 fedezetemel\u00e9s eset\u00e9n \u2013 a folyamatban l\u00e9v\u0151 k\u00f6zbeszerz\u00e9si elj\u00e1r\u00e1sok kiv\u00e9tel\u00e9vel \u2013 a BEF-et m\u00e9g a min\u0151s\u00edt\u00e9sre k\u00fcld\u00e9s el\u0151tt a szakigazgat\u00f3s\u00e1gra kell megk\u00fcldeni szakmai megfelel\u0151s\u00e9g igazol\u00e1sa c\u00e9lj\u00e1b\u00f3l. Az elj\u00e1r\u00e1s sor\u00e1n be\u00e9rkezett legkedvez\u0151bb \u00e9rv\u00e9nyes aj\u00e1nlat \u00f6sszege \u00faj elj\u00e1r\u00e1s megind\u00edt\u00e1s\u00e1t teheti sz\u00fcks\u00e9gess\u00e9.<\/p>\n<p>K\u00f6zpontos\u00edtott k\u00f6zbeszerz\u00e9si elj\u00e1r\u00e1s eredm\u00e9nyek\u00e9ppen megk\u00f6t\u00f6tt keretmeg\u00e1llapod\u00e1s m\u00e1sodik r\u00e9sz\u00e9ben lefolytatott elj\u00e1r\u00e1sok (verseny \u00fajranyit\u00e1s, k\u00f6zvetlen leh\u00edv\u00e1s) sor\u00e1n felmer\u00fcl\u0151 \u2013 az \u00e9rintett keretmeg\u00e1llapod\u00e1sban r\u00f6gz\u00edtett \u2013 k\u00f6zpontos\u00edtott k\u00f6zbeszerz\u00e9si (KEF) d\u00edj m\u00e9rt\u00e9k\u00e9ig, valamint KEF keretmeg\u00e1llapod\u00e1s alapj\u00e1n lefolytatott utaz\u00e1sszervez\u00e9s eset\u00e9n nem sz\u00fcks\u00e9ges k\u00fcl\u00f6n fedezetemel\u00e9s (BEF ki\u00e1ll\u00edt\u00e1sa). Ha beszerz\u00e9st ig\u00e9nyl\u0151 szervezeti egys\u00e9g gazdas\u00e1gi vezet\u0151j\u00e9nek, illet\u0151leg p\u00e9nz\u00fcgyi ellenjegyz\u0151j\u00e9nek e-mail-ban t\u00f6rt\u00e9n\u0151 j\u00f3v\u00e1hagy\u00e1sa alapj\u00e1n a p\u00f3tl\u00f3lagos fedezet biztos\u00edtott, a beszerz\u00e9si elj\u00e1r\u00e1s lefolytathat\u00f3. A fedezet forr\u00e1s\u00e1t az eredeti BML-t ki\u00e1ll\u00edt\u00f3 szervezeti egys\u00e9g biztos\u00edtja.<\/p>\n<p>Az ig\u00e9nyl\u0151 szervezeti egys\u00e9g \u00e1ltal lefolytatott beszerz\u00e9si elj\u00e1r\u00e1s alapj\u00e1n a BML \u00e9s a BEF min\u0151s\u00edt\u00e9s\u00e9t\u0151l sz\u00e1m\u00edtott legfeljebb hat h\u00f3napon bel\u00fcl k\u00f6thet\u0151 szerz\u0151d\u00e9s.<\/p>\n<p>A BEF sablon a Beszerz\u00e9si Igazgat\u00f3s\u00e1g honlapj\u00e1r\u00f3l let\u00f6lthet\u0151, ahol a kit\u00f6lt\u00e9ssel \u00e9s alkalmaz\u00e1ssal kapcsolatos seg\u00e9dlet is megtal\u00e1lhat\u00f3.<\/p>\n<p>Budapest, 2018. j\u00falius 31.<\/p>\n<p>&nbsp;<\/p>\n<p style=\"text-align: center;\">Baumgartnern\u00e9 Holl\u00f3 Ir\u00e9n<br \/>\nmb. gazdas\u00e1gi f\u0151igazgat\u00f3<\/p>\n","protected":false},"excerpt":{"rendered":"<p>Iktat\u00f3sz\u00e1m: 76919\/KSGFI\/2018. Gazdas\u00e1gi F\u0151igazgat\u00f3i T\u00e1j\u00e9koztat\u00f3 a megind\u00edtott beszerz\u00e9si elj\u00e1r\u00e1sok fedezetemel\u00e9s\u00e9nek m\u00f3dj\u00e1r\u00f3l \u00e9s a min\u0151s\u00edt\u00e9s \u00e9rv\u00e9nyess\u00e9g\u00e9nek id\u0151beli hat\u00e1ly\u00e1r\u00f3l Amennyiben a folyamatban l\u00e9v\u0151 (k\u00f6z)beszerz\u00e9si elj\u00e1r\u00e1s eredm\u00e9nyes lefolytat\u00e1sa \u00e9rdek\u00e9ben fedezetemel\u00e9s sz\u00fcks\u00e9ges, illet\u0151leg a fedezet forr\u00e1sa vagy \u00f6sszet\u00e9tele v\u00e1ltozik, akkor a v\u00e1ltoz\u00e1s kezdem\u00e9nyez\u00e9se, illetve dokument\u00e1l\u00e1sa a Beszerz\u00e9si Elj\u00e1r\u00e1s Fedezetemel\u00e9s (a tov\u00e1bbiakban: BEF) sablon haszn\u00e1lat\u00e1val t\u00f6rt\u00e9nik, f\u00fcggetlen\u00fcl att\u00f3l, hogy az &hellip;<\/p>\n","protected":false},"author":12,"featured_media":0,"comment_status":"closed","ping_status":"closed","sticky":false,"template":"","format":"standard","meta":{"_acf_changed":false,"footnotes":""},"categories":[7],"tags":[9],"class_list":["post-74714","post","type-post","status-publish","format-standard","hentry","category-hirek","tag-gfi"],"acf":[],"_links":{"self":[{"href":"https:\/\/semmelweis.hu\/gfi\/wp-json\/wp\/v2\/posts\/74714","targetHints":{"allow":["GET"]}}],"collection":[{"href":"https:\/\/semmelweis.hu\/gfi\/wp-json\/wp\/v2\/posts"}],"about":[{"href":"https:\/\/semmelweis.hu\/gfi\/wp-json\/wp\/v2\/types\/post"}],"author":[{"embeddable":true,"href":"https:\/\/semmelweis.hu\/gfi\/wp-json\/wp\/v2\/users\/12"}],"replies":[{"embeddable":true,"href":"https:\/\/semmelweis.hu\/gfi\/wp-json\/wp\/v2\/comments?post=74714"}],"version-history":[{"count":2,"href":"https:\/\/semmelweis.hu\/gfi\/wp-json\/wp\/v2\/posts\/74714\/revisions"}],"predecessor-version":[{"id":74716,"href":"https:\/\/semmelweis.hu\/gfi\/wp-json\/wp\/v2\/posts\/74714\/revisions\/74716"}],"wp:attachment":[{"href":"https:\/\/semmelweis.hu\/gfi\/wp-json\/wp\/v2\/media?parent=74714"}],"wp:term":[{"taxonomy":"category","embeddable":true,"href":"https:\/\/semmelweis.hu\/gfi\/wp-json\/wp\/v2\/categories?post=74714"},{"taxonomy":"post_tag","embeddable":true,"href":"https:\/\/semmelweis.hu\/gfi\/wp-json\/wp\/v2\/tags?post=74714"}],"curies":[{"name":"wp","href":"https:\/\/api.w.org\/{rel}","templated":true}]}}