{"id":74707,"date":"2018-07-30T11:24:11","date_gmt":"2018-07-30T09:24:11","guid":{"rendered":"http:\/\/semmelweis.hu\/gfi\/?p=74707"},"modified":"2018-07-30T11:24:11","modified_gmt":"2018-07-30T09:24:11","slug":"tajekoztato-a-kotelezettsegvallalasi-szabalyzat-elfogadasarol","status":"publish","type":"post","link":"https:\/\/semmelweis.hu\/gfi\/2018\/07\/30\/tajekoztato-a-kotelezettsegvallalasi-szabalyzat-elfogadasarol\/","title":{"rendered":"T\u00e1j\u00e9koztat\u00f3 a K\u00f6telezetts\u00e9gv\u00e1llal\u00e1si Szab\u00e1lyzat elfogad\u00e1s\u00e1r\u00f3l"},"content":{"rendered":"<p style=\"text-align: right;\"><strong>Ikt.sz\u00e1m: \u00a014600-22\u00a0 \/KSGFI\/2018.<\/strong><\/p>\n<p><strong>T\u00e1j\u00e9koztat\u00f3\u00a0<\/strong><strong>valamennyi szervezeti egys\u00e9g gazd\u00e1lkod\u00e1si jogk\u00f6rt gyakorl\u00f3 munkat\u00e1rsa r\u00e9sz\u00e9re<\/strong><\/p>\n<p><strong>Tisztelt Munkat\u00e1rsak! <\/strong><\/p>\n<p>T\u00e1j\u00e9koztatom, hogy 2018. j\u00falius 07-\u00e9n hat\u00e1lyba l\u00e9pett a Semmelweis Egyetem Kancell\u00e1rj\u00e1nak<\/p>\n<p><strong>K\/5\/2018. (VII. 05.) sz\u00e1m\u00fa hat\u00e1rozata\u00a0<\/strong><strong>a K\u00f6telezetts\u00e9gv\u00e1llal\u00e1si Szab\u00e1lyzat elfogad\u00e1s\u00e1r\u00f3l.<\/strong><\/p>\n<p>Az \u00faj Szab\u00e1lyzat hat\u00e1lybal\u00e9p\u00e9s\u00e9vel egyidej\u0171leg a K\/18\/2017 (VI. 13.) sz. kancell\u00e1ri hat\u00e1rozattal elfogadott K\u00f6telezetts\u00e9gv\u00e1llal\u00e1si Szab\u00e1lyzat, valamint a szab\u00e1lyzat alkalmaz\u00e1s\u00e1ra kiadott 21404-20\/KSGFI\/2017. sz\u00e1m\u00fa gazdas\u00e1gi f\u0151igazgat\u00f3i T\u00e1j\u00e9koztat\u00f3 <strong>hat\u00e1ly\u00e1t veszti.<\/strong><strong>\u00a0<\/strong><\/p>\n<p>Felh\u00edvom a gazd\u00e1lkod\u00e1si jogosults\u00e1ggal rendelkez\u0151 valamennyi munkat\u00e1rs figyelm\u00e9t a <strong>K\u00f6telezetts\u00e9gv\u00e1llal\u00e1si Szab\u00e1lyzat <\/strong>(a tov\u00e1bbiakban: Szab\u00e1lyzat)<strong> f\u0151bb v\u00e1ltoz\u00e1saira:<\/strong><strong>\u00a0<\/strong><\/p>\n<p><strong>I. Elj\u00e1r\u00e1srendi v\u00e1ltoz\u00e1sok<\/strong><\/p>\n<ul>\n<li>P\u00e9nz\u00fcgyi ellenjegyz\u00e9s fogalma m\u00f3dosult jogszab\u00e1lyi v\u00e1ltoz\u00e1s miatt: annak igazol\u00e1sa, hogy <span style=\"text-decoration: line-through;\">a szabad el\u0151ir\u00e1nyzat rendelkez\u00e9sre \u00e1ll,<\/span> a tervezett kifizet\u00e9si id\u0151pontokban a p\u00e9nz\u00fcgyi fedezet biztos\u00edtott, \u00e9s a k\u00f6telezetts\u00e9gv\u00e1llal\u00e1s nem s\u00e9rti a gazd\u00e1lkod\u00e1sra vonatkoz\u00f3 szab\u00e1lyokat.<\/li>\n<li>A k\u00f6telezetts\u00e9gv\u00e1llal\u00e1s dokumentumain\u00e1l pontos\u00edt\u00e1s t\u00f6rt\u00e9nt:<\/li>\n<\/ul>\n<ol style=\"list-style-type: lower-alpha;\">\n<li>k\u00f6zalkalmazotti jogviszony l\u00e9trehoz\u00e1s\u00e1ra, m\u00f3dos\u00edt\u00e1s\u00e1ra ir\u00e1nyul\u00f3 okirat (kor\u00e1bban kinevez\u00e9si okirat szerepelt).<\/li>\n<\/ol>\n<ul>\n<li>T\u00f6bb \u00e9v el\u0151ir\u00e1nyzat\u00e1t terhel\u0151, <strong>nett\u00f3 500 ezer Ft-ot \u00e9s id\u0151beli hat\u00e1ly\u00e1t tekintve 12 h\u00f3nap id\u0151tartamot el\u00e9r\u0151 <\/strong>k\u00f6telezetts\u00e9gv\u00e1llal\u00e1s eset\u00e9n a kancell\u00e1r a k\u00f6telezetts\u00e9gv\u00e1llal\u00f3 (eddig az id\u0151beli hat\u00e1ly nem volt r\u00f6gz\u00edtve).<\/li>\n<li>Adom\u00e1nygy\u00f3gyszerek elfogad\u00e1s\u00e1nak al\u00e1\u00edr\u00f3i r\u00f6gz\u00edt\u00e9sre ker\u00fcltek.<\/li>\n<li>R\u00f6gz\u00edt\u00e9sre ker\u00fclt, hogy a m\u00e1r kor\u00e1bban rendszeres\u00edtett CO rendel\u00e9ssz\u00e1m ig\u00e9nyl\u0151 lapon szerepl\u0151 gazd\u00e1lkod\u00e1si jogk\u00f6rgyakorl\u00f3kra hogyan t\u00f6rt\u00e9nik a javaslatt\u00e9tel. Az Al\u00e1\u00edr\u00e1s Bejelent\u0151 Adatlapot (Szab\u00e1lyzat 1. sz. mell\u00e9klete) meg kell k\u00fcldeni a GFO-ra a rendel\u00e9ssz\u00e1m Kontrolling Igazgat\u00f3s\u00e1g \u00e1ltal t\u00f6rt\u00e9n\u0151 kiad\u00e1s\u00e1t k\u00f6vet\u0151 <strong>8 napon bel\u00fcl<\/strong>, v\u00e1ltoz\u00e1s eset\u00e9n a Bejelent\u00e9s\/V\u00e1ltoz\u00e1sbejelent\u0151 adatlappal egyidej\u0171leg.<\/li>\n<li>\u00daj k\u00f6lts\u00e9ghely l\u00e9trehoz\u00e1sakor, a felhatalmazottak k\u00f6r\u00e9ben t\u00f6rt\u00e9nt v\u00e1ltoz\u00e1skor a szervezeti egys\u00e9g k\u00f6teles <strong>8 napon bel\u00fcl<\/strong> javaslatot tenni a felhatalmazottak szem\u00e9ly\u00e9re a 2. sz. mell\u00e9klet Gazd\u00e1lkod\u00e1s-fel\u00fcgyeleti Oszt\u00e1lyra t\u00f6rt\u00e9n\u0151 megk\u00fcld\u00e9s\u00e9vel.<\/li>\n<li>R\u00f6gz\u00edt\u00e9sre ker\u00fcl a PHD hallgat\u00f3k vonatkoz\u00e1s\u00e1ban sz\u00fcks\u00e9ges adatszolg\u00e1ltat\u00e1s rendje \u00e9s az, hogy a szakmai teljes\u00edt\u00e9s igazol\u00f3 minden esetben a Doktori Iskola \u00e1ltal a hallgat\u00f3 mell\u00e9 kijel\u00f6lt t\u00e9mavezet\u0151, aki a k\u00f6telezetts\u00e9gv\u00e1llal\u00e1s dokumentum\u00e1t is k\u00f6teles szign\u00e1lni.<\/li>\n<li>\u00daj elemk\u00e9nt ker\u00fclt a szab\u00e1lyzatba, hogy a rektor a k\u00f6telezetts\u00e9gv\u00e1llal\u00f3 azon nemzetk\u00f6zi meg\u00e1llapod\u00e1sok, szerz\u0151d\u00e9sek eset\u00e9n, ahol a partner nem magyarorsz\u00e1gi illet\u0151s\u00e9g\u0171 fels\u0151oktat\u00e1si int\u00e9zm\u00e9ny \u00e9s a k\u00f6telezetts\u00e9gv\u00e1llal\u00e1s t\u00e1rgya oktat\u00e1s vagy kutat\u00e1s.<\/li>\n<li>Pontos\u00edt\u00e1s t\u00f6rt\u00e9nt a helyettes\u00edt\u00e9sre vonatkoz\u00f3an: \u201eA gazd\u00e1lkod\u00e1si jogk\u00f6rgyakorl\u00f3k <strong>t\u00e1voll\u00e9te <\/strong>eset\u00e9re helyettes jel\u00f6lhet\u0151 ki, a helyettesek r\u00e9sz\u00e9re a n\u00e9vre sz\u00f3l\u00f3 felhatalmaz\u00e1sok is az \u00e1ltal\u00e1nos szab\u00e1lyok szerint ker\u00fclnek kiad\u00e1sra. A felhatalmazottak akad\u00e1lyoztat\u00e1sa eset\u00e9n a joggyakorl\u00e1sra az eredeti joggyakorl\u00f3 jogosult (rektor, kancell\u00e1r, gazdas\u00e1gi f\u0151igazgat\u00f3)\u201d A felhatalmazottak a gazd\u00e1lkod\u00e1si jogk\u00f6rt tov\u00e1bb nem deleg\u00e1lhatj\u00e1k.<\/li>\n<li>Az 1. 2. sz. mell\u00e9klet v\u00e1ltozott, word form\u00e1tumban jelen t\u00e1j\u00e9koztat\u00f3hoz csatolva &#8211; Al\u00e1\u00edr\u00e1s Bejelent\u0151 Adatlap (ABA), Bejelent\u00e9s\/V\u00e1ltoz\u00e1sbejelent\u0151 Adatlap (BVA).<\/li>\n<\/ul>\n<p><strong>II. Nyilv\u00e1ntart\u00e1ssal kapcsolatos v\u00e1ltoz\u00e1sok<\/strong><\/p>\n<ul>\n<li>Az SAP HR rendszer informatikai fejleszt\u00e9s r\u00e9szek\u00e9nt elk\u00e9sz\u00fclt az SAP Munka\u00fcgyi Nyilv\u00e1ntart\u00e1s Felhatalmazotti Nyilv\u00e1ntart\u00f3 \u00e9s Lek\u00e9rdez\u0151 modul (tov\u00e1bbiakban: SAP HR modul), melynek keret\u00e9ben l\u00e9trehozott fel\u00fcleten lehet\u0151v\u00e9 v\u00e1lik a gazd\u00e1lkod\u00e1si jogk\u00f6r\u00f6k r\u00f6gz\u00edt\u00e9se, a felhatalmaz\u00e1sok kiad\u00e1sa \u00e9s nyilv\u00e1ntart\u00e1sa. A rendszer teljesk\u00f6r\u0171 bevezet\u00e9s\u00e9vel a jelenlegi szervezeti egys\u00e9ghez kapcsol\u00f3d\u00f3 felhatalmaz\u00e1sok kiad\u00e1s\u00e1nak rendje megv\u00e1ltozik, k\u00f6lts\u00e9ghelyhez, rendel\u00e9ssz\u00e1mhoz ker\u00fcl kiad\u00e1sra a felhatalmaz\u00e1s \u00e9s megny\u00edlik a lehet\u0151s\u00e9ge az elektronikus al\u00e1\u00edr\u00e1s bevezet\u00e9s\u00e9nek. <strong>A rendszer teljes k\u00f6r\u0171 ind\u00edt\u00e1s\u00e1t k\u00f6vet\u0151en \u00fajabb gazdas\u00e1gi f\u0151igazgat\u00f3i T\u00e1j\u00e9koztat\u00f3 ker\u00fcl kiad\u00e1sra.<\/strong><\/li>\n<\/ul>\n<p>K\u00e9rem, hogy a szab\u00e1lyzatot tanulm\u00e1nyozz\u00e1k \u00e1t \u00e9s fokozottan figyeljenek a v\u00e1ltoz\u00e1sokb\u00f3l ered\u0151 m\u00f3dos\u00edtott rendelkez\u00e9sek betart\u00e1s\u00e1ra, valamint a Szerz\u0151d\u00e9sk\u00f6t\u00e9si \u00e9s a Beszerz\u00e9si szab\u00e1lyzatban foglaltak \u00f6sszhangj\u00e1ra.<\/p>\n<p>Nyomat\u00e9kosan felh\u00edvom a figyelmet a Szab\u00e1lyzat el\u0151\u00edr\u00e1sainak betart\u00e1s\u00e1ra, mivel a jogszer\u0171tlen k\u00f6telezetts\u00e9gv\u00e1llal\u00e1s a Szab\u00e1lyzatban foglalt szankci\u00f3k alkalmaz\u00e1s\u00e1t teszi sz\u00fcks\u00e9gess\u00e9.<\/p>\n<p>Budapest, 2018. j\u00falius<\/p>\n<p style=\"text-align: center;\">Baumgartnern\u00e9 Holl\u00f3 Ir\u00e9n<\/p>\n<p><strong>Mell\u00e9kletek:<\/strong><\/p>\n<ul>\n<li><a href=\"https:\/\/semmelweis.hu\/jogigfoig\/dokumentumtar\/szabalyzattar\/kotelezettsegvallalasi-szabalyzat\/\" target=\"_blank\" rel=\"noopener\">K\u00f6telezetts\u00e9gv\u00e1llal\u00e1si szab\u00e1lyzat \u00e9s mell\u00e9kletei (tov\u00e1bb a JIF honlapj\u00e1ra)&#8230;<\/a><\/li>\n<li><a href=\"https:\/\/semmelweis.hu\/gfi\/files\/2018\/07\/14600_22_KSGFI_1_sz_mell\u00e9klet.docx\">Al\u00e1\u00edr\u00e1s Bejelent\u0151 Adatlap (ABA) &#8211; docx<\/a><\/li>\n<li><a href=\"https:\/\/semmelweis.hu\/gfi\/files\/2018\/07\/14600_22_KSGFI_2_sz_melleklet.docx\">Bejelent\u00e9s\/V\u00e1ltoz\u00e1sbejelent\u0151 Adatlap (BVA) &#8211; docx<\/a><\/li>\n<\/ul>\n","protected":false},"excerpt":{"rendered":"<p>2018. j\u00falius 07-\u00e9n hat\u00e1lyba l\u00e9pett a Semmelweis Egyetem Kancell\u00e1rj\u00e1nak K\/5\/2018. (VII. 05.) sz\u00e1m\u00fa hat\u00e1rozata\u00a0a K\u00f6telezetts\u00e9gv\u00e1llal\u00e1si Szab\u00e1lyzat elfogad\u00e1s\u00e1r\u00f3l.<\/p>\n","protected":false},"author":12,"featured_media":0,"comment_status":"closed","ping_status":"closed","sticky":false,"template":"","format":"standard","meta":{"_acf_changed":false,"footnotes":""},"categories":[7],"tags":[9],"class_list":["post-74707","post","type-post","status-publish","format-standard","hentry","category-hirek","tag-gfi"],"acf":[],"_links":{"self":[{"href":"https:\/\/semmelweis.hu\/gfi\/wp-json\/wp\/v2\/posts\/74707","targetHints":{"allow":["GET"]}}],"collection":[{"href":"https:\/\/semmelweis.hu\/gfi\/wp-json\/wp\/v2\/posts"}],"about":[{"href":"https:\/\/semmelweis.hu\/gfi\/wp-json\/wp\/v2\/types\/post"}],"author":[{"embeddable":true,"href":"https:\/\/semmelweis.hu\/gfi\/wp-json\/wp\/v2\/users\/12"}],"replies":[{"embeddable":true,"href":"https:\/\/semmelweis.hu\/gfi\/wp-json\/wp\/v2\/comments?post=74707"}],"version-history":[{"count":1,"href":"https:\/\/semmelweis.hu\/gfi\/wp-json\/wp\/v2\/posts\/74707\/revisions"}],"predecessor-version":[{"id":74710,"href":"https:\/\/semmelweis.hu\/gfi\/wp-json\/wp\/v2\/posts\/74707\/revisions\/74710"}],"wp:attachment":[{"href":"https:\/\/semmelweis.hu\/gfi\/wp-json\/wp\/v2\/media?parent=74707"}],"wp:term":[{"taxonomy":"category","embeddable":true,"href":"https:\/\/semmelweis.hu\/gfi\/wp-json\/wp\/v2\/categories?post=74707"},{"taxonomy":"post_tag","embeddable":true,"href":"https:\/\/semmelweis.hu\/gfi\/wp-json\/wp\/v2\/tags?post=74707"}],"curies":[{"name":"wp","href":"https:\/\/api.w.org\/{rel}","templated":true}]}}