{"id":74154,"date":"2007-02-08T11:18:44","date_gmt":"2007-02-08T10:18:44","guid":{"rendered":"http:\/\/semmelweis.hu\/?p=939"},"modified":"2018-05-23T12:12:52","modified_gmt":"2018-05-23T10:12:52","slug":"2006-evrol-2007-evre-athuzodo-rendezetlen-szamlak-bekuldese-2007-02-12-ig","status":"publish","type":"post","link":"https:\/\/semmelweis.hu\/gfi\/2007\/02\/08\/2006-evrol-2007-evre-athuzodo-rendezetlen-szamlak-bekuldese-2007-02-12-ig\/","title":{"rendered":"2006.\u00e9vr\u0151l, 2007. \u00e9vre \u00e1th\u00faz\u00f3d\u00f3 rendezetlen sz\u00e1ml\u00e1k bek\u00fcld\u00e9se 2007.02.12-ig"},"content":{"rendered":"<div><span style=\"font-size: x-small\"><strong>Tisztelt\u00a0 Gazdas\u00e1gi Vezet\u0151k !<\/strong><\/span><\/div>\n<div>\u00a0<\/div>\n<div><span style=\"font-size: x-small\"><strong>Csatoltan megk\u00fcldj\u00fck azokat a 2006.\u00e9vr\u0151l, 2007. \u00e9vre \u00e1th\u00faz\u00f3d\u00f3 rendezetlen sz\u00e1ml\u00e1kat, amelyeknek rendez\u00e9se m\u00e1r csak P\u00e9nz\u00fcgyi \u00e9s Sz\u00e1mviteli F\u0151oszt\u00e1ly P\u00e9nzforgalmi csoportj\u00e1ban\u00a0 lehets\u00e9ges. <\/strong><\/span><\/div>\n<div>\u00a0<\/div>\n<div><span style=\"font-size: x-small\"><strong>K\u00e9rj\u00fck \u00d6n\u00f6ket, hogy a csatolt \u00e1llom\u00e1nyban az \u00d6n\u00f6k k\u00f6lts\u00e9ghely\u00e9re k\u00f6nyvelt azon sz\u00e1ml\u00e1kat, amelyek \u00d6n\u00f6kn\u00e9l vannak, 24 \u00f3r\u00e1n bel\u00fcl, de legk\u00e9s\u0151bb <span style=\"text-decoration: underline\">2007.02.12. h\u00e9tf\u0151, 10 \u00f3r\u00e1ig<\/span> k\u00fcldj\u00e9k be a P\u00e9nzforgalmi Csoport r\u00e9sz\u00e9re. Amennyiben id\u0151k\u00f6zben bek\u00fcldt\u00e9k volna, \u00fagy tekints\u00e9k t\u00e1rgytalannak a megkeres\u00e9s\u00fcnket.<\/strong><\/span><\/div>\n<div>\u00a0<\/div>\n<div>\u00a0<\/div>\n<div><strong><span style=\"font-size: x-small\">2007.02.08.<\/span><\/strong><\/div>\n<div>\u00a0<\/div>\n<div><span style=\"font-size: x-small\"> <strong> SAP Adminisztr\u00e1ci\u00f3<\/strong><\/span><\/div>\n<div>\u00a0<\/div>\n<div><strong><span style=\"font-size: x-small\"><a href=\"http:\/\/gazdinfo.sote.hu\/sap\/docs\/2006-os_szamlak.xls\" target=\"_blank\" rel=\"noopener\">2006-os sz\u00e1ml\u00e1k<\/a><\/span><\/strong><\/div>\n<div><strong><br \/>\n <\/strong><\/div>\n","protected":false},"excerpt":{"rendered":"<p>Tisztelt\u00a0 Gazdas\u00e1gi Vezet\u0151k ! \u00a0 Csatoltan megk\u00fcldj\u00fck azokat a 2006.\u00e9vr\u0151l, 2007. \u00e9vre \u00e1th\u00faz\u00f3d\u00f3 rendezetlen sz\u00e1ml\u00e1kat, amelyeknek rendez\u00e9se m\u00e1r csak P\u00e9nz\u00fcgyi \u00e9s Sz\u00e1mviteli F\u0151oszt\u00e1ly P\u00e9nzforgalmi csoportj\u00e1ban\u00a0 lehets\u00e9ges. \u00a0 K\u00e9rj\u00fck \u00d6n\u00f6ket, hogy a csatolt \u00e1llom\u00e1nyban az \u00d6n\u00f6k k\u00f6lts\u00e9ghely\u00e9re k\u00f6nyvelt azon sz\u00e1ml\u00e1kat, amelyek \u00d6n\u00f6kn\u00e9l vannak, 24 \u00f3r\u00e1n bel\u00fcl, de legk\u00e9s\u0151bb 2007.02.12. h\u00e9tf\u0151, 10 \u00f3r\u00e1ig k\u00fcldj\u00e9k be a P\u00e9nzforgalmi &hellip;<\/p>\n","protected":false},"author":12,"featured_media":0,"comment_status":"closed","ping_status":"closed","sticky":false,"template":"","format":"standard","meta":{"_acf_changed":false,"footnotes":""},"categories":[7],"tags":[10],"class_list":["post-74154","post","type-post","status-publish","format-standard","hentry","category-hirek","tag-penzugy"],"acf":[],"_links":{"self":[{"href":"https:\/\/semmelweis.hu\/gfi\/wp-json\/wp\/v2\/posts\/74154","targetHints":{"allow":["GET"]}}],"collection":[{"href":"https:\/\/semmelweis.hu\/gfi\/wp-json\/wp\/v2\/posts"}],"about":[{"href":"https:\/\/semmelweis.hu\/gfi\/wp-json\/wp\/v2\/types\/post"}],"author":[{"embeddable":true,"href":"https:\/\/semmelweis.hu\/gfi\/wp-json\/wp\/v2\/users\/12"}],"replies":[{"embeddable":true,"href":"https:\/\/semmelweis.hu\/gfi\/wp-json\/wp\/v2\/comments?post=74154"}],"version-history":[{"count":2,"href":"https:\/\/semmelweis.hu\/gfi\/wp-json\/wp\/v2\/posts\/74154\/revisions"}],"predecessor-version":[{"id":74561,"href":"https:\/\/semmelweis.hu\/gfi\/wp-json\/wp\/v2\/posts\/74154\/revisions\/74561"}],"wp:attachment":[{"href":"https:\/\/semmelweis.hu\/gfi\/wp-json\/wp\/v2\/media?parent=74154"}],"wp:term":[{"taxonomy":"category","embeddable":true,"href":"https:\/\/semmelweis.hu\/gfi\/wp-json\/wp\/v2\/categories?post=74154"},{"taxonomy":"post_tag","embeddable":true,"href":"https:\/\/semmelweis.hu\/gfi\/wp-json\/wp\/v2\/tags?post=74154"}],"curies":[{"name":"wp","href":"https:\/\/api.w.org\/{rel}","templated":true}]}}