{"id":74143,"date":"2006-11-07T23:48:45","date_gmt":"2006-11-07T22:48:45","guid":{"rendered":"http:\/\/semmelweis.hu\/?p=840"},"modified":"2018-05-24T08:30:10","modified_gmt":"2018-05-24T06:30:10","slug":"oktober-31-en-megnyiltak-a-phd-hallgatok-kutatasi-keretei-szeptember-1-es-december-31-ei-idoszakra-vonatkozoan","status":"publish","type":"post","link":"https:\/\/semmelweis.hu\/gfi\/2006\/11\/07\/oktober-31-en-megnyiltak-a-phd-hallgatok-kutatasi-keretei-szeptember-1-es-december-31-ei-idoszakra-vonatkozoan\/","title":{"rendered":"Okt\u00f3ber 31-\u00e9n megny\u00edltak a PhD hallgat\u00f3k kutat\u00e1si keretei szeptember 1 \u00e9s december 31-ei id\u0151szakra vonatkoz\u00f3an."},"content":{"rendered":"<p>Okt\u00f3ber 31-\u00e9n megny\u00edltak a PhD hallgat\u00f3k kutat\u00e1si keretei szeptember 1 \u00e9s december 31-ei id\u0151szakra vonatkoz\u00f3an.<\/p>\n<ul>\n<li><a href=\"http:\/\/gazdinfo.sote.hu\/sap\/docs\/phdtajlev.doc\" target=\"_blank\" rel=\"noopener\">T\u00e1j\u00e9koztat\u00f3 lev\u00e9l<\/a><\/li>\n<li><a href=\"http:\/\/gazdinfo.sote.hu\/sap\/docs\/ujhalli.xls\" target=\"_blank\" rel=\"noopener\">\u00daj hallgat\u00f3k list\u00e1ja<\/a><\/li>\n<\/ul>\n","protected":false},"excerpt":{"rendered":"<p>Okt\u00f3ber 31-\u00e9n megny\u00edltak a PhD hallgat\u00f3k kutat\u00e1si keretei szeptember 1 \u00e9s december 31-ei id\u0151szakra vonatkoz\u00f3an.<\/p>\n<p><a href=\"http:\/\/gazdinfo.sote.hu\/sap\/docs\/phdtajlev.doc\" target=\"_blank\" rel=\"noopener\">T\u00e1j\u00e9koztat\u00f3 lev\u00e9l<\/a><br \/>\n<a href=\"http:\/\/gazdinfo.sote.hu\/sap\/docs\/ujhalli.xls\" target=\"_blank\" rel=\"noopener\">\u00daj hallgat\u00f3k list\u00e1ja<\/a><\/p>\n","protected":false},"author":12,"featured_media":0,"comment_status":"closed","ping_status":"closed","sticky":false,"template":"","format":"standard","meta":{"_acf_changed":false,"footnotes":""},"categories":[7],"tags":[8],"class_list":["post-74143","post","type-post","status-publish","format-standard","hentry","category-hirek","tag-kontrolling"],"acf":[],"_links":{"self":[{"href":"https:\/\/semmelweis.hu\/gfi\/wp-json\/wp\/v2\/posts\/74143","targetHints":{"allow":["GET"]}}],"collection":[{"href":"https:\/\/semmelweis.hu\/gfi\/wp-json\/wp\/v2\/posts"}],"about":[{"href":"https:\/\/semmelweis.hu\/gfi\/wp-json\/wp\/v2\/types\/post"}],"author":[{"embeddable":true,"href":"https:\/\/semmelweis.hu\/gfi\/wp-json\/wp\/v2\/users\/12"}],"replies":[{"embeddable":true,"href":"https:\/\/semmelweis.hu\/gfi\/wp-json\/wp\/v2\/comments?post=74143"}],"version-history":[{"count":1,"href":"https:\/\/semmelweis.hu\/gfi\/wp-json\/wp\/v2\/posts\/74143\/revisions"}],"predecessor-version":[{"id":74376,"href":"https:\/\/semmelweis.hu\/gfi\/wp-json\/wp\/v2\/posts\/74143\/revisions\/74376"}],"wp:attachment":[{"href":"https:\/\/semmelweis.hu\/gfi\/wp-json\/wp\/v2\/media?parent=74143"}],"wp:term":[{"taxonomy":"category","embeddable":true,"href":"https:\/\/semmelweis.hu\/gfi\/wp-json\/wp\/v2\/categories?post=74143"},{"taxonomy":"post_tag","embeddable":true,"href":"https:\/\/semmelweis.hu\/gfi\/wp-json\/wp\/v2\/tags?post=74143"}],"curies":[{"name":"wp","href":"https:\/\/api.w.org\/{rel}","templated":true}]}}