{"id":6245,"date":"2011-08-22T09:32:50","date_gmt":"2011-08-22T07:32:50","guid":{"rendered":"http:\/\/semmelweis-egyetem.hu\/hirek\/?p=6245"},"modified":"2011-08-22T09:32:50","modified_gmt":"2011-08-22T07:32:50","slug":"se-egeszsegtudomanyi-kar-konyha-munkahelyi-etterem-bufe","status":"publish","type":"post","link":"https:\/\/semmelweis.hu\/gfi\/2011\/08\/22\/se-egeszsegtudomanyi-kar-konyha-munkahelyi-etterem-bufe\/","title":{"rendered":"SE Eg\u00e9szs\u00e9gtudom\u00e1nyi Kar: Konyha, munkahelyi \u00e9tterem-b\u00fcf\u00e9"},"content":{"rendered":"<div>\n<p>&nbsp;<\/p>\n<p><span style=\"text-decoration: underline\">\u00d6sszefoglal\u00f3 T\u00e1j\u00e9koztat\u00f3<\/span><\/p>\n<div>\n<p>A Semmelweis Egyetem (1085 Budapest, \u00dcll\u0151i 26.), a tov\u00e1bbiakban Ki\u00edr\u00f3, az \u00e1llami vagyonnal val\u00f3 gazd\u00e1lkod\u00e1sr\u00f3l sz\u00f3l\u00f3 2007. \u00e9vi CVl. T\u00f6rv\u00e9ny, illetve az \u00e1llami vagyonnal val\u00f3 gazd\u00e1lkod\u00e1sr\u00f3l sz\u00f3l\u00f3 254\/2007.\u00a0 Korm. rendelet alapj\u00e1n \u00fczemeltet\u00e9sre (b\u00e9rbead\u00e1sra) <strong><span style=\"text-decoration: underline\">Egyfordul\u00f3s nyilv\u00e1nos p\u00e1ly\u00e1zat<\/span><\/strong>keret\u00e9ben meghirdeti az Eg\u00e9szs\u00e9gtudom\u00e1nyi Kar,\u00a0 1088. Budapest, Vas u 17. sz\u00e1m alatti, \u00f6sszesen 235,6 m2 ter\u00fclet\u0171, konyha, munkahelyi\u00a0 \u00e9tterem- b\u00fcf\u00e9t.<\/p>\n<\/div>\n<p><span style=\"text-decoration: underline\">Aj\u00e1nlatok bead\u00e1s\u00e1nak m\u00f3dja<\/span>: <span style=\"text-decoration: underline\">Aj\u00e1nlatok bead\u00e1s\u00e1nak m\u00f3dja<\/span>: A p\u00e1ly\u00e1zati aj\u00e1nlatokat magyar nyelven, szem\u00e9lyesen, illetve meghatalmazott \u00fatj\u00e1n lehet beny\u00fajtani, \u00fagy hogy az aj\u00e1nlat a beny\u00fajt\u00e1s hat\u00e1ridej\u00e9nek lej\u00e1rta el\u0151tt a Ki\u00edr\u00f3hoz meg\u00e9rkezz\u00e9k. Az aj\u00e1nlatot 1eredeti \u00e9s 4 m\u00e1solati p\u00e9ld\u00e1nyban, valamint egy darab, minden beny\u00fajtott dokumentumot elektronikusan (PDF form\u00e1tumban) tartalmaz\u00f3 CD\/DVD lemezen elektronikusan kell beny\u00fajtani. A nyomtatott Aj\u00e1nlatokat el\u0151lappal, oldalsz\u00e1mokat is tartalmaz\u00f3 tartalomjegyz\u00e9kkel ell\u00e1tva, folyamatos oldalsz\u00e1moz\u00e1ssal, minden oldalon c\u00e9gszer\u0171en al\u00e1\u00edrva, roncsol\u00e1smentesen megbonthatatlan m\u00f3don k\u00f6t\u00f6tt vagy f\u0171z\u00f6tt form\u00e1ban, egy darab, z\u00e1rt, roncsol\u00e1smentesen nem nyithat\u00f3 &#8211; z\u00e1rt bor\u00edt\u00e9kban vagy dobozban kell beny\u00fajtani. A csomagol\u00e1son (bor\u00edt\u00e9k\/doboz) k\u00fcls\u0151 feliratban szerepelni kell:<\/p>\n<p>,,<strong>Aj\u00e1nlat &#8211; a Semmelweis Egyetem vagyonkezel\u00e9s\u00e9ben \u00e1ll\u00f3 Eg\u00e9szs\u00e9gtudom\u00e1nyi Kar Vas u. 17. alatti oktat\u00e1si \u00e9s iroda\u00e9p\u00fclet \u00fczemi \u00e9tterem \u00e9s b\u00fcf\u00e9 \u00fczemeltet\u00e9se _ csak az aj\u00e1nlatt\u00e9teli hat\u00e1rid\u0151 lej\u00e1rtakor hivatalos elj\u00e1r\u00e1s keret\u00e9ben bonthat\u00f3 fel!<\/strong>&#8221; felirattal.<\/p>\n<p><strong><span style=\"text-decoration: underline\">A csomagol\u00e1son m\u00e1s nem szerepelhet.<\/span><\/strong><\/p>\n<p>Az aj\u00e1nlattev\u0151 az aj\u00e1nlatt\u00e9teli hat\u00e1rid\u0151 lej\u00e1rt\u00e1ig m\u00f3dos\u00edthatja, visszavonhatja aj\u00e1nlat\u00e1t.<\/p>\n<p>Az ingatlan megtekint\u00e9s\u00e9nek id\u0151pontja: 2011.augusztus 15., 10.00 \u00f3ra. Tal\u00e1lkoz\u00f3 helysz\u00edne: 1088<\/p>\n<p>Budapest, Vas u. 17., ETK \u00e9p\u00fclet f\u0151bej\u00e1rata.<\/p>\n<p><strong><span style=\"text-decoration: underline\">B\u00e9rbead\u00e1si felt\u00e9telek<\/span><\/strong>: A Ki\u00edr\u00f3 3 \u00e9ves hat\u00e1rozott id\u0151tartamra k\u00edv\u00e1n b\u00e9rleti szerz\u0151d\u00e9st k\u00f6tni, a p\u00e1ly\u00e1zati dokument\u00e1ci\u00f3ban foglalt b\u00e9rleti szerz\u0151d\u00e9s alapj\u00e1n. B\u00e9rl\u0151 az \u00fczemeltet\u00e9st akkor kezdheti meg, ha a sz\u00fcks\u00e9ges hat\u00f3s\u00e1gi m\u0171k\u00f6d\u00e9si enged\u00e9lyt megszerezte.<\/p>\n<p>Ki\u00edr\u00f3 a b\u00e9rleti d\u00edjat <strong><span style=\"text-decoration: underline\">minimum 200.000,- Ft\/h\u00f3<\/span><\/strong> \u00f6sszegben k\u00f6ti ki, amely az \u00c1FA szempontj\u00e1b\u00f3l ad\u00f3mentes. A b\u00e9rleti d\u00edjat minden <strong><span style=\"text-decoration: underline\">h\u00f3nap 10-ik napj\u00e1ig<\/span><\/strong> kell Ki\u00edr\u00f3 r\u00e9sz\u00e9re megfizetni, mely minden, szerz\u0151d\u00e9sk\u00f6t\u00e9si \u00e9vfordul\u00f3 sor\u00e1n fel\u00fclvizsg\u00e1latra ker\u00fcl, \u00e9s legfeljebb a KSH \u00e1ltal k\u00f6zz\u00e9 tett el\u0151z\u0151 \u00e9vi infl\u00e1ci\u00f3s r\u00e1ta m\u00e9rt\u00e9k\u00e9vel emelkedik.<\/p>\n<p><strong><span style=\"text-decoration: underline\">Aj\u00e1nlat \u00c9rv\u00e9nyess\u00e9gi felt\u00e9telei<\/span><\/strong>:<\/p>\n<p>1. Aj\u00e1nlattev\u0151 a dokument\u00e1ci\u00f3t megv\u00e1s\u00e1rolta,<\/p>\n<p>2. az aj\u00e1nlatot a P\u00e1ly\u00e1zati Felh\u00edv\u00e1sban meghat\u00e1rozott hat\u00e1ridej\u00e9ig \u00e9s helyen, az el\u0151\u00edrt form\u00e1ban ny\u00fajtott\u00e1k be,<\/p>\n<p>3. Tartalmaz Nyilatkozatot arr\u00f3l, hogy az Aj\u00e1nlattev\u0151 a r\u00e9szv\u00e9teli \u00e9s szerz\u0151d\u00e9ses felt\u00e9telekben meghat\u00e1rozottaknak marad\u00e9ktalanul eleget tesz, ennek alapj\u00e1n, a Ki\u00edr\u00f3 \u00e1ltal a P\u00e1ly\u00e1zati dokument\u00e1ci\u00f3 r\u00e9szek\u00e9nt rendelkez\u00e9sre bocs\u00e1tott szerz\u0151d\u00e9stervezetet a p\u00e1ly\u00e1zati aj\u00e1nlat bead\u00e1s\u00e1val egyidej\u0171leg, tov\u00e1bbi felt\u00e9telek t\u00e1maszt\u00e1sa n\u00e9lk\u00fcl, kit\u00f6ltve, elfogad\u00f3lag al\u00e1\u00edrva a meghat\u00e1rozott Mell\u00e9kletekkel egy\u00fctt beny\u00fajtja,<\/p>\n<p>4. az Aj\u00e1nlattev\u0151 igazolja, illetve k\u00f6zjegyz\u0151 el\u0151tt okiratban nyilatkozik, hogy vele szemben a P\u00e1ly\u00e1zati dokument\u00e1ci\u00f3ban meghat\u00e1rozott kiz\u00e1r\u00f3 okok nem \u00e1llnak fenn,<\/p>\n<p>5. az Aj\u00e1nlattev\u0151 beny\u00fajtja a m\u0171szaki alkalmass\u00e1g\u00e1t igazol\u00f3, a P\u00e1ly\u00e1zati dokument\u00e1ci\u00f3 szerinti adatokat, iratokat, nyilatkozatokat, igazol\u00e1sokat,<\/p>\n<p>6. az Aj\u00e1nlattev\u0151 r\u00e9sz\u00e9r\u0151l csatol\u00e1sra ker\u00fclnek az al\u00e1bbi iratok:<\/p>\n<p>(a) Aj\u00e1nlattev\u0151 c\u00e9gjegyz\u00e9sre jogosult k\u00e9pvisel\u0151je\/k\u00e9pvisel\u0151i al\u00e1\u00edr\u00e1si mint\u00e1j\u00e1nak\/c\u00edmp\u00e9ld\u00e1ny\u00e1nak eredeti p\u00e9ld\u00e1nya\/hiteles m\u00e1solata;<\/p>\n<p>(b) Aj\u00e1nlattev\u0151 nyilatkozata arr\u00f3l, hogy mely p\u00e9nzint\u00e9zetekn\u00e9l, mely sz\u00e1mlasz\u00e1mon bonyol\u00edtja p\u00e9nzforgalm\u00e1t, valamennyi, a P\u00e1ly\u00e1zati dokument\u00e1ci\u00f3ban, illetve C\u00e9gkivonat\u00e1ban, internetes honlapj\u00e1n, c\u00e9gjegyz\u00e9s\u00e9ben illetve hivatalos c\u00e9gk\u00f6zl\u00f6nyben megadott \u00f6sszes banksz\u00e1ml\u00e1(i)ra vonatkoz\u00f3an csatolni kell a p\u00e9nzforgalmi sz\u00e1ml\u00e1t kezel\u0151 p\u00e9nzint\u00e9zeti nyilatkozatot, a P\u00e1ly\u00e1zati dokument\u00e1ci\u00f3 6. (c. 2) pontban meghat\u00e1rozott tartalommal;<\/p>\n<p>(c) Aj\u00e1nlattev\u0151 nyilatkozata<\/p>\n<p>(c.1) az id\u0151k\u00f6zben megsz\u00fcntetett sz\u00e1ml\u00e1ir\u00f3l (amennyiben nincs megsz\u00fcntetett sz\u00e1mla, akkor az err\u0151l sz\u00f3l\u00f3 nyilatkozat), valamint<\/p>\n<p>(c.2) p\u00e9nzint\u00e9zeti igazol\u00e1st arr\u00f3l, hogy volt-e 30 napot meghalad\u00f3 sorban \u00e1ll\u00f3 t\u00e9tel b\u00e1rmely banksz\u00e1ml\u00e1n, bele\u00e9rtve a megsz\u00fcntetett sz\u00e1ml\u00e1kat is, 2011. 01. 01.-t\u0151l a jelen p\u00e1ly\u00e1zati felh\u00edv\u00e1s megjelen\u00e9s\u00e9nek napj\u00e1ig,<\/p>\n<p>(d) 30 napn\u00e1l nem r\u00e9gebbi, teljes k\u00f6r\u0171 k\u00f6ztartoz\u00e1s mentess\u00e9gre vonatkoz\u00f3 hat\u00f3s\u00e1gi igazol\u00e1st,<\/p>\n<p>(e) Budapest k\u00f6zigazgat\u00e1si hat\u00e1r\u00e1n bel\u00fcl az Aj\u00e1nlattev\u0151 \u00e1ltal m\u0171k\u00f6dtetett vend\u00e9gl\u00e1t\u00f3 kiskereskedelmi egys\u00e9g (b\u00fcf\u00e9, \u00fczemi munkahelyi melegkonyha vagy m\u00e1s hidegkonyhai termel\u0151\u00fczem) igazolt \u00fczemeltet\u00e9si referencia bemutat\u00e1sa,<\/p>\n<p>(f) Az Aj\u00e1nlattev\u0151 \u00e1ltal a szerz\u0151d\u00e9s teljes\u00edt\u00e9s\u00e9be bevonni k\u00edv\u00e1nt legal\u00e1bb 1 f\u0151 vonatkoz\u00e1s\u00e1ban a<\/p>\n<p>vend\u00e9gl\u00e1t\u00f3ipari v\u00e9gzetts\u00e9g\u00e9t igazol\u00f3 oklev\u00e9l m\u00e1solat\u00e1t, illet\u0151leg a szem\u00e9lyzet vonatkoz\u00e1s\u00e1ban \u00a0a szakm\u00e1ban elt\u00f6lt\u00f6tt legal\u00e1bb h\u00e1rom \u00e9ves gyakorlat igazol\u00e1s\u00e1t,<\/p>\n<p>7. k\u00f6z\u00f6s aj\u00e1nlattev\u0151k aj\u00e1nlatt\u00e9tele eset\u00e9n csatolni kell az Aj\u00e1nlattev\u0151k egy\u00fcttm\u0171k\u00f6d\u00e9s\u00e9r\u0151l sz\u00f3l\u00f3, c\u00e9gszer\u0171en al\u00e1\u00edrt meg\u00e1llapod\u00e1st, valamint az Aj\u00e1nlattev\u0151knek nyilatkozniuk kell c\u00e9gszer\u0171 al\u00e1\u00edr\u00e1ssal ell\u00e1tott nyilatkozatban arr\u00f3l, hogy a B\u00e9rleti Szerz\u0151d\u00e9s teljes\u00edt\u00e9s\u00e9\u00e9rt egyetemleges felel\u0151ss\u00e9get v\u00e1llalnak.<\/p>\n<p><span style=\"text-decoration: underline\">Aj\u00e1nlati k\u00f6t\u00f6tts\u00e9g<\/span> az aj\u00e1nlatt\u00e9teli hat\u00e1rid\u0151 lej\u00e1rt\u00e1nak napj\u00e1t k\u00f6vet\u0151 60 nap. <span style=\"text-decoration: underline\">Aj\u00e1nlatok bont\u00e1sa<\/span> az aj\u00e1nlatt\u00e9teli hat\u00e1rid\u0151 lej\u00e1rt\u00e1nak napj\u00e1n 9.00 \u00f3rakor, k\u00f6zjegyz\u0151 jelenl\u00e9t\u00e9ben t\u00f6rt\u00e9nik a Ki\u00edr\u00f3 fenti c\u00edm\u00e9n. A p\u00e1ly\u00e1zatok bont\u00e1sa sor\u00e1n az aj\u00e1nlattev\u0151k (meghatalmazottjaik) r\u00e9szt vehetnek. A bont\u00e1s sor\u00e1n kiz\u00e1r\u00f3lag a 254\/2007 Vhr.- ben foglalt inform\u00e1ci\u00f3k hozhat\u00f3k nyilv\u00e1noss\u00e1gra.<\/p>\n<p><span style=\"text-decoration: underline\">Aj\u00e1nlatok elb\u00edr\u00e1l\u00e1sa<\/span>: a Ki\u00edr\u00f3 kiz\u00e1r\u00f3lag az \u00e9rv\u00e9nyes aj\u00e1nlatokat &#8211; a legmagasabb \u00f6sszeg\u0171 ellenszolg\u00e1ltat\u00e1s (b\u00e9rleti d\u00edj \u2013 Ft\/h\u00f3, &#8211; mint b\u00edr\u00e1lati szempont alapj\u00e1n, az eredm\u00e9nyhirdet\u00e9st megel\u0151z\u0151en \u00e9rt\u00e9keli.<\/p>\n<p>A Ki\u00edr\u00f3 a p\u00e1ly\u00e1zati felh\u00edv\u00e1s \u00e9rv\u00e9nyess\u00e9gi felt\u00e9teleinek alapj\u00e1n el\u0151zetesen \u00e9rv\u00e9nyesnek min\u0151s\u00edtett aj\u00e1nlatokat a fenti szempont alapj\u00e1n rangsorolja. A b\u00edr\u00e1lat sor\u00e1n a Ki\u00edr\u00f3 az 1. szempontot (b\u00e9rleti d\u00edj) olyan m\u00f3don \u00e9rt\u00e9keli, hogy a legjobb aj\u00e1nlatra maxim\u00e1lis, a t\u00f6bbi aj\u00e1nlatra pedig ar\u00e1nyosan kevesebb pontsz\u00e1mot ad. A kor\u00e1bbi b\u00e9rl\u0151, &#8211; amennyiben \u00e9rv\u00e9nyes p\u00e1ly\u00e1zatot ny\u00fajtott be \u00e9s nem mer\u00fclt fel semmilyen k\u00f6r\u00fclm\u00e9ny, amely miatt az elj\u00e1r\u00e1st \u00e9rv\u00e9nytelen\u00edteni sz\u00fcks\u00e9ges &#8211; el\u0151nyben r\u00e9szes\u00fcl, amennyiben a b\u00e9rleti d\u00edjra adott aj\u00e1nlatok megegyez\u0151ek, elt\u00e9r\u00e9s eset\u00e9n pedig v\u00e1llalja a legjobb aj\u00e1nlattal megegyez\u0151 felt\u00e9tel teljes\u00edt\u00e9s\u00e9t. Az Aj\u00e1nlatok \u00e9rv\u00e9nyess\u00e9gi felt\u00e9telei k\u00f6r\u00e9ben ki\u00edr\u00f3 egyszeri hi\u00e1nyp\u00f3tl\u00e1sra lehet\u0151s\u00e9get biztos\u00edt. A hi\u00e1nyp\u00f3tl\u00e1s hat\u00e1rideje az arra vonatkoz\u00f3 felsz\u00f3l\u00edt\u00e1s k\u00e9zhezv\u00e9tel\u00e9t\u0151l sz\u00e1m\u00edtott 5. munkanap 12.00 \u00f3ra. A hi\u00e1nyp\u00f3tl\u00e1s beny\u00fajt\u00e1s\u00e1nak helye megegyezik az Aj\u00e1nlatok beny\u00fajt\u00e1s\u00e1nak hely\u00e9vel.<\/p>\n<p>Az eredm\u00e9ny kihirdet\u00e9s\u00e9nek <span style=\"text-decoration: underline\">tervezett id\u0151pontja: 2011. szeptember 12.<\/span>. 12.00 \u00f3ra. A szerz\u0151d\u00e9s megk\u00f6t\u00e9s\u00e9nek tervezett id\u0151pontja: <span style=\"text-decoration: underline\">2011. szeptember 19. 10.00 \u00f3ra<\/span><\/p>\n<p>Ki\u00edr\u00f3 <span style=\"text-decoration: underline\">fenntartja jog\u00e1t<\/span>, hogy:<\/p>\n<p>1.) a nyertes aj\u00e1nlattev\u0151 visszal\u00e9p\u00e9se eset\u00e9n vagy, ha a szerz\u0151d\u00e9sk\u00f6t\u00e9s a nyertes aj\u00e1nlattev\u0151vel egy\u00e9b okb\u00f3l meghi\u00fasul, vagy a szerz\u0151d\u00e9s al\u00e1\u00edr\u00e1sa ut\u00e1n egy \u00e9ven bel\u00fcl a nyertes aj\u00e1nlattev\u0151 a szerz\u0151d\u00e9st nem teljes\u00edti \u00e9s ez\u00e9rt a Ki\u00edr\u00f3 a szerz\u0151d\u00e9st\u0151l el\u00e1llt, avagy a felek azt megsz\u00fcntett\u00e9k vagy felbontott\u00e1k, \u00fagy az elj\u00e1r\u00e1s soron k\u00f6vetkez\u0151 helyezettj\u00e9vel k\u00f6ss\u00f6n szerz\u0151d\u00e9st,<\/p>\n<p>2.) a Vhr. \u00a039. 5 (2)-(3) bekezd\u00e9se alapj\u00e1n az elb\u00edr\u00e1l\u00e1si hat\u00e1rid\u0151n bel\u00fcl minden \u00e9rv\u00e9nyes aj\u00e1nlatot beny\u00fajtott aj\u00e1nlattev\u0151 megh\u00edv\u00e1sa mellett t\u00e1rgyal\u00e1st tartson, vagy egyetlen aj\u00e1nlattev\u0151 eset\u00e9n, amennyiben t\u00e1rgyal\u00e1s tart\u00e1s\u00e1t nem tartja sz\u00fcks\u00e9gesnek &#8211; felh\u00edvja az aj\u00e1nlattev\u0151t p\u00e1ly\u00e1zati aj\u00e1nlata m\u00f3dos\u00edt\u00e1s\u00e1ra,<\/p>\n<p>3.) a p\u00e1ly\u00e1zati felh\u00edv\u00e1st az aj\u00e1nlatt\u00e9teli hat\u00e1rid\u0151 lej\u00e1rta el\u0151tt visszavonja, amir\u0151l a p\u00e1ly\u00e1zati felh\u00edv\u00e1s<\/p>\n<p>K\u00f6zl\u00e9s\u00e9vel megegyez\u0151 helyeken az aj\u00e1nlatt\u00e9teli hat\u00e1rid\u0151 lej\u00e1rta el\u0151tt hirdetm\u00e9nyt tesz k\u00f6zz\u00e9, ebben az esetben a Ki\u00edr\u00f3 a p\u00e1ly\u00e1zati dokument\u00e1ci\u00f3 ellen\u00e9rt\u00e9k\u00e9t a p\u00e1ly\u00e1zati felh\u00edv\u00e1s visszavon\u00e1s\u00e1nak t\u00f6rt\u00e9n\u0151 megjelentet\u00e9s\u00e9t k\u00f6vet\u0151 10 (t\u00edz) munkanapon bel\u00fcl, a p\u00e1ly\u00e1zati dokument\u00e1ci\u00f3 visszaszolg\u00e1ltat\u00e1sa ellen\u00e9ben visszafizeti, kiv\u00e9ve, ha az aj\u00e1nlattev\u0151 aj\u00e1nlat\u00e1b\u00f3l nem \u00e1llap\u00edthat\u00f3 meg, hogy a p\u00e1ly\u00e1zati dokument\u00e1ci\u00f3 ellen\u00e9rt\u00e9k\u00e9t milyen sz\u00e1ml\u00e1ra kell visszafizetni, \u00e9s az aj\u00e1nlattev\u0151 a Ki\u00edr\u00f3 erre Vonatkoz\u00f3 felsz\u00f3l\u00edt\u00e1sa ellen\u00e9re sem adja meg a visszafizet\u00e9s teljes\u00edt\u00e9s\u00e9hez sz\u00fcks\u00e9ges adatokat olyan id\u0151ben, hogy a fenti hat\u00e1rid\u0151 tarthat\u00f3 legyen,<\/p>\n<p>4.) b\u00e1rmely, a p\u00e1ly\u00e1zati felh\u00edv\u00e1sban \u00e9s a p\u00e1ly\u00e1zati dokument\u00e1ci\u00f3ban meghat\u00e1rozott hat\u00e1rid\u0151t egyoldal\u00faan, az aj\u00e1nlattev\u0151k megfelel\u0151 \u00e9rtes\u00edt\u00e9se mellett m\u00f3dos\u00edtson, megfelel\u0151 \u00e9rtes\u00edt\u00e9snek min\u0151s\u00fcl az elektronikus mailen, faxon, fut\u00e1r \u00fatj\u00e1n vagy aj\u00e1nlott t\u00e9rtivev\u00e9nyes postai k\u00fcldem\u00e9nyk\u00e9nt., az aj\u00e1nlattev\u0151 \u00e1ltal megadott b\u00e1rmely el\u00e9rhet\u0151s\u00e9gi c\u00edmre t\u00f6rt\u00e9n\u0151 megk\u00fcld\u00e9se,<\/p>\n<p>5.) a jelen elj\u00e1r\u00e1s alapj\u00e1n k\u00f6t\u00f6tt szerz\u0151d\u00e9s 3 (h\u00e1rom) havi felmond\u00e1si id\u0151vel t\u00f6rt\u00e9n\u0151 rendes felmond\u00e1s\u00e1nak jog\u00e1t akkor, ha a jogszab\u00e1lyi felt\u00e9telek l\u00e9nyeges v\u00e1ltoz\u00e1sa, a Ki\u00edr\u00f3t vagy az ingatlant \u00e9rint\u0151 l\u00e9nyeges fenntart\u00f3i d\u00f6nt\u00e9s, illet\u0151leg a Ki\u00edr\u00f3 l\u00e9nyeges gazdas\u00e1gi \u00e9rdekei miatt a szerz\u0151d\u00e9s fenntart\u00e1sa a Ki\u00edr\u00f3 jogos \u00e9rdek\u00e9t s\u00e9rten\u00e9.<\/p>\n<p>Tov\u00e1bbi felvil\u00e1gos\u00edt\u00e1s k\u00e9rhet\u0151 \u00edr\u00e1sban, e-mail \u00fatj\u00e1n Bokor L\u00e1szl\u00f3 \u00fczemeltet\u00e9si \u00e9s szolg\u00e1ltat\u00e1si igazgat\u00f3t\u00f3l az al\u00e1bbi e-mail c\u00edmen: <a href=\"mailto:bokor.laszlo@gmf.usn.hu\">bokor.laszlo@gmf.usn.hu<\/a><\/p>\n<p>&nbsp;<\/p>\n<p>&nbsp;<\/p>\n<\/div>\n","protected":false},"excerpt":{"rendered":"<p>&nbsp; \u00d6sszefoglal\u00f3 T\u00e1j\u00e9koztat\u00f3 A Semmelweis Egyetem (1085 Budapest, \u00dcll\u0151i 26.), a tov\u00e1bbiakban Ki\u00edr\u00f3, az \u00e1llami vagyonnal val\u00f3 gazd\u00e1lkod\u00e1sr\u00f3l sz\u00f3l\u00f3 2007. \u00e9vi CVl. T\u00f6rv\u00e9ny, illetve az \u00e1llami vagyonnal val\u00f3 gazd\u00e1lkod\u00e1sr\u00f3l sz\u00f3l\u00f3 254\/2007.\u00a0 Korm. rendelet alapj\u00e1n \u00fczemeltet\u00e9sre (b\u00e9rbead\u00e1sra) Egyfordul\u00f3s nyilv\u00e1nos p\u00e1ly\u00e1zatkeret\u00e9ben meghirdeti az Eg\u00e9szs\u00e9gtudom\u00e1nyi Kar,\u00a0 1088. Budapest, Vas u 17. sz\u00e1m alatti, \u00f6sszesen 235,6 m2 ter\u00fclet\u0171, konyha, &hellip;<\/p>\n","protected":false},"author":101488,"featured_media":74521,"comment_status":"closed","ping_status":"open","sticky":false,"template":"","format":"standard","meta":{"_acf_changed":false,"footnotes":""},"categories":[7],"tags":[28],"class_list":["post-6245","post","type-post","status-publish","format-standard","has-post-thumbnail","hentry","category-hirek","tag-vagyongazdalkodas"],"acf":[],"_links":{"self":[{"href":"https:\/\/semmelweis.hu\/gfi\/wp-json\/wp\/v2\/posts\/6245","targetHints":{"allow":["GET"]}}],"collection":[{"href":"https:\/\/semmelweis.hu\/gfi\/wp-json\/wp\/v2\/posts"}],"about":[{"href":"https:\/\/semmelweis.hu\/gfi\/wp-json\/wp\/v2\/types\/post"}],"author":[{"embeddable":true,"href":"https:\/\/semmelweis.hu\/gfi\/wp-json\/wp\/v2\/users\/101488"}],"replies":[{"embeddable":true,"href":"https:\/\/semmelweis.hu\/gfi\/wp-json\/wp\/v2\/comments?post=6245"}],"version-history":[{"count":0,"href":"https:\/\/semmelweis.hu\/gfi\/wp-json\/wp\/v2\/posts\/6245\/revisions"}],"wp:featuredmedia":[{"embeddable":true,"href":"https:\/\/semmelweis.hu\/gfi\/wp-json\/"}],"wp:attachment":[{"href":"https:\/\/semmelweis.hu\/gfi\/wp-json\/wp\/v2\/media?parent=6245"}],"wp:term":[{"taxonomy":"category","embeddable":true,"href":"https:\/\/semmelweis.hu\/gfi\/wp-json\/wp\/v2\/categories?post=6245"},{"taxonomy":"post_tag","embeddable":true,"href":"https:\/\/semmelweis.hu\/gfi\/wp-json\/wp\/v2\/tags?post=6245"}],"curies":[{"name":"wp","href":"https:\/\/api.w.org\/{rel}","templated":true}]}}