{"id":21080,"date":"2013-08-02T12:40:36","date_gmt":"2013-08-02T10:40:36","guid":{"rendered":"http:\/\/semmelweis-egyetem.hu\/hirek\/?p=21080"},"modified":"2018-05-15T15:45:08","modified_gmt":"2018-05-15T13:45:08","slug":"tajekoztato-13","status":"publish","type":"post","link":"https:\/\/semmelweis.hu\/gfi\/2013\/08\/02\/tajekoztato-13\/","title":{"rendered":"T\u00e1j\u00e9koztat\u00f3  lelt\u00e1rhi\u00e1nyok rendez\u00e9s\u00e9r\u0151l \u00e9s az \u00fcgyint\u00e9z\u00e9s\u00e9nek v\u00e1ltoz\u00e1s\u00e1r\u00f3l GMF\/T\/364\/2013."},"content":{"rendered":"<p style=\"text-align: right\">Ikt.sz: GMF\/T\/364\/2013.<\/p>\n<p style=\"text-align: center\"><strong>T\u00c1J\u00c9KOZTAT\u00d3<\/strong><br \/>\n <strong> az egyetemi gazd\u00e1lkod\u00f3 egys\u00e9gek gazdas\u00e1gi vezet\u0151inek<\/strong><\/p>\n<p style=\"text-align: center\"><strong>T\u00e1rgy<\/strong>: lelt\u00e1rhi\u00e1nyok rendez\u00e9se \/ \u00fcgyint\u00e9z\u00e9s\u00e9nek v\u00e1ltoz\u00e1sa<\/p>\n<p style=\"text-align: center\"><strong>Tisztelt Gazdas\u00e1gi Vezet\u0151 Asszony\/\u00dar!<\/strong><\/p>\n<p style=\"text-align: center\">T\u00e1j\u00e9koztatom arr\u00f3l, hogy a <strong>lelt\u00e1rhi\u00e1nyok rendez\u00e9se\/\u00fcgyint\u00e9z\u00e9se<\/strong><br \/>\n <strong> 2013. augusztus 1-t\u0151l az al\u00e1bbiak szerint v\u00e1ltozik:<\/strong><br \/>\n 1. A kiszabott, megt\u00e9r\u00edtend\u0151 lelt\u00e1rhi\u00e1ny elvon\u00e1s\u00e1hoz megk\u00fcld\u00f6tt fedezet megjel\u00f6l\u00e9se (a keret biztos\u00edt\u00e1sa) tov\u00e1bbra is a gazdas\u00e1gi vezet\u0151 felel\u0151ss\u00e9ge \u00e9s feladata, aki t\u00e1j\u00e9koztatja err\u0151l a P\u00e9nz\u00fcgyi Igazgat\u00f3s\u00e1got.<\/p>\n<p style=\"text-align: center\">2. <strong>A fedezet-igazol\u00e1ssal ell\u00e1tott k\u00e9relmet a P\u00e9nz\u00fcgyi Igazgat\u00f3s\u00e1g elektronikusan tov\u00e1bb\u00edtja a Kontrolling Igazgat\u00f3s\u00e1gra,<\/strong> ahol a szabadon rendelkez\u00e9sre \u00e1ll\u00f3 enged\u00e9lyezett keret 1 munkanapon bel\u00fcl cs\u00f6kkent\u00e9sre ker\u00fcl a lelt\u00e1rhi\u00e1ny \u00f6sszeg\u00e9vel.<\/p>\n<p style=\"text-align: center\">3. <strong>A lelt\u00e1rhi\u00e1nyok rendez\u00e9s\u00e9r\u0151l a Kontrolling Igazgat\u00f3s\u00e1g elektronikusan visszaigazol\u00e1st k\u00fcld a P\u00e9nz\u00fcgyi Igazgat\u00f3s\u00e1g r\u00e9sz\u00e9re \u00e9s az \u00e9rintett szervezeti egys\u00e9g gazdas\u00e1gi vezet\u0151je fel\u00e9.<\/strong> A tov\u00e1bbiakban a pap\u00edr alap\u00fa visszaigazol\u00f3 levelek nem ker\u00fclnek megk\u00fcld\u00e9sre.<\/p>\n<p style=\"text-align: left\">Budapest, 2013. j\u00falius 30.<\/p>\n<p style=\"text-align: right\">Baumgartnern\u00e9 Holl\u00f3 Ir\u00e9n s.k.<\/p>\n","protected":false},"excerpt":{"rendered":"<p>Ikt.sz: GMF\/T\/364\/2013. T\u00c1J\u00c9KOZTAT\u00d3 az egyetemi gazd\u00e1lkod\u00f3 egys\u00e9gek gazdas\u00e1gi vezet\u0151inek T\u00e1rgy: lelt\u00e1rhi\u00e1nyok rendez\u00e9se \/ \u00fcgyint\u00e9z\u00e9s\u00e9nek v\u00e1ltoz\u00e1sa Tisztelt Gazdas\u00e1gi Vezet\u0151 Asszony\/\u00dar! T\u00e1j\u00e9koztatom arr\u00f3l, hogy a lelt\u00e1rhi\u00e1nyok rendez\u00e9se\/\u00fcgyint\u00e9z\u00e9se 2013. augusztus 1-t\u0151l az al\u00e1bbiak szerint v\u00e1ltozik: 1. A kiszabott, megt\u00e9r\u00edtend\u0151 lelt\u00e1rhi\u00e1ny elvon\u00e1s\u00e1hoz megk\u00fcld\u00f6tt fedezet megjel\u00f6l\u00e9se (a keret biztos\u00edt\u00e1sa) tov\u00e1bbra is a gazdas\u00e1gi vezet\u0151 felel\u0151ss\u00e9ge \u00e9s feladata, aki t\u00e1j\u00e9koztatja err\u0151l &hellip;<\/p>\n","protected":false},"author":12,"featured_media":0,"comment_status":"closed","ping_status":"open","sticky":false,"template":"","format":"standard","meta":{"_acf_changed":false,"footnotes":""},"categories":[7],"tags":[9],"class_list":["post-21080","post","type-post","status-publish","format-standard","hentry","category-hirek","tag-gfi"],"acf":[],"_links":{"self":[{"href":"https:\/\/semmelweis.hu\/gfi\/wp-json\/wp\/v2\/posts\/21080","targetHints":{"allow":["GET"]}}],"collection":[{"href":"https:\/\/semmelweis.hu\/gfi\/wp-json\/wp\/v2\/posts"}],"about":[{"href":"https:\/\/semmelweis.hu\/gfi\/wp-json\/wp\/v2\/types\/post"}],"author":[{"embeddable":true,"href":"https:\/\/semmelweis.hu\/gfi\/wp-json\/wp\/v2\/users\/12"}],"replies":[{"embeddable":true,"href":"https:\/\/semmelweis.hu\/gfi\/wp-json\/wp\/v2\/comments?post=21080"}],"version-history":[{"count":1,"href":"https:\/\/semmelweis.hu\/gfi\/wp-json\/wp\/v2\/posts\/21080\/revisions"}],"predecessor-version":[{"id":74176,"href":"https:\/\/semmelweis.hu\/gfi\/wp-json\/wp\/v2\/posts\/21080\/revisions\/74176"}],"wp:attachment":[{"href":"https:\/\/semmelweis.hu\/gfi\/wp-json\/wp\/v2\/media?parent=21080"}],"wp:term":[{"taxonomy":"category","embeddable":true,"href":"https:\/\/semmelweis.hu\/gfi\/wp-json\/wp\/v2\/categories?post=21080"},{"taxonomy":"post_tag","embeddable":true,"href":"https:\/\/semmelweis.hu\/gfi\/wp-json\/wp\/v2\/tags?post=21080"}],"curies":[{"name":"wp","href":"https:\/\/api.w.org\/{rel}","templated":true}]}}