{"id":14071,"date":"2012-11-29T10:38:38","date_gmt":"2012-11-29T09:38:38","guid":{"rendered":"http:\/\/semmelweis-egyetem.hu\/hirek\/?p=14071"},"modified":"2012-11-29T10:38:38","modified_gmt":"2012-11-29T09:38:38","slug":"tulajdonosi-szerkezet-feltarasa-atlathatosagi-nyilatkozat","status":"publish","type":"post","link":"https:\/\/semmelweis.hu\/gfi\/2012\/11\/29\/tulajdonosi-szerkezet-feltarasa-atlathatosagi-nyilatkozat\/","title":{"rendered":"Tulajdonosi szerkezet felt\u00e1r\u00e1sa-\u00e1tl\u00e1that\u00f3s\u00e1gi nyilatkozat"},"content":{"rendered":"<p>Ikt.sz.: GMF\/T\/599\/2012.<\/p>\n<p>T\u00c1J\u00c9KOZTAT\u00d3<br \/>\nAz egyetemi gazd\u00e1lkod\u00f3 egys\u00e9gek gazdas\u00e1gi vezet\u0151inek<\/p>\n<p>T\u00e1rgy: Semmelweis Egyetem adatszolg\u00e1ltat\u00e1si k\u00f6telezetts\u00e9ge az MNV Zrt. fel\u00e9<\/p>\n<p>Tisztelt Gazdas\u00e1gi Vezet\u0151 Asszony\/\u00dar!<\/p>\n<p>Hivatkozva az MNV Zrt. 2012. okt\u00f3ber 27.-\u00e9n kelt, MNV\/01\/2986\/0\/2012 iktat\u00f3sz\u00e1m\u00fa level\u00e9re, Egyetem\u00fcnknek t\u00f6rv\u00e9nyben el\u0151\u00edrt adatszolg\u00e1ltat\u00e1si k\u00f6telezetts\u00e9ge \u00e1ll fenn az al\u00e1bbiak szerint:<\/p>\n<p>A 2011. \u00e9vi CXCVI. t\u00f6rv\u00e9ny 18. \u00a7 (2) bekezd\u00e9s\u00e9ben foglaltak szerint \u201eaki nemzeti vagyonnak az e t\u00f6rv\u00e9ny hat\u00e1lybal\u00e9p\u00e9st megel\u0151z\u0151en k\u00f6t\u00f6tt, e t\u00f6rv\u00e9ny hat\u00e1lybal\u00e9p\u00e9sekor fenn\u00e1ll\u00f3 szerz\u0151d\u00e9s alapj\u00e1n a haszn\u00e1l\u00f3ja, 2012. december 31-\u00e9ig k\u00f6teles felt\u00e1rni a 3. \u00a7 (1) bekezd\u00e9s 1. pontja szerint a tulajdonosi szerkezet\u00e9t\u201d.<\/p>\n<p>A fentiek \u00e9rtelm\u00e9ben az Egyetem vagyonkezel\u00e9s\u00e9ben l\u00e9v\u0151, harmadik f\u00e9l r\u00e9sz\u00e9re haszn\u00e1latra \u00e1tengedett ingatlanok, ingatlan r\u00e9szek tekintet\u00e9ben a tulajdonosi szerkezetet fel kell t\u00e1rni.<br \/>\nEnnek \u00e9rdek\u00e9ben a csatolt nyilatkozatot a kit\u00f6lt\u00e9si \u00fatmutat\u00f3nak megfelel\u0151en k\u00e9rem, sz\u00edveskedjen a b\u00e9rl\u0151kkel kit\u00f6lteni, \u00e9s a Beruh\u00e1z\u00e1si \u00e9s Vagyongazd\u00e1lkod\u00e1si Igazgat\u00f3s\u00e1g r\u00e9sz\u00e9re k\u00f6rpost\u00e1val visszak\u00fcldeni.<br \/>\nAz adatszolg\u00e1ltat\u00e1s hat\u00e1rideje: 2012. december 15.<\/p>\n<p>K\u00e9rn\u00e9m a fentiekhez seg\u00edt\u0151 k\u00f6zrem\u0171k\u00f6d\u00e9s\u00e9t.<\/p>\n<p>Budapest, 2012. november 26.<\/p>\n<p>Tisztelettel:<\/p>\n<p>Dr. Iv\u00e1dy Vilmos s.k.<\/p>\n<p>&nbsp;<\/p>\n<p><a href=\"https:\/\/semmelweis.hu\/mfi\/files\/2012\/11\/Nyilatkozatok-atlathatosagrol.pdf\">A nyilatkozat let\u00f6lthet\u0151 innen<\/a>    \t<\/p>\n","protected":false},"excerpt":{"rendered":"<p>Ikt.sz.: GMF\/T\/599\/2012. T\u00c1J\u00c9KOZTAT\u00d3 Az egyetemi gazd\u00e1lkod\u00f3 egys\u00e9gek gazdas\u00e1gi vezet\u0151inek T\u00e1rgy: Semmelweis Egyetem adatszolg\u00e1ltat\u00e1si k\u00f6telezetts\u00e9ge az MNV Zrt. fel\u00e9 Tisztelt Gazdas\u00e1gi Vezet\u0151 Asszony\/\u00dar! Hivatkozva az MNV Zrt. 2012. okt\u00f3ber 27.-\u00e9n kelt, MNV\/01\/2986\/0\/2012 iktat\u00f3sz\u00e1m\u00fa level\u00e9re, Egyetem\u00fcnknek t\u00f6rv\u00e9nyben el\u0151\u00edrt adatszolg\u00e1ltat\u00e1si k\u00f6telezetts\u00e9ge \u00e1ll fenn az al\u00e1bbiak szerint: A 2011. \u00e9vi CXCVI. t\u00f6rv\u00e9ny 18. \u00a7 (2) bekezd\u00e9s\u00e9ben foglaltak szerint \u201eaki &hellip;<\/p>\n","protected":false},"author":101488,"featured_media":0,"comment_status":"closed","ping_status":"open","sticky":false,"template":"","format":"standard","meta":{"_acf_changed":false,"footnotes":""},"categories":[7],"tags":[28],"class_list":["post-14071","post","type-post","status-publish","format-standard","hentry","category-hirek","tag-vagyongazdalkodas"],"acf":[],"_links":{"self":[{"href":"https:\/\/semmelweis.hu\/gfi\/wp-json\/wp\/v2\/posts\/14071","targetHints":{"allow":["GET"]}}],"collection":[{"href":"https:\/\/semmelweis.hu\/gfi\/wp-json\/wp\/v2\/posts"}],"about":[{"href":"https:\/\/semmelweis.hu\/gfi\/wp-json\/wp\/v2\/types\/post"}],"author":[{"embeddable":true,"href":"https:\/\/semmelweis.hu\/gfi\/wp-json\/wp\/v2\/users\/101488"}],"replies":[{"embeddable":true,"href":"https:\/\/semmelweis.hu\/gfi\/wp-json\/wp\/v2\/comments?post=14071"}],"version-history":[{"count":0,"href":"https:\/\/semmelweis.hu\/gfi\/wp-json\/wp\/v2\/posts\/14071\/revisions"}],"wp:attachment":[{"href":"https:\/\/semmelweis.hu\/gfi\/wp-json\/wp\/v2\/media?parent=14071"}],"wp:term":[{"taxonomy":"category","embeddable":true,"href":"https:\/\/semmelweis.hu\/gfi\/wp-json\/wp\/v2\/categories?post=14071"},{"taxonomy":"post_tag","embeddable":true,"href":"https:\/\/semmelweis.hu\/gfi\/wp-json\/wp\/v2\/tags?post=14071"}],"curies":[{"name":"wp","href":"https:\/\/api.w.org\/{rel}","templated":true}]}}