{"id":453,"date":"2024-12-06T08:56:07","date_gmt":"2024-12-06T07:56:07","guid":{"rendered":"https:\/\/semmelweis.hu\/geriatriaiklinika\/?p=453"},"modified":"2024-12-07T11:01:25","modified_gmt":"2024-12-07T10:01:25","slug":"adventi-keszulodes-a-merenyi-klinikai-tombben","status":"publish","type":"post","link":"https:\/\/semmelweis.hu\/geriatriaiklinika\/2024\/12\/06\/adventi-keszulodes-a-merenyi-klinikai-tombben\/","title":{"rendered":"Adventi k\u00e9sz\u00fcl\u0151d\u00e9s a Mer\u00e9nyi Klinikai T\u00f6mbben"},"content":{"rendered":"<p style=\"text-align: justify;line-height: 150%\">A Semmelweis Egyetem Mer\u00e9nyi Klinikai T\u00f6mbj\u00e9ben dolgoz\u00f3 munkat\u00e1rsak Adventi kreat\u00edv napot szerveztek, amely a Geri\u00e1triai Klinika \u00e9s \u00c1pol\u00e1studom\u00e1nyi K\u00f6zpont betegei, valamint hozz\u00e1tartoz\u00f3k \u00e9s dolgoz\u00f3k sz\u00e1m\u00e1ra biztos\u00edtott k\u00fcl\u00f6nleges \u00e9s k\u00f6z\u00f6s alkalmat a k\u00e9zm\u0171vesked\u00e9sre.<\/p>\n<p><img loading=\"lazy\" decoding=\"async\" class=\"size-medium wp-image-477 alignleft\" src=\"https:\/\/semmelweis.hu\/geriatriaiklinika\/files\/2024\/12\/462638278_8515300198580844_1535890599028582993_n-400x400.jpg\" alt=\"\" width=\"400\" height=\"400\" srcset=\"https:\/\/semmelweis.hu\/geriatriaiklinika\/files\/2024\/12\/462638278_8515300198580844_1535890599028582993_n-400x400.jpg 400w, https:\/\/semmelweis.hu\/geriatriaiklinika\/files\/2024\/12\/462638278_8515300198580844_1535890599028582993_n-1024x1024.jpg 1024w, https:\/\/semmelweis.hu\/geriatriaiklinika\/files\/2024\/12\/462638278_8515300198580844_1535890599028582993_n-150x150.jpg 150w, https:\/\/semmelweis.hu\/geriatriaiklinika\/files\/2024\/12\/462638278_8515300198580844_1535890599028582993_n-768x768.jpg 768w, https:\/\/semmelweis.hu\/geriatriaiklinika\/files\/2024\/12\/462638278_8515300198580844_1535890599028582993_n-1536x1536.jpg 1536w, https:\/\/semmelweis.hu\/geriatriaiklinika\/files\/2024\/12\/462638278_8515300198580844_1535890599028582993_n-753x753.jpg 753w, https:\/\/semmelweis.hu\/geriatriaiklinika\/files\/2024\/12\/462638278_8515300198580844_1535890599028582993_n.jpg 2048w\" sizes=\"auto, (max-width: 400px) 100vw, 400px\" \/><\/p>\n<p style=\"text-align: justify;line-height: 150%\">Az esem\u00e9ny c\u00e9lja az volt, hogy az adventi id\u0151szak meghitt hangulat\u00e1t megteremtse mindazok sz\u00e1m\u00e1ra, akik a k\u00f3rh\u00e1z falai k\u00f6z\u00f6tt t\u00f6ltik napjaikat. Az ilyen k\u00f6z\u00f6ss\u00e9gi programok lehet\u0151s\u00e9get adnak a r\u00e9sztvev\u0151knek arra, hogy elfeledj\u00e9k a mindennapok neh\u00e9zs\u00e9geit, \u00e9s egy kellemes, alkot\u00f3 l\u00e9gk\u00f6rben tal\u00e1ljanak kikapcsol\u00f3d\u00e1sra. A k\u00f6z\u00f6s k\u00e9zm\u0171ves tev\u00e9kenys\u00e9gek sor\u00e1n nemcsak egy\u00e9ni alkot\u00e1sok sz\u00fclettek, hanem er\u0151s\u00edtette a k\u00f6z\u00f6ss\u00e9g tagjai k\u00f6z\u00f6tti kapcsolatot is, amely a lelki j\u00f3l\u00e9t szempontj\u00e1b\u00f3l k\u00fcl\u00f6n\u00f6sen fontos.<\/p>\n<p style=\"text-align: justify;line-height: 150%\">A kreat\u00edv foglalkoz\u00e1sok keret\u00e9ben adventi koszor\u00fak \u00e9s \u00fcnnepi d\u00edszek k\u00e9sz\u00fcltek, emellett fest\u00e9sre, varr\u00e1sra \u00e9s a decoupage technika kipr\u00f3b\u00e1l\u00e1s\u00e1ra is lehet\u0151s\u00e9g ny\u00edlt. A r\u00e9sztvev\u0151k az alkot\u00e1s folyamat\u00e1ban kifejezhett\u00e9k kreativit\u00e1sukat, mik\u00f6zben az \u00fcnnepi k\u00e9sz\u00fcl\u0151d\u00e9s \u00f6r\u00f6me is megelevenedett.<\/p>\n<p style=\"text-align: justify;line-height: 150%\">Ez az adventi k\u00e9sz\u00fcl\u0151d\u00e9ssel telt nap ism\u00e9telten r\u00e1vil\u00e1g\u00edtott arra, hogy a testi-lelki j\u00f3ll\u00e9t megteremt\u00e9s\u00e9ben \u00e9s fenntart\u00e1s\u00e1ban a k\u00f6z\u00f6ss\u00e9gi \u00e9lm\u00e9nyek \u00e9s a k\u00f6z\u00f6s alkot\u00e1s milyen meghat\u00e1roz\u00f3 szerepet j\u00e1tszanak.<\/p>\n<p style=\"text-align: justify;line-height: 150%\">K\u00f6sz\u00f6nj\u00fck minden r\u00e9sztvev\u0151nek, hogy jelenl\u00e9t\u00fckkel \u00e9s lelkesed\u00e9s\u00fckkel k\u00fcl\u00f6nlegess\u00e9 tett\u00e9k az adventi k\u00e9sz\u00fcl\u0151d\u00e9st!<\/p>\n<p>\u00cdrta: Farkas Vanda<\/p>\n\r\n        [slb_exclude]\r\n        <div class=\"row galeria-wrapper mx-0 h-auto\">\r\n            <div class=\"col-9 pl-0 pr-2\">\r\n            <span class=\"gallery-item frame\">\r\n\t\t\t\t<div class=\"galeria-left-img\"><a href=\"https:\/\/semmelweis.hu\/geriatriaiklinika\/files\/2024\/12\/462637762_931557611803595_2360982512664097494_n.jpg\"><img src=https:\/\/semmelweis.hu\/geriatriaiklinika\/files\/2024\/12\/462637762_931557611803595_2360982512664097494_n.jpg  \r\n                            alt=\"\" \r\n                            class=\"attachment-sote-gallery-big size-sote-gallery-big\" \r\n                            srcset=\"https:\/\/semmelweis.hu\/geriatriaiklinika\/files\/2024\/12\/462637762_931557611803595_2360982512664097494_n-400x300.jpg 400w, https:\/\/semmelweis.hu\/geriatriaiklinika\/files\/2024\/12\/462637762_931557611803595_2360982512664097494_n-1024x768.jpg 1024w, https:\/\/semmelweis.hu\/geriatriaiklinika\/files\/2024\/12\/462637762_931557611803595_2360982512664097494_n-768x576.jpg 768w, https:\/\/semmelweis.hu\/geriatriaiklinika\/files\/2024\/12\/462637762_931557611803595_2360982512664097494_n-1536x1152.jpg 1536w, https:\/\/semmelweis.hu\/geriatriaiklinika\/files\/2024\/12\/462637762_931557611803595_2360982512664097494_n-753x565.jpg 753w, https:\/\/semmelweis.hu\/geriatriaiklinika\/files\/2024\/12\/462637762_931557611803595_2360982512664097494_n.jpg 2048w\" ><\/a><\/div>\r\n            <\/span>\r\n\r\n            <\/div>\r\n\r\n\t\t\t<div class=\"col-3 pl-0 pr-0\">\r\n\t\t\t\t<div class=\"galeria-right-img d-flex justify-content-between flex-column h-100 w-100 px-0 mx-0 \">\r\n                <div class=\"galeria-box\">\r\n\t\t\t\t\t<h3 class=\"galeria-title\">Gal\u00e9ria<\/h3>\r\n\t\t\t\t\t<div class=\"galeria-subtitle\">\r\n\r\n\t\t\t\t\t\t<div class=\"galeria-page-counter\"><span>6<\/span>k\u00e9p<\/div>\r\n                    <\/div> <\/div>\r\n                    <span class=\"gallery-item frame d-none d-md-flex\">\r\n\t\t\t\t\t<div class=\"galeria-small-img mt-0\"><a href=\"https:\/\/semmelweis.hu\/geriatriaiklinika\/files\/2024\/12\/462639524_568941059166443_7887509973046239167_n.jpg\"><img src=https:\/\/semmelweis.hu\/geriatriaiklinika\/files\/2024\/12\/462639524_568941059166443_7887509973046239167_n.jpg \r\n                                alt=\"\"  \r\n                                class=\"attachment-sote-gallery-small size-sote-gallery-small\" \r\n                                srcset=\"https:\/\/semmelweis.hu\/geriatriaiklinika\/files\/2024\/12\/462639524_568941059166443_7887509973046239167_n-300x400.jpg 300w, https:\/\/semmelweis.hu\/geriatriaiklinika\/files\/2024\/12\/462639524_568941059166443_7887509973046239167_n-768x1024.jpg 768w, https:\/\/semmelweis.hu\/geriatriaiklinika\/files\/2024\/12\/462639524_568941059166443_7887509973046239167_n-1152x1536.jpg 1152w, https:\/\/semmelweis.hu\/geriatriaiklinika\/files\/2024\/12\/462639524_568941059166443_7887509973046239167_n-753x1004.jpg 753w, https:\/\/semmelweis.hu\/geriatriaiklinika\/files\/2024\/12\/462639524_568941059166443_7887509973046239167_n.jpg 1536w\" ><\/a><\/div>\r\n                    <\/span>\r\n                    <span class=\"gallery-item frame d-none d-md-flex\">\r\n\t\t\t\t\t<div class=\"galeria-small-img mt-0\"><a href=\"https:\/\/semmelweis.hu\/geriatriaiklinika\/files\/2024\/12\/462647403_460982927016011_5922213656521292785_n.jpg\"><img src=https:\/\/semmelweis.hu\/geriatriaiklinika\/files\/2024\/12\/462647403_460982927016011_5922213656521292785_n.jpg \r\n                                alt=\"\" \r\n                                class=\"attachment-sote-gallery-small size-sote-gallery-small\" \r\n                                srcset=\"https:\/\/semmelweis.hu\/geriatriaiklinika\/files\/2024\/12\/462647403_460982927016011_5922213656521292785_n-400x400.jpg 400w, https:\/\/semmelweis.hu\/geriatriaiklinika\/files\/2024\/12\/462647403_460982927016011_5922213656521292785_n-1024x1024.jpg 1024w, https:\/\/semmelweis.hu\/geriatriaiklinika\/files\/2024\/12\/462647403_460982927016011_5922213656521292785_n-150x150.jpg 150w, https:\/\/semmelweis.hu\/geriatriaiklinika\/files\/2024\/12\/462647403_460982927016011_5922213656521292785_n-768x768.jpg 768w, https:\/\/semmelweis.hu\/geriatriaiklinika\/files\/2024\/12\/462647403_460982927016011_5922213656521292785_n-1536x1536.jpg 1536w, https:\/\/semmelweis.hu\/geriatriaiklinika\/files\/2024\/12\/462647403_460982927016011_5922213656521292785_n-753x753.jpg 753w, https:\/\/semmelweis.hu\/geriatriaiklinika\/files\/2024\/12\/462647403_460982927016011_5922213656521292785_n.jpg 2048w\" ><\/a><\/div>\r\n                    <\/span>\r\n\r\n                <\/div>\r\n\r\n            <\/div>\r\n\r\n            <span class=\"gallery-item\"><div class=\"hidden\"><a href=\"https:\/\/semmelweis.hu\/geriatriaiklinika\/files\/2024\/12\/462646801_496711786072368_7437735978729957430_n.jpg\">\r\n        <img src=https:\/\/semmelweis.hu\/geriatriaiklinika\/files\/2024\/12\/462646801_496711786072368_7437735978729957430_n.jpg alt=\"\" class=\"attachment-sote-gallery-big size-sote-gallery-big\" srcset=\"https:\/\/semmelweis.hu\/geriatriaiklinika\/files\/2024\/12\/462646801_496711786072368_7437735978729957430_n-300x400.jpg 300w, https:\/\/semmelweis.hu\/geriatriaiklinika\/files\/2024\/12\/462646801_496711786072368_7437735978729957430_n-768x1024.jpg 768w, https:\/\/semmelweis.hu\/geriatriaiklinika\/files\/2024\/12\/462646801_496711786072368_7437735978729957430_n-1152x1536.jpg 1152w, https:\/\/semmelweis.hu\/geriatriaiklinika\/files\/2024\/12\/462646801_496711786072368_7437735978729957430_n-753x1004.jpg 753w, https:\/\/semmelweis.hu\/geriatriaiklinika\/files\/2024\/12\/462646801_496711786072368_7437735978729957430_n.jpg 1536w\" >\r\n        <\/a><\/div><\/span><span class=\"gallery-item\"><div class=\"hidden\"><a href=\"https:\/\/semmelweis.hu\/geriatriaiklinika\/files\/2024\/12\/462640131_2837514606429538_6161278046119375848_n.jpg\">\r\n        <img src=https:\/\/semmelweis.hu\/geriatriaiklinika\/files\/2024\/12\/462640131_2837514606429538_6161278046119375848_n.jpg alt=\"\" class=\"attachment-sote-gallery-big size-sote-gallery-big\" srcset=\"https:\/\/semmelweis.hu\/geriatriaiklinika\/files\/2024\/12\/462640131_2837514606429538_6161278046119375848_n-400x300.jpg 400w, https:\/\/semmelweis.hu\/geriatriaiklinika\/files\/2024\/12\/462640131_2837514606429538_6161278046119375848_n-1024x768.jpg 1024w, https:\/\/semmelweis.hu\/geriatriaiklinika\/files\/2024\/12\/462640131_2837514606429538_6161278046119375848_n-768x576.jpg 768w, https:\/\/semmelweis.hu\/geriatriaiklinika\/files\/2024\/12\/462640131_2837514606429538_6161278046119375848_n-1536x1152.jpg 1536w, https:\/\/semmelweis.hu\/geriatriaiklinika\/files\/2024\/12\/462640131_2837514606429538_6161278046119375848_n-753x565.jpg 753w, https:\/\/semmelweis.hu\/geriatriaiklinika\/files\/2024\/12\/462640131_2837514606429538_6161278046119375848_n.jpg 1942w\" >\r\n        <\/a><\/div><\/span><span class=\"gallery-item\"><div class=\"hidden\"><a href=\"https:\/\/semmelweis.hu\/geriatriaiklinika\/files\/2024\/12\/Kep12.jpg\">\r\n        <img src=https:\/\/semmelweis.hu\/geriatriaiklinika\/files\/2024\/12\/Kep12.jpg alt=\"\" class=\"attachment-sote-gallery-big size-sote-gallery-big\" srcset=\"https:\/\/semmelweis.hu\/geriatriaiklinika\/files\/2024\/12\/Kep12-299x400.jpg 299w, https:\/\/semmelweis.hu\/geriatriaiklinika\/files\/2024\/12\/Kep12.jpg 411w\" >\r\n        <\/a><\/div><\/span>\r\n            <\/div>\r\n\r\n            [\/slb_exclude]\r\n\t\n","protected":false},"excerpt":{"rendered":"<p>A Semmelweis Egyetem Mer\u00e9nyi Klinikai T\u00f6mbj\u00e9ben dolgoz\u00f3 munkat\u00e1rsak Adventi kreat\u00edv napot szerveztek, amely a Geri\u00e1triai Klinika \u00e9s \u00c1pol\u00e1studom\u00e1nyi K\u00f6zpont betegei, valamint hozz\u00e1tartoz\u00f3k \u00e9s dolgoz\u00f3k sz\u00e1m\u00e1ra biztos\u00edtott k\u00fcl\u00f6nleges \u00e9s k\u00f6z\u00f6s alkalmat a k\u00e9zm\u0171vesked\u00e9sre. Az esem\u00e9ny c\u00e9lja az volt, hogy az adventi id\u0151szak meghitt hangulat\u00e1t megteremtse mindazok sz\u00e1m\u00e1ra, akik a k\u00f3rh\u00e1z falai k\u00f6z\u00f6tt t\u00f6ltik napjaikat. Az ilyen &hellip;<\/p>\n","protected":false},"author":102305,"featured_media":0,"comment_status":"closed","ping_status":"closed","sticky":false,"template":"","format":"standard","meta":{"_acf_changed":false,"footnotes":""},"categories":[1],"tags":[],"class_list":["post-453","post","type-post","status-publish","format-standard","hentry","category-hirek"],"acf":[],"_links":{"self":[{"href":"https:\/\/semmelweis.hu\/geriatriaiklinika\/wp-json\/wp\/v2\/posts\/453","targetHints":{"allow":["GET"]}}],"collection":[{"href":"https:\/\/semmelweis.hu\/geriatriaiklinika\/wp-json\/wp\/v2\/posts"}],"about":[{"href":"https:\/\/semmelweis.hu\/geriatriaiklinika\/wp-json\/wp\/v2\/types\/post"}],"author":[{"embeddable":true,"href":"https:\/\/semmelweis.hu\/geriatriaiklinika\/wp-json\/wp\/v2\/users\/102305"}],"replies":[{"embeddable":true,"href":"https:\/\/semmelweis.hu\/geriatriaiklinika\/wp-json\/wp\/v2\/comments?post=453"}],"version-history":[{"count":10,"href":"https:\/\/semmelweis.hu\/geriatriaiklinika\/wp-json\/wp\/v2\/posts\/453\/revisions"}],"predecessor-version":[{"id":479,"href":"https:\/\/semmelweis.hu\/geriatriaiklinika\/wp-json\/wp\/v2\/posts\/453\/revisions\/479"}],"wp:attachment":[{"href":"https:\/\/semmelweis.hu\/geriatriaiklinika\/wp-json\/wp\/v2\/media?parent=453"}],"wp:term":[{"taxonomy":"category","embeddable":true,"href":"https:\/\/semmelweis.hu\/geriatriaiklinika\/wp-json\/wp\/v2\/categories?post=453"},{"taxonomy":"post_tag","embeddable":true,"href":"https:\/\/semmelweis.hu\/geriatriaiklinika\/wp-json\/wp\/v2\/tags?post=453"}],"curies":[{"name":"wp","href":"https:\/\/api.w.org\/{rel}","templated":true}]}}