{"id":438,"date":"2024-11-26T14:40:54","date_gmt":"2024-11-26T13:40:54","guid":{"rendered":"https:\/\/semmelweis.hu\/geriatriaiklinika\/?p=438"},"modified":"2024-11-26T14:40:54","modified_gmt":"2024-11-26T13:40:54","slug":"prof-dr-domjan-gyula-igazgatohelyettes-ujra-diplomat-vehetett-at","status":"publish","type":"post","link":"https:\/\/semmelweis.hu\/geriatriaiklinika\/2024\/11\/26\/prof-dr-domjan-gyula-igazgatohelyettes-ujra-diplomat-vehetett-at\/","title":{"rendered":"Prof. Dr. Domj\u00e1n Gyula Igazgat\u00f3helyettes \u00dajra diplom\u00e1t vehetett \u00e1t"},"content":{"rendered":"<p><img loading=\"lazy\" decoding=\"async\" class=\"alignnone size-medium wp-image-386\" src=\"https:\/\/semmelweis.hu\/geriatriaiklinika\/files\/2024\/10\/RS203260__19A9565-scr-400x267.jpg\" alt=\"\" width=\"400\" height=\"267\" srcset=\"https:\/\/semmelweis.hu\/geriatriaiklinika\/files\/2024\/10\/RS203260__19A9565-scr-400x267.jpg 400w, https:\/\/semmelweis.hu\/geriatriaiklinika\/files\/2024\/10\/RS203260__19A9565-scr-1024x683.jpg 1024w, https:\/\/semmelweis.hu\/geriatriaiklinika\/files\/2024\/10\/RS203260__19A9565-scr-768x512.jpg 768w, https:\/\/semmelweis.hu\/geriatriaiklinika\/files\/2024\/10\/RS203260__19A9565-scr-753x502.jpg 753w, https:\/\/semmelweis.hu\/geriatriaiklinika\/files\/2024\/10\/RS203260__19A9565-scr-203x135.jpg 203w, https:\/\/semmelweis.hu\/geriatriaiklinika\/files\/2024\/10\/RS203260__19A9565-scr.jpg 1200w\" sizes=\"auto, (max-width: 400px) 100vw, 400px\" \/><\/p>\n<p>Gratul\u00e1lunk igazgat\u00f3helyettes\u00fcnknek, az 50 \u00e9ves jubileumi diplom\u00e1j\u00e1hoz.<\/p>\n","protected":false},"excerpt":{"rendered":"<p>Gratul\u00e1lunk igazgat\u00f3helyettes\u00fcnknek, az 50 \u00e9ves jubileumi diplom\u00e1j\u00e1hoz.<\/p>\n","protected":false},"author":101808,"featured_media":0,"comment_status":"closed","ping_status":"closed","sticky":false,"template":"","format":"standard","meta":{"_acf_changed":false,"footnotes":""},"categories":[1],"tags":[],"class_list":["post-438","post","type-post","status-publish","format-standard","hentry","category-hirek"],"acf":[],"_links":{"self":[{"href":"https:\/\/semmelweis.hu\/geriatriaiklinika\/wp-json\/wp\/v2\/posts\/438","targetHints":{"allow":["GET"]}}],"collection":[{"href":"https:\/\/semmelweis.hu\/geriatriaiklinika\/wp-json\/wp\/v2\/posts"}],"about":[{"href":"https:\/\/semmelweis.hu\/geriatriaiklinika\/wp-json\/wp\/v2\/types\/post"}],"author":[{"embeddable":true,"href":"https:\/\/semmelweis.hu\/geriatriaiklinika\/wp-json\/wp\/v2\/users\/101808"}],"replies":[{"embeddable":true,"href":"https:\/\/semmelweis.hu\/geriatriaiklinika\/wp-json\/wp\/v2\/comments?post=438"}],"version-history":[{"count":1,"href":"https:\/\/semmelweis.hu\/geriatriaiklinika\/wp-json\/wp\/v2\/posts\/438\/revisions"}],"predecessor-version":[{"id":439,"href":"https:\/\/semmelweis.hu\/geriatriaiklinika\/wp-json\/wp\/v2\/posts\/438\/revisions\/439"}],"wp:attachment":[{"href":"https:\/\/semmelweis.hu\/geriatriaiklinika\/wp-json\/wp\/v2\/media?parent=438"}],"wp:term":[{"taxonomy":"category","embeddable":true,"href":"https:\/\/semmelweis.hu\/geriatriaiklinika\/wp-json\/wp\/v2\/categories?post=438"},{"taxonomy":"post_tag","embeddable":true,"href":"https:\/\/semmelweis.hu\/geriatriaiklinika\/wp-json\/wp\/v2\/tags?post=438"}],"curies":[{"name":"wp","href":"https:\/\/api.w.org\/{rel}","templated":true}]}}