{"id":4381,"date":"2026-04-27T10:51:29","date_gmt":"2026-04-27T08:51:29","guid":{"rendered":"https:\/\/semmelweis.hu\/genomikai-medicina\/?p=4381"},"modified":"2026-04-27T10:57:09","modified_gmt":"2026-04-27T08:57:09","slug":"molnar-maria-judit-eletmudijat-kapott","status":"publish","type":"post","link":"https:\/\/semmelweis.hu\/genomikai-medicina\/2026\/04\/27\/molnar-maria-judit-eletmudijat-kapott\/","title":{"rendered":"Moln\u00e1r M\u00e1ria Judit \u00c9letm\u0171d\u00edjat kapott"},"content":{"rendered":"<p style=\"text-align: justify\"><span data-subtree=\"aimfl\" data-processed=\"true\"><img loading=\"lazy\" decoding=\"async\" class=\"wp-image-4383 alignright\" src=\"https:\/\/semmelweis.hu\/genomikai-medicina\/files\/2026\/04\/SzentGyorgyi_dij_2026_MMJ-300x400.jpg\" alt=\"\" width=\"280\" height=\"373\" srcset=\"https:\/\/semmelweis.hu\/genomikai-medicina\/files\/2026\/04\/SzentGyorgyi_dij_2026_MMJ-300x400.jpg 300w, https:\/\/semmelweis.hu\/genomikai-medicina\/files\/2026\/04\/SzentGyorgyi_dij_2026_MMJ-768x1024.jpg 768w, https:\/\/semmelweis.hu\/genomikai-medicina\/files\/2026\/04\/SzentGyorgyi_dij_2026_MMJ-1152x1536.jpg 1152w, https:\/\/semmelweis.hu\/genomikai-medicina\/files\/2026\/04\/SzentGyorgyi_dij_2026_MMJ-753x1004.jpg 753w, https:\/\/semmelweis.hu\/genomikai-medicina\/files\/2026\/04\/SzentGyorgyi_dij_2026_MMJ.jpg 1500w\" sizes=\"auto, (max-width: 280px) 100vw, 280px\" \/>A 2026-os\u00a0<\/span><strong class=\"Yjhzub\" data-sfc-root=\"c\" data-sfc-cb=\"\" data-complete=\"true\" data-processed=\"true\">Szent-Gy\u00f6rgyi Albert Orvosi D\u00edjat<\/strong> kilencedik alkalommal adt\u00e1k \u00e1t a Magyar Tudom\u00e1nyos Akad\u00e9mi\u00e1n, ahol a betegek \u00e9s a szakmai zs\u0171ri jel\u00f6l\u00e9sei alapj\u00e1n ismert\u00e9k el a legkiv\u00e1l\u00f3bb hazai orvosokat. Az idei g\u00e1la kiemelt kit\u00fcntetettje <strong class=\"Yjhzub\" data-sfc-root=\"c\" data-sfc-cb=\"\" data-complete=\"true\" data-processed=\"true\">Prof. Dr. Moln\u00e1r M\u00e1ria Judit<\/strong>, a Int\u00e9zet\u00fcnk igazgat\u00f3ja volt, aki a <strong class=\"Yjhzub\" data-sfc-root=\"c\" data-sfc-cb=\"\" data-complete=\"true\" data-processed=\"true\">Goodwill Pharma \u00c9letm\u0171d\u00edjat<\/strong>\u00a0vehette \u00e1t.<\/p>\n<p style=\"text-align: justify\">Az elismer\u00e9s m\u00e9ltatja a ritka neurol\u00f3giai k\u00f3rk\u00e9pek kutat\u00e1sa \u00e9s gy\u00f3gy\u00edt\u00e1sa ter\u00e9n v\u00e9gzett t\u00f6bb \u00e9vtizedes, nemzetk\u00f6zileg is meghat\u00e1roz\u00f3 munk\u00e1ss\u00e1g\u00e1t. A d\u00edjaz\u00e1s k\u00fcl\u00f6nlegess\u00e9ge a k\u00f6zvetlen lakoss\u00e1gi visszajelz\u00e9s, hiszen a jel\u00f6lteket maguk a p\u00e1ciensek \u00e9s hozz\u00e1tartoz\u00f3k javasolhatt\u00e1k p\u00e9lda\u00e9rt\u00e9k\u0171 embers\u00e9g\u00fck \u00e9s szakmai elhivatotts\u00e1guk miatt.<\/p>\n","protected":false},"excerpt":{"rendered":"<p>A 2026-os\u00a0Szent-Gy\u00f6rgyi Albert Orvosi D\u00edjat kilencedik alkalommal adt\u00e1k \u00e1t a Magyar Tudom\u00e1nyos Akad\u00e9mi\u00e1n, ahol a betegek \u00e9s a szakmai zs\u0171ri jel\u00f6l\u00e9sei alapj\u00e1n ismert\u00e9k el a legkiv\u00e1l\u00f3bb hazai orvosokat. Az idei g\u00e1la kiemelt kit\u00fcntetettje Prof. Dr. Moln\u00e1r M\u00e1ria Judit, a Int\u00e9zet\u00fcnk igazgat\u00f3ja volt, aki a Goodwill Pharma \u00c9letm\u0171d\u00edjat\u00a0vehette \u00e1t. Az elismer\u00e9s m\u00e9ltatja a ritka neurol\u00f3giai k\u00f3rk\u00e9pek &hellip;<\/p>\n","protected":false},"author":101429,"featured_media":0,"comment_status":"closed","ping_status":"closed","sticky":false,"template":"","format":"standard","meta":{"_acf_changed":false,"footnotes":""},"categories":[15],"tags":[],"class_list":["post-4381","post","type-post","status-publish","format-standard","hentry","category-hirek"],"acf":[],"_links":{"self":[{"href":"https:\/\/semmelweis.hu\/genomikai-medicina\/wp-json\/wp\/v2\/posts\/4381","targetHints":{"allow":["GET"]}}],"collection":[{"href":"https:\/\/semmelweis.hu\/genomikai-medicina\/wp-json\/wp\/v2\/posts"}],"about":[{"href":"https:\/\/semmelweis.hu\/genomikai-medicina\/wp-json\/wp\/v2\/types\/post"}],"author":[{"embeddable":true,"href":"https:\/\/semmelweis.hu\/genomikai-medicina\/wp-json\/wp\/v2\/users\/101429"}],"replies":[{"embeddable":true,"href":"https:\/\/semmelweis.hu\/genomikai-medicina\/wp-json\/wp\/v2\/comments?post=4381"}],"version-history":[{"count":8,"href":"https:\/\/semmelweis.hu\/genomikai-medicina\/wp-json\/wp\/v2\/posts\/4381\/revisions"}],"predecessor-version":[{"id":4390,"href":"https:\/\/semmelweis.hu\/genomikai-medicina\/wp-json\/wp\/v2\/posts\/4381\/revisions\/4390"}],"wp:attachment":[{"href":"https:\/\/semmelweis.hu\/genomikai-medicina\/wp-json\/wp\/v2\/media?parent=4381"}],"wp:term":[{"taxonomy":"category","embeddable":true,"href":"https:\/\/semmelweis.hu\/genomikai-medicina\/wp-json\/wp\/v2\/categories?post=4381"},{"taxonomy":"post_tag","embeddable":true,"href":"https:\/\/semmelweis.hu\/genomikai-medicina\/wp-json\/wp\/v2\/tags?post=4381"}],"curies":[{"name":"wp","href":"https:\/\/api.w.org\/{rel}","templated":true}]}}