{"id":9876,"date":"2024-07-08T12:46:31","date_gmt":"2024-07-08T10:46:31","guid":{"rendered":"https:\/\/semmelweis.hu\/fok\/?p=9876"},"modified":"2024-09-12T10:31:04","modified_gmt":"2024-09-12T08:31:04","slug":"114-fogorvosdoktor-vehette-at-diplomajat-2","status":"publish","type":"post","link":"https:\/\/semmelweis.hu\/fok\/2024\/07\/08\/114-fogorvosdoktor-vehette-at-diplomajat-2\/","title":{"rendered":"159 fogorvosdoktor vehette \u00e1t diplom\u00e1j\u00e1t"},"content":{"rendered":"<h2>Fogorvos-doktoravat\u00f3 \u00fcnneps\u00e9g 2024. j\u00falius 7-\u00e9n, a M\u00dcPA-ban<\/h2>\n<p><img decoding=\"async\" class=\"thumbnail\" src=\"https:\/\/semmelweis.hu\/fok\/files\/2024\/07\/RS197849__19A3543-scr.jpg\" alt=\"\" \/><\/p>\n<h2>159 fogorvosdoktor vehette \u00e1t diplom\u00e1j\u00e1t a Fogorvostudom\u00e1nyi Karon<\/h2>\n<p><a href=\"https:\/\/semmelweis.hu\/hirek\/2024\/07\/07\/az-elmult-fel-evtized-legnepesebb-fogorvos-evfolyamat-avattak-doktorra\/\"><em><strong>Az \u00fcnneps\u00e9gr\u0151l sz\u00f3l\u00f3 cikk az egyetemi h\u00edrport\u00e1lon olvashat\u00f3 \u2192<\/strong><\/em><\/a><\/p>\n<h4><strong>Fot\u00f3k \u00e9s vide\u00f3 az \u00fcnneps\u00e9gr\u0151l<\/strong><\/h4>\n<ul>\n<li><a href=\"http:\/\/archivum.semmelweis.hu\/?c=4643&amp;k=aeaffac84d\"><strong>Fot\u00f3k\u00a0<\/strong><\/a><\/li>\n<li><a href=\"https:\/\/dl1.kepszerk.hu\/s\/c7gopJgZwAeCQES\"><strong>Fot\u00f3k-csoportk\u00e9pek<\/strong><\/a><\/li>\n<li><a href=\"https:\/\/youtu.be\/282MVFUtx5Q\"><strong>Videofelv\u00e9tel<\/strong><\/a><\/li>\n<\/ul>\n","protected":false},"excerpt":{"rendered":"<p>Fogorvos-doktoravat\u00f3 \u00fcnneps\u00e9g 2024. j\u00falius 7-\u00e9n, a M\u00dcPA-ban<\/p>\n<p>159 fogorvosdoktor vehette \u00e1t diplom\u00e1j\u00e1t a Fogorvostudom\u00e1nyi Karon<br \/>\n<a href=\"https:\/\/semmelweis.hu\/hirek\/2024\/07\/07\/az-elmult-fel-evtized-legnepesebb-fogorvos-evfolyamat-avattak-doktorra\/\">Az \u00fcnneps\u00e9gr\u0151l sz\u00f3l\u00f3 cikk az egyetemi h\u00edrport\u00e1lon olvashat\u00f3 \u2192<\/a><br \/>\nFot\u00f3k \u00e9s vide\u00f3 az \u00fcnneps\u00e9gr\u0151l<\/p>\n<p><a href=\"http:\/\/archivum.semmelweis.hu\/?c=4643&amp;k=aeaffac84d\">Fot\u00f3k\u00a0<\/a><br \/>\n<a href=\"https:\/\/dl1.kepszerk.hu\/s\/c7gopJgZwAeCQES\">Fot\u00f3k-csoportk\u00e9pek<\/a><br \/>\n<a href=\"https:\/\/youtu.be\/282MVFUtx5Q\">Videofelv\u00e9tel<\/a><\/p>\n","protected":false},"author":101171,"featured_media":9891,"comment_status":"closed","ping_status":"closed","sticky":false,"template":"","format":"standard","meta":{"_acf_changed":false,"footnotes":""},"categories":[20],"tags":[],"class_list":["post-9876","post","type-post","status-publish","format-standard","has-post-thumbnail","hentry","category-hirek"],"acf":[],"_links":{"self":[{"href":"https:\/\/semmelweis.hu\/fok\/wp-json\/wp\/v2\/posts\/9876","targetHints":{"allow":["GET"]}}],"collection":[{"href":"https:\/\/semmelweis.hu\/fok\/wp-json\/wp\/v2\/posts"}],"about":[{"href":"https:\/\/semmelweis.hu\/fok\/wp-json\/wp\/v2\/types\/post"}],"author":[{"embeddable":true,"href":"https:\/\/semmelweis.hu\/fok\/wp-json\/wp\/v2\/users\/101171"}],"replies":[{"embeddable":true,"href":"https:\/\/semmelweis.hu\/fok\/wp-json\/wp\/v2\/comments?post=9876"}],"version-history":[{"count":9,"href":"https:\/\/semmelweis.hu\/fok\/wp-json\/wp\/v2\/posts\/9876\/revisions"}],"predecessor-version":[{"id":10059,"href":"https:\/\/semmelweis.hu\/fok\/wp-json\/wp\/v2\/posts\/9876\/revisions\/10059"}],"wp:featuredmedia":[{"embeddable":true,"href":"https:\/\/semmelweis.hu\/fok\/wp-json\/wp\/v2\/media\/9891"}],"wp:attachment":[{"href":"https:\/\/semmelweis.hu\/fok\/wp-json\/wp\/v2\/media?parent=9876"}],"wp:term":[{"taxonomy":"category","embeddable":true,"href":"https:\/\/semmelweis.hu\/fok\/wp-json\/wp\/v2\/categories?post=9876"},{"taxonomy":"post_tag","embeddable":true,"href":"https:\/\/semmelweis.hu\/fok\/wp-json\/wp\/v2\/tags?post=9876"}],"curies":[{"name":"wp","href":"https:\/\/api.w.org\/{rel}","templated":true}]}}