{"id":9211,"date":"2023-09-03T15:11:23","date_gmt":"2023-09-03T13:11:23","guid":{"rendered":"https:\/\/semmelweis.hu\/fok\/?p=9211"},"modified":"2023-10-10T15:46:56","modified_gmt":"2023-10-10T13:46:56","slug":"pro-universitate-es-kivalo-oktato-kituntetesek-atadasa-a-semmelweis-egyetem-evnyito-unnepsegen","status":"publish","type":"post","link":"https:\/\/semmelweis.hu\/fok\/2023\/09\/03\/pro-universitate-es-kivalo-oktato-kituntetesek-atadasa-a-semmelweis-egyetem-evnyito-unnepsegen\/","title":{"rendered":"Pro Universitate \u00e9s Kiv\u00e1l\u00f3 Oktat\u00f3 Kit\u00fcntet\u00e9sek \u00e1tad\u00e1sa a Semmelweis Egyetem \u00c9vnyit\u00f3 \u00fcnneps\u00e9g\u00e9n"},"content":{"rendered":"<div class=\"fontos_div\">\n<h5>Tan\u00e9vnyit\u00f3 2023. szeptember 2.<\/h5>\n<p><em>Az \u00fcnneps\u00e9g \u00f6sszefoglal\u00f3ja:<\/em> <a href=\"https:\/\/semmelweis.hu\/hirek\/2023\/09\/02\/ma-tobb-ezer-elsoeves-golya-valik-a-semmelweis-csalad-tagjava-elkezdodott-az-egyetem-253-taneve\/\">\u201eMa t\u00f6bb ezer els\u0151\u00e9ves g\u00f3lya v\u00e1lik a Semmelweis Csal\u00e1d tagj\u00e1v\u00e1\u201d \u2013 elkezd\u0151d\u00f6tt a 253. tan\u00e9v<\/a><\/p>\n<\/div>\n<p>A 253. Tan\u00e9vnyit\u00f3 \u00fcnneps\u00e9gen az al\u00e1bbi kit\u00fcntet\u00e9sek\/d\u00edjak ker\u00fcltek \u00e1tad\u00e1sra a Fogorvostudom\u00e1nyi Kar r\u00e9sz\u00e9r\u0151l, melyhez sz\u00edvb\u0151l gratul\u00e1lunk!<\/p>\n<p>Dr. Bartha K\u00e1roly egyetemi docens, Karunk volt d\u00e9k\u00e1nhelyettese \u00e9s a Tanulm\u00e1nyi \u00e9s Vizsga Bizotts\u00e1g eln\u00f6ke Pro Universitate D\u00edjat kapott<br \/>\n<img decoding=\"async\" class=\"thumbnail\" src=\"https:\/\/semmelweis.hu\/fok\/files\/2023\/10\/RS180615_3P1A3653-scaled.jpg\" alt=\"\" \/><\/p>\n<p>Dr. Kisp\u00e9lyi Ida Barbara egyetemi docens, a Fogp\u00f3tl\u00e1stani Klinika igazgat\u00f3helyettese a Semmelweis Egyetem Kiv\u00e1l\u00f3 Oktat\u00f3ja kit\u00fcntet\u00e9st kapott<br \/>\n<img decoding=\"async\" class=\"thumbnail\" src=\"https:\/\/semmelweis.hu\/fok\/files\/2023\/10\/RS180612_3P1A3682-scaled.jpg\" alt=\"\" \/><\/p>\n<p>Dr. V\u00e9gh D\u00e1niel egyetemi adjunktus, a Fogp\u00f3tl\u00e1stani Klinika munkat\u00e1rsa, Semmelweis Egyetem Kiv\u00e1l\u00f3 Oktat\u00f3ja kit\u00fcntet\u00e9st kapott<br \/>\n<img decoding=\"async\" class=\"thumbnail\" src=\"https:\/\/semmelweis.hu\/fok\/files\/2023\/10\/RS180609_3P1A3694-scr.jpg\" alt=\"\" \/><\/p>\n<p>Kihirdett\u00e9k a 2023\/2024-as tan\u00e9vben Nemzeti Fels\u0151oktat\u00e1si \u00d6szt\u00f6nd\u00edjat elnyert hallgat\u00f3k list\u00e1j\u00e1t:<br \/>\n<strong>Antal Melinda, <\/strong><strong>Bogn\u00e1r Eszter, <\/strong><strong>Horv\u00e1th Emma, \u00e9s <\/strong><strong>M\u00e1rton P\u00e9ter <\/strong>sikeres p\u00e1ly\u00e1zat \u00fatj\u00e1n elnyert\u00e9k a <strong>Nemzeti Fels\u0151oktat\u00e1si \u00d6szt\u00f6nd\u00edjat<\/strong>.\u00a0 <br \/>\n<img decoding=\"async\" class=\"thumbnail\" src=\"https:\/\/semmelweis.hu\/fok\/files\/2023\/10\/Nemzeti-Felsooktatasi-Odij-scaled.jpg\" alt=\"\" \/><\/p>\n","protected":false},"excerpt":{"rendered":"<p>Tan\u00e9vnyit\u00f3 2023. szeptember 2. Az \u00fcnneps\u00e9g \u00f6sszefoglal\u00f3ja: <a href=\"https:\/\/semmelweis.hu\/hirek\/2023\/09\/02\/ma-tobb-ezer-elsoeves-golya-valik-a-semmelweis-csalad-tagjava-elkezdodott-az-egyetem-253-taneve\/\">\u201eMa t\u00f6bb ezer els\u0151\u00e9ves g\u00f3lya v\u00e1lik a Semmelweis Csal\u00e1d tagj\u00e1v\u00e1\u201d \u2013 elkezd\u0151d\u00f6tt a 253. tan\u00e9v<\/a> A 253. Tan\u00e9vnyit\u00f3 \u00fcnneps\u00e9gen az al\u00e1bbi kit\u00fcntet\u00e9sek\/d\u00edjak ker\u00fcltek \u00e1tad\u00e1sra a Fogorvostudom\u00e1nyi Kar r\u00e9sz\u00e9r\u0151l, melyhez sz\u00edvb\u0151l gratul\u00e1lunk! Dr. Bartha K\u00e1roly egyetemi docens, Karunk volt d\u00e9k\u00e1nhelyettese \u00e9s a Tanulm\u00e1nyi \u00e9s Vizsga Bizotts\u00e1g eln\u00f6ke Pro Universitate D\u00edjat kapott Dr. Kisp\u00e9lyi Ida Barbara egyetemi docens, a Fogp\u00f3tl\u00e1stani Klinika igazgat\u00f3helyettese a Semmelweis Egyetem &hellip;<\/p>\n","protected":false},"author":101171,"featured_media":9212,"comment_status":"closed","ping_status":"closed","sticky":false,"template":"","format":"standard","meta":{"_acf_changed":false,"footnotes":""},"categories":[20],"tags":[],"class_list":["post-9211","post","type-post","status-publish","format-standard","has-post-thumbnail","hentry","category-hirek"],"acf":[],"_links":{"self":[{"href":"https:\/\/semmelweis.hu\/fok\/wp-json\/wp\/v2\/posts\/9211","targetHints":{"allow":["GET"]}}],"collection":[{"href":"https:\/\/semmelweis.hu\/fok\/wp-json\/wp\/v2\/posts"}],"about":[{"href":"https:\/\/semmelweis.hu\/fok\/wp-json\/wp\/v2\/types\/post"}],"author":[{"embeddable":true,"href":"https:\/\/semmelweis.hu\/fok\/wp-json\/wp\/v2\/users\/101171"}],"replies":[{"embeddable":true,"href":"https:\/\/semmelweis.hu\/fok\/wp-json\/wp\/v2\/comments?post=9211"}],"version-history":[{"count":4,"href":"https:\/\/semmelweis.hu\/fok\/wp-json\/wp\/v2\/posts\/9211\/revisions"}],"predecessor-version":[{"id":9217,"href":"https:\/\/semmelweis.hu\/fok\/wp-json\/wp\/v2\/posts\/9211\/revisions\/9217"}],"wp:featuredmedia":[{"embeddable":true,"href":"https:\/\/semmelweis.hu\/fok\/wp-json\/wp\/v2\/media\/9212"}],"wp:attachment":[{"href":"https:\/\/semmelweis.hu\/fok\/wp-json\/wp\/v2\/media?parent=9211"}],"wp:term":[{"taxonomy":"category","embeddable":true,"href":"https:\/\/semmelweis.hu\/fok\/wp-json\/wp\/v2\/categories?post=9211"},{"taxonomy":"post_tag","embeddable":true,"href":"https:\/\/semmelweis.hu\/fok\/wp-json\/wp\/v2\/tags?post=9211"}],"curies":[{"name":"wp","href":"https:\/\/api.w.org\/{rel}","templated":true}]}}