{"id":9156,"date":"2023-10-10T09:01:32","date_gmt":"2023-10-10T07:01:32","guid":{"rendered":"https:\/\/semmelweis.hu\/fok\/?p=9156"},"modified":"2023-10-18T15:22:20","modified_gmt":"2023-10-18T13:22:20","slug":"jubileumi-diszoklevel-atado-unnepseg-2023-oktober-7","status":"publish","type":"post","link":"https:\/\/semmelweis.hu\/fok\/2023\/10\/10\/jubileumi-diszoklevel-atado-unnepseg-2023-oktober-7\/","title":{"rendered":"Jubileumi D\u00edszoklev\u00e9l-\u00e1tad\u00f3 \u00dcnneps\u00e9g 2023. okt\u00f3ber 7."},"content":{"rendered":"<div class=\"w-100\">\n<h1><strong>Jubileumi D\u00edszoklev\u00e9l-\u00e1tad\u00f3 \u00dcnneps\u00e9g 2023. okt\u00f3ber 7.<\/strong><\/h1>\n<\/div>\n<div class=\"w-100\">\n<h6 style=\"text-align: justify\">Az 1958-ban v\u00e9gzett fogorvosok vasdiplom\u00e1t, az 1963-ban v\u00e9gzett fogorvosok gy\u00e9m\u00e1ntdiplom\u00e1t, az 1973-ban diplom\u00e1z\u00f3k aranydiplom\u00e1t vehettek \u00e1t a Semmelweis Egyetem Fogorvostudom\u00e1nyi Kar\u00e1n.<\/h6>\n<\/div>\n<div class=\"w-100\">\n<h6 style=\"text-align: justify\">A jubil\u00e1nsokat dr. Hermann P\u00e9ter oktat\u00e1si rektorhelyettes, \u00e9s dr. Gerber G\u00e1bor d\u00e9k\u00e1n k\u00f6sz\u00f6nt\u00f6tte.<\/h6>\n<p>&nbsp;<\/p>\n<\/div>\n<p><img decoding=\"async\" class=\"thumbnail\" src=\"https:\/\/semmelweis.hu\/fok\/files\/2023\/10\/RS182181_433A8692-scr-1.jpg\" alt=\"\" \/><\/p>\n<p><a href=\"https:\/\/semmelweis.hu\/hirek\/2023\/10\/10\/jubileumi-arany-gyemant-es-vas-diszokleveleket-adtak-at-a-fogorvostudomanyi-karon\/\"><strong><span style=\"font-size: 18pt\">Teljes cikk:<\/span><\/strong><\/a><br \/>\nTasn\u00e1di R\u00f3bert<br \/>\nFot\u00f3: Barta B\u00e1lint \u2013 Semmelweis Egyetem<\/p>\n<p><em><strong><a href=\"https:\/\/drive.google.com\/drive\/folders\/1ODyeXho4fVQ-fD50NYI9HJs8RUnIiOsO\">Fot\u00f3k az \u00fcnneps\u00e9gr\u0151l\u00a0 \u21d2<\/a><br \/>\n<\/strong><\/em><\/p>\n<p><em>K\u00e9sz\u00edtette:<strong>(Dr. Vars\u00e1nyin\u00e9 Juh\u00e1sz Katalin <br \/>\nKati \u00e9s Heike Fot\u00f3st\u00fadi\u00f3 Kft. Esztergom )<\/strong><\/em><\/p>\n<p><em><strong><a href=\"https:\/\/semmelweis.hu\/fok\/files\/2023\/10\/TAJEKOZTATO-FOK-Fotok-rendelese.pdf\">Fot\u00f3k ut\u00e1nrendel\u00e9se \u21d2<\/a><br \/>\n<\/strong><\/em><\/p>\n<h5>\u00a0<\/h5>\n<h5>\u00a0<\/h5>\n<h5>\u00a0<\/h5>\n<h5>\u00a0<\/h5>\n<h5>\u00a0<\/h5>\n<h5>\u00a0<\/h5>\n<h5>\u00a0<\/h5>\n<h5>\u00a0<\/h5>\n<h5>\u00a0<\/h5>\n<h5>\u00a0<\/h5>\n<h5>\u00a0<\/h5>\n<h5>\u00a0<\/h5>\n<h5>\u00a0<\/h5>\n<h5>\u00a0<\/h5>\n<h5>\u00a0<\/h5>\n<p style=\"text-align: left\">\u00a0<\/p>\n","protected":false},"excerpt":{"rendered":"<p>Jubileumi D\u00edszoklev\u00e9l-\u00e1tad\u00f3 \u00dcnneps\u00e9g 2023. okt\u00f3ber 7. Az 1958-ban v\u00e9gzett fogorvosok vasdiplom\u00e1t, az 1963-ban v\u00e9gzett fogorvosok gy\u00e9m\u00e1ntdiplom\u00e1t, az 1973-ban diplom\u00e1z\u00f3k aranydiplom\u00e1t vehettek \u00e1t a Semmelweis Egyetem Fogorvostudom\u00e1nyi Kar\u00e1n. A jubil\u00e1nsokat dr. Hermann P\u00e9ter oktat\u00e1si rektorhelyettes, \u00e9s dr. Gerber G\u00e1bor d\u00e9k\u00e1n k\u00f6sz\u00f6nt\u00f6tte. &nbsp; <a href=\"https:\/\/semmelweis.hu\/hirek\/2023\/10\/10\/jubileumi-arany-gyemant-es-vas-diszokleveleket-adtak-at-a-fogorvostudomanyi-karon\/\">Teljes cikk:<\/a> Tasn\u00e1di R\u00f3bert Fot\u00f3: Barta B\u00e1lint \u2013 Semmelweis Egyetem <a href=\"https:\/\/drive.google.com\/drive\/folders\/1ODyeXho4fVQ-fD50NYI9HJs8RUnIiOsO\">Fot\u00f3k az \u00fcnneps\u00e9gr\u0151l\u00a0 \u21d2<\/a> K\u00e9sz\u00edtette:(Dr. Vars\u00e1nyin\u00e9 Juh\u00e1sz Katalin Kati \u00e9s &hellip;<\/p>\n","protected":false},"author":101171,"featured_media":9158,"comment_status":"closed","ping_status":"closed","sticky":false,"template":"","format":"standard","meta":{"_acf_changed":false,"footnotes":""},"categories":[20],"tags":[],"class_list":["post-9156","post","type-post","status-publish","format-standard","has-post-thumbnail","hentry","category-hirek"],"acf":[],"_links":{"self":[{"href":"https:\/\/semmelweis.hu\/fok\/wp-json\/wp\/v2\/posts\/9156","targetHints":{"allow":["GET"]}}],"collection":[{"href":"https:\/\/semmelweis.hu\/fok\/wp-json\/wp\/v2\/posts"}],"about":[{"href":"https:\/\/semmelweis.hu\/fok\/wp-json\/wp\/v2\/types\/post"}],"author":[{"embeddable":true,"href":"https:\/\/semmelweis.hu\/fok\/wp-json\/wp\/v2\/users\/101171"}],"replies":[{"embeddable":true,"href":"https:\/\/semmelweis.hu\/fok\/wp-json\/wp\/v2\/comments?post=9156"}],"version-history":[{"count":10,"href":"https:\/\/semmelweis.hu\/fok\/wp-json\/wp\/v2\/posts\/9156\/revisions"}],"predecessor-version":[{"id":9237,"href":"https:\/\/semmelweis.hu\/fok\/wp-json\/wp\/v2\/posts\/9156\/revisions\/9237"}],"wp:featuredmedia":[{"embeddable":true,"href":"https:\/\/semmelweis.hu\/fok\/wp-json\/wp\/v2\/media\/9158"}],"wp:attachment":[{"href":"https:\/\/semmelweis.hu\/fok\/wp-json\/wp\/v2\/media?parent=9156"}],"wp:term":[{"taxonomy":"category","embeddable":true,"href":"https:\/\/semmelweis.hu\/fok\/wp-json\/wp\/v2\/categories?post=9156"},{"taxonomy":"post_tag","embeddable":true,"href":"https:\/\/semmelweis.hu\/fok\/wp-json\/wp\/v2\/tags?post=9156"}],"curies":[{"name":"wp","href":"https:\/\/api.w.org\/{rel}","templated":true}]}}