{"id":8623,"date":"2023-07-11T08:10:30","date_gmt":"2023-07-11T06:10:30","guid":{"rendered":"https:\/\/semmelweis.hu\/fok\/?p=8623"},"modified":"2023-07-19T08:45:26","modified_gmt":"2023-07-19T06:45:26","slug":"114-fogorvosdoktor-vehette-at-diplomajat","status":"publish","type":"post","link":"https:\/\/semmelweis.hu\/fok\/2023\/07\/11\/114-fogorvosdoktor-vehette-at-diplomajat\/","title":{"rendered":"114 fogorvosdoktor vehette \u00e1t diplom\u00e1j\u00e1t"},"content":{"rendered":"<h2>Fogorvos-doktoravat\u00f3 \u00fcnneps\u00e9g 2023. j\u00falius 9-\u00e9n, a Budapesti Kongresszusi K\u00f6zpontban\u00a0<\/h2>\n<h2><span style=\"font-size: 18pt\">1<a href=\"https:\/\/semmelweis.hu\/hirek\/files\/2023\/07\/RS178743_GV5A5785-scr.jpg\"><img loading=\"lazy\" decoding=\"async\" class=\"alignright\" src=\"https:\/\/semmelweis.hu\/hirek\/files\/2023\/07\/RS178743_GV5A5785-scr.jpg\" alt=\"\" width=\"428\" height=\"285\" \/><\/a>14 fogorvo<\/span><span style=\"font-size: 18pt\">sdoktor vehette \u00e1t diplom\u00e1j\u00e1<\/span><span style=\"font-size: 18pt\">t a Fogorvostudom\u00e1nyi Karon<\/span><\/h2>\n<p><a href=\"https:\/\/semmelweis.hu\/hirek\/2023\/07\/09\/114-fogorvos-tett-eskut-a-semmelweis-egyetemen\/\" target=\"_blank\" rel=\"noopener\">Az \u00fcnneps\u00e9gr\u0151l sz\u00f3l\u00f3 cikk az egyetemi h\u00edrport\u00e1lon olvashat\u00f3 \u2192<\/a><\/p>\n<h4><strong>Fot\u00f3k az \u00fcnneps\u00e9gr\u0151l<\/strong><\/h4>\n<ul>\n<li><strong><a href=\"https:\/\/k2.kepszerk.hu\/?c=21438&amp;k=b9f3beb21d\">Csoportk\u00e9pek<\/a><\/strong><\/li>\n<li><a href=\"https:\/\/k2.kepszerk.hu\/?c=21439&amp;k=1aec42a5d0\"><strong>K\u00e9zfog\u00e1sok<\/strong><\/a><\/li>\n<\/ul>\n<p>&nbsp;<\/p>\n","protected":false},"excerpt":{"rendered":"<p>Fogorvos-doktoravat\u00f3 \u00fcnneps\u00e9g 2023. j\u00falius 9-\u00e9n, a Budapesti Kongresszusi K\u00f6zpontban\u00a0<br \/>\n1<a href=\"https:\/\/semmelweis.hu\/hirek\/files\/2023\/07\/RS178743_GV5A5785-scr.jpg\"><\/a>14 fogorvosdoktor vehette \u00e1t diplom\u00e1j\u00e1t a Fogorvostudom\u00e1nyi Karon<br \/>\n<a href=\"https:\/\/semmelweis.hu\/hirek\/2023\/07\/09\/114-fogorvos-tett-eskut-a-semmelweis-egyetemen\/\" target=\"_blank\" rel=\"noopener\">Az \u00fcnneps\u00e9gr\u0151l sz\u00f3l\u00f3 cikk az egyetemi h\u00edrport\u00e1lon olvashat\u00f3 \u2192<\/a><br \/>\nFot\u00f3k az \u00fcnneps\u00e9gr\u0151l<\/p>\n<p><a href=\"https:\/\/k2.kepszerk.hu\/?c=21438&amp;k=b9f3beb21d\">Csoportk\u00e9pek<\/a><br \/>\n<a href=\"https:\/\/k2.kepszerk.hu\/?c=21439&amp;k=1aec42a5d0\">K\u00e9zfog\u00e1sok<\/a><\/p>\n<p>&nbsp;<\/p>\n","protected":false},"author":101171,"featured_media":8625,"comment_status":"closed","ping_status":"closed","sticky":false,"template":"","format":"standard","meta":{"_acf_changed":false,"footnotes":""},"categories":[20],"tags":[],"class_list":["post-8623","post","type-post","status-publish","format-standard","has-post-thumbnail","hentry","category-hirek"],"acf":[],"_links":{"self":[{"href":"https:\/\/semmelweis.hu\/fok\/wp-json\/wp\/v2\/posts\/8623","targetHints":{"allow":["GET"]}}],"collection":[{"href":"https:\/\/semmelweis.hu\/fok\/wp-json\/wp\/v2\/posts"}],"about":[{"href":"https:\/\/semmelweis.hu\/fok\/wp-json\/wp\/v2\/types\/post"}],"author":[{"embeddable":true,"href":"https:\/\/semmelweis.hu\/fok\/wp-json\/wp\/v2\/users\/101171"}],"replies":[{"embeddable":true,"href":"https:\/\/semmelweis.hu\/fok\/wp-json\/wp\/v2\/comments?post=8623"}],"version-history":[{"count":10,"href":"https:\/\/semmelweis.hu\/fok\/wp-json\/wp\/v2\/posts\/8623\/revisions"}],"predecessor-version":[{"id":8786,"href":"https:\/\/semmelweis.hu\/fok\/wp-json\/wp\/v2\/posts\/8623\/revisions\/8786"}],"wp:featuredmedia":[{"embeddable":true,"href":"https:\/\/semmelweis.hu\/fok\/wp-json\/wp\/v2\/media\/8625"}],"wp:attachment":[{"href":"https:\/\/semmelweis.hu\/fok\/wp-json\/wp\/v2\/media?parent=8623"}],"wp:term":[{"taxonomy":"category","embeddable":true,"href":"https:\/\/semmelweis.hu\/fok\/wp-json\/wp\/v2\/categories?post=8623"},{"taxonomy":"post_tag","embeddable":true,"href":"https:\/\/semmelweis.hu\/fok\/wp-json\/wp\/v2\/tags?post=8623"}],"curies":[{"name":"wp","href":"https:\/\/api.w.org\/{rel}","templated":true}]}}