{"id":6822,"date":"2021-10-12T10:38:08","date_gmt":"2021-10-12T08:38:08","guid":{"rendered":"https:\/\/semmelweis.hu\/fok\/?p=6822"},"modified":"2022-07-20T10:42:00","modified_gmt":"2022-07-20T08:42:00","slug":"6822","status":"publish","type":"post","link":"https:\/\/semmelweis.hu\/fok\/2021\/10\/12\/6822\/","title":{"rendered":"\u00c1tvette professzori kinevez\u00e9s\u00e9t Dr. V\u00e1g J\u00e1nos (Konzerv\u00e1l\u00f3 Fog\u00e1szati Klinika)"},"content":{"rendered":"<p style=\"text-align: justify\">Dr.\u00a0 V\u00e1g J\u00e1nos a Konzerv\u00e1l\u00f3 Fog\u00e1szati Klinika igazgat\u00f3ja 2021. okt\u00f3ber 12-\u00e9n a Vigad\u00f3ban megtartott rendezv\u00e9nyen vette \u00e1t egyetemi tan\u00e1ri kinevez\u00e9s\u00e9t. <br \/>\nProfesszor \u00darnak szeretettel gratul\u00e1lunk!<\/p>\n<p><img loading=\"lazy\" decoding=\"async\" class=\"thumbnail aligncenter\" src=\"https:\/\/semmelweis.hu\/fok\/files\/2021\/11\/V\u00e1gJ\u00e1nos-ITM_EgyetemiKinevezesek_211012-283.jpg\" alt=\"\" width=\"502\" height=\"334\" \/><\/p>\n","protected":false},"excerpt":{"rendered":"<p>Dr.\u00a0 V\u00e1g J\u00e1nos a Konzerv\u00e1l\u00f3 Fog\u00e1szati Klinika igazgat\u00f3ja 2021. okt\u00f3ber 12-\u00e9n a Vigad\u00f3ban megtartott rendezv\u00e9nyen vette \u00e1t egyetemi tan\u00e1ri kinevez\u00e9s\u00e9t.<br \/>\nProfesszor \u00darnak szeretettel gratul\u00e1lunk!<\/p>\n","protected":false},"author":101171,"featured_media":6823,"comment_status":"closed","ping_status":"closed","sticky":false,"template":"","format":"standard","meta":{"_acf_changed":false,"footnotes":""},"categories":[20],"tags":[],"class_list":["post-6822","post","type-post","status-publish","format-standard","has-post-thumbnail","hentry","category-hirek"],"acf":[],"_links":{"self":[{"href":"https:\/\/semmelweis.hu\/fok\/wp-json\/wp\/v2\/posts\/6822","targetHints":{"allow":["GET"]}}],"collection":[{"href":"https:\/\/semmelweis.hu\/fok\/wp-json\/wp\/v2\/posts"}],"about":[{"href":"https:\/\/semmelweis.hu\/fok\/wp-json\/wp\/v2\/types\/post"}],"author":[{"embeddable":true,"href":"https:\/\/semmelweis.hu\/fok\/wp-json\/wp\/v2\/users\/101171"}],"replies":[{"embeddable":true,"href":"https:\/\/semmelweis.hu\/fok\/wp-json\/wp\/v2\/comments?post=6822"}],"version-history":[{"count":6,"href":"https:\/\/semmelweis.hu\/fok\/wp-json\/wp\/v2\/posts\/6822\/revisions"}],"predecessor-version":[{"id":6830,"href":"https:\/\/semmelweis.hu\/fok\/wp-json\/wp\/v2\/posts\/6822\/revisions\/6830"}],"wp:featuredmedia":[{"embeddable":true,"href":"https:\/\/semmelweis.hu\/fok\/wp-json\/wp\/v2\/media\/6823"}],"wp:attachment":[{"href":"https:\/\/semmelweis.hu\/fok\/wp-json\/wp\/v2\/media?parent=6822"}],"wp:term":[{"taxonomy":"category","embeddable":true,"href":"https:\/\/semmelweis.hu\/fok\/wp-json\/wp\/v2\/categories?post=6822"},{"taxonomy":"post_tag","embeddable":true,"href":"https:\/\/semmelweis.hu\/fok\/wp-json\/wp\/v2\/tags?post=6822"}],"curies":[{"name":"wp","href":"https:\/\/api.w.org\/{rel}","templated":true}]}}