{"id":6591,"date":"2021-10-04T09:44:51","date_gmt":"2021-10-04T07:44:51","guid":{"rendered":"https:\/\/semmelweis.hu\/fok\/?p=6591"},"modified":"2022-07-20T10:42:00","modified_gmt":"2022-07-20T08:42:00","slug":"jubileumi-diszoklevel-atado-unnepseg-2021-oktober-2","status":"publish","type":"post","link":"https:\/\/semmelweis.hu\/fok\/2021\/10\/04\/jubileumi-diszoklevel-atado-unnepseg-2021-oktober-2\/","title":{"rendered":"Jubileumi D\u00edszoklev\u00e9l-\u00e1tad\u00f3 \u00dcnneps\u00e9g 2021. okt\u00f3ber 2."},"content":{"rendered":"<div class=\"lead\">A 65, 60 \u00e9s 50 \u00e9ve v\u00e9gzett fogorvosok vehettek \u00e1t vas, gy\u00e9m\u00e1nt \u00e9s arany jubileumi d\u00edszoklevelet dr. Hermann P\u00e9ter oktat\u00e1si rektorhelyettest\u0151l \u00e9s dr. Gerber G\u00e1bor d\u00e9k\u00e1nt\u00f3l a Fogorvostudom\u00e1nyi Kar (FOK) \u00fcnneps\u00e9g\u00e9n. A kar eddigi t\u00f6rt\u00e9net\u00e9ben el\u0151sz\u00f6r adhattak \u00e1t vas diplom\u00e1t. \u00a0<\/div>\n<div><a href=\"https:\/\/drive.google.com\/drive\/u\/2\/folders\/1zrkMkSa_84IX1nSIYvjaMYrXcNlQ02Uz\"><strong><span style=\"color: #ff0000\">Fot\u00f3k az \u00fcnneps\u00e9gr\u0151l <\/span><\/strong><\/a><\/p>\n<p><em>K\u00e9sz\u00edtette:<\/em><em><strong>(Dr.<\/strong><strong> Vars\u00e1nyin\u00e9 Juh\u00e1sz Katalin &#8211; Kati \u00e9s Heike Fot\u00f3st\u00fadi\u00f3 Kft. Esztergom )<\/strong><\/em><\/p>\n<p><a href=\"https:\/\/semmelweis.hu\/fok\/files\/2021\/11\/T\u00c1J\u00c9KOZTAT\u00d3-FOK-Fot\u00f3k-rendel\u00e9se.docx\"><strong><span style=\"color: #ff0000\">Fot\u00f3k ut\u00e1nrendel\u00e9se<\/span><\/strong><\/a><\/p>\n<\/div>\n<div>\u00a0<\/div>\n<p><img loading=\"lazy\" decoding=\"async\" class=\"alignleft size-medium wp-image-107597\" src=\"https:\/\/semmelweis.hu\/hirek\/files\/2021\/10\/RS140038_TZ_20211002_0031-scr-400x267.jpg\" alt=\"\" width=\"400\" height=\"267\" \/>\u201eA t\u00f6rt\u00e9nelem tan\u00fai azok, akik most itt \u00fclnek\u201d \u2013 mondta dr. Hermann P\u00e9ter oktat\u00e1si rektorhelyettes a Nagyv\u00e1rad t\u00e9ri Elm\u00e9leti T\u00f6mb d\u00edszterm\u00e9ben rendezett \u00fcnneps\u00e9get megnyit\u00f3 besz\u00e9d\u00e9ben. R\u00e1mutatott arra, hogy az, aki vasdiplom\u00e1t vehet \u00e1t, 1956-ban v\u00e9gzett, a gy\u00e9m\u00e1ntdiplom\u00e1sok a forradalom \u00e9s szabads\u00e1gharc \u00e9v\u00e9ben kezdhett\u00e9k k\u00e9pz\u00e9s\u00fcket, m\u00edg az aranydiplom\u00e1sok oktat\u00e1sa alatt indult az \u00faj gazdas\u00e1gi mechanizmus 1968. janu\u00e1r elsej\u00e9t\u0151l. Az eg\u00e9sz \u00fajkori t\u00f6rt\u00e9nelem mellett a fogorvosk\u00e9pz\u00e9snek is tan\u00fai a jubil\u00e1nsok, hiszen oktat\u00f3k\u00e9nt \u0151k alak\u00edtott\u00e1k ki annak a rendszernek az alapj\u00e1t, ami a kar oktat\u00e1s\u00e1t ma is jellemzi. Mindez oda vezetett, mutatott r\u00e1 a rektorhelyettes, hogy a Semmelweis Egyetem ma a vil\u00e1g 300 legjobb fels\u0151oktat\u00e1si int\u00e9zm\u00e9nye k\u00f6z\u00f6tt van, a FOK pedig egyed\u00fcli hazai fogorvosk\u00e9pz\u0151 int\u00e9zm\u00e9nyk\u00e9nt beker\u00fclt szakter\u00fclet\u00e9n a TOP 200-ba.<\/p>\n<blockquote>\n<p>K\u00f6sz\u00f6nj\u00fck az \u00d6n\u00f6k \u00fatmutat\u00e1s\u00e1t, \u00e9s igyekezni fogunk a kijel\u00f6lt ir\u00e1nyt tov\u00e1bbra is k\u00f6vetni<\/p>\n<\/blockquote>\n<p>\u2013 fogalmazott. A rektorhelyettes sz\u00f3lt arr\u00f3l is, hogy a fogorvosi k\u00f6z\u00f6ss\u00e9g sz\u0171k \u00e9s csal\u00e1dias, \u00edgy a jubileumi d\u00edszoklevelet kap\u00f3k n\u00e9vsora nem puszt\u00e1n neveket, hanem arcokat is jelent mindannyiuk sz\u00e1m\u00e1ra. Az \u00f6r\u00f6m \u00e9s a b\u00fcszkes\u00e9g \u00e9rz\u00e9s\u00e9be ugyanakkor szomor\u00fas\u00e1g is vegy\u00fcl, mivel sokan vannak, akik m\u00e1r nem lehetnek vel\u00fcnk \u2013 emelte ki a rektorhelyettes, majd a jelenl\u00e9v\u0151k fel\u00e1llva eml\u00e9keztek meg az elhunyt egykori hallgat\u00f3t\u00e1rsakr\u00f3l.<\/p>\n<p><img loading=\"lazy\" decoding=\"async\" class=\"alignright size-medium wp-image-107598\" src=\"https:\/\/semmelweis.hu\/hirek\/files\/2021\/10\/RS140045_TZ_20211002_0090-scr-400x267.jpg\" alt=\"\" width=\"400\" height=\"267\" \/>Dr. Gerber G\u00e1bor d\u00e9k\u00e1n besz\u00e9d\u00e9nek kezdet\u00e9n John Lennon Imagine c\u00edm\u0171 dal\u00e1nak egy r\u00e9szlete hangzott el, utal\u00e1sk\u00e9nt arra, hogy az albumot 1971-ben adt\u00e1k ki, amikor a mostani aranydiplom\u00e1sok v\u00e9geztek. A kar fejl\u0151d\u00e9s\u00e9t \u00e9rz\u00e9keltetve a d\u00e9k\u00e1n kit\u00e9rt arra, hogy a 65 \u00e9vvel ezel\u0151tti \u00e9vfolyamon nyolcan, a 60 \u00e9vvel ezel\u0151ttin m\u00e1r t\u00f6bb mint t\u00edzszer annyian, 82-en, az 50 \u00e9vvel ezel\u0151ttin pedig k\u00f6zel h\u00fasszor t\u00f6bben, 161-en v\u00e9geztek. Ut\u00f3bbi l\u00e9tsz\u00e1m a jelenlegin\u00e9l is magasabb, ami j\u00f3l mutatja, hogy az akkori fogorvoshi\u00e1nyt kib\u0151v\u00edtett k\u00e9pz\u00e9si kapacit\u00e1ssal igyekeztek m\u00e9rs\u00e9kelni. \u201eEnnek ellen\u00e9re igen nagy feladat h\u00e1rult \u00f6n\u00f6kre az SZTK-rendel\u0151k t\u00f6meges betegell\u00e1t\u00e1sa sor\u00e1n, emellett kev\u00e9s szabadidej\u00fck egy r\u00e9sz\u00e9t a folyamatos tov\u00e1bbk\u00e9pz\u00e9s\u00fckre, \u00f6nk\u00e9pz\u00e9s\u00fckre kellett ford\u00edtaniuk. Az elm\u00falt \u00e9vtizedekben, j\u00f3 p\u00e9ld\u00e1t mutatva a k\u00e9s\u0151bbi gener\u00e1ci\u00f3knak, folyamatos k\u00e9pz\u00e9ssel, tanul\u00e1ssal saj\u00e1t\u00edtott\u00e1k el a hivat\u00e1suk gyakorl\u00e1s\u00e1hoz sz\u00fcks\u00e9ges \u00fajabb \u00e9s \u00fajabb ter\u00e1pi\u00e1kat, technik\u00e1kat, l\u00e9p\u00e9st tartva az egyre nagyobb temp\u00f3ban halad\u00f3 tudom\u00e1nnyal\u201d \u2013 mutatott r\u00e1.<\/p>\n<div class=\"fontos_div\">\n<p>Sz\u00f3lt arr\u00f3l is, hogy az \u00fcnneps\u00e9gen jelen l\u00e9v\u0151 jubil\u00e1ns \u00e9vfolyamok mindegyike adott oktat\u00f3t alma mater\u00e9nek, mi t\u00f6bb d\u00e9k\u00e1nt dr. Zelles Tivadar, d\u00e9k\u00e1nhelyettest dr. G\u00e1bris Katalin, klinikaigazgat\u00f3t dr. Ny\u00e1rasdy Ida, s\u0151t olimpikont is Konr\u00e1d Ferenc szem\u00e9ly\u00e9ben, tov\u00e1bb\u00e1 olyan megker\u00fclhetetlen szaktekint\u00e9lyeket mint dr. Orosz Mih\u00e1ly \u00e9s dr. V\u00e1g\u00f3 P\u00e9ter.<\/p>\n<\/div>\n<p>Dr. Gerber G\u00e1bor hangs\u00falyozta, a kar 2021-es ShanghaiRankingben el\u00e9rt kiemelked\u0151 eredm\u00e9nye, a vil\u00e1g legjobb k\u00e9tsz\u00e1z fogorvosk\u00e9pz\u00e9se k\u00f6z\u00e9 val\u00f3 bejut\u00e1s, gener\u00e1ci\u00f3k egym\u00e1sra \u00e9p\u00fcl\u0151 munk\u00e1j\u00e1nak gy\u00fcm\u00f6lcse. A kar \u00e9s a fiatalabb fogorvosgener\u00e1ci\u00f3k nev\u00e9ben k\u00f6sz\u00f6netet mondott a jubil\u00e1l\u00f3k t\u00f6bb \u00e9vtizedes munk\u00e1j\u00e1\u00e9rt \u00e9s mindaz\u00e9rt, amit a magyar lakoss\u00e1g fog\u00e1szati eg\u00e9szs\u00e9gi \u00e1llapot\u00e1nak jav\u00edt\u00e1s\u00e1\u00e9rt tettek, tesznek, hivat\u00e1suk lelkiismeretes gyakorl\u00e1s\u00e1val \u00f6regb\u00edtve a kar h\u00edrnev\u00e9t.<\/p>\n<p>A d\u00e9k\u00e1n az aktualit\u00e1sok k\u00f6z\u00f6tt sz\u00f3lt arr\u00f3l is, hogy a kar egykori d\u00e9k\u00e1nja, mostani jubil\u00e1nsa \u00e1ltal meg\u00e1lmodott, PPP-konstrukci\u00f3ban megval\u00f3s\u00edtott Fogorvostudom\u00e1nyi Oktat\u00e1si Centrum szeptember 29-\u00e9n, \u00e1llami seg\u00edts\u00e9ggel v\u00e9gleg az egyetem tulajdon\u00e1ba ker\u00fclt, a Fog\u00e1szati \u00e9s Sz\u00e1jseb\u00e9szeti Oktat\u00f3 Int\u00e9zet, fel\u00faj\u00edt\u00e1si tervei pedig a napokban ker\u00fclnek v\u00e9gleges\u00edt\u00e9sre.<\/p>\n<div class=\"row galeria-wrapper mx-0\">\n<div class=\"col-9 pl-0 pr-2\">\n<div class=\"galeria-left-img\"><a href=\"https:\/\/semmelweis.hu\/hirek\/files\/2021\/10\/RS140052_TZ_20211002_0129-scr.jpg\"><img decoding=\"async\" class=\"attachment-sote-gallery-big size-sote-gallery-big\" src=\"https:\/\/semmelweis.hu\/hirek\/files\/2021\/10\/RS140052_TZ_20211002_0129-scr.jpg\" alt=\"\" \/><\/a><\/div>\n<\/div>\n<div class=\"col-3 pl-2 pr-0\">\n<div class=\"galeria-right-img\">\n<h3 class=\"galeria-title\">Gal\u00e9ria<\/h3>\n<div class=\"galeria-subtitle\">\n<div class=\"galeria-page-counter\">13k\u00e9p<\/div>\n<\/div>\n<div class=\"galeria-small-img\"><a href=\"https:\/\/semmelweis.hu\/hirek\/files\/2021\/10\/RS140077_TZ_20211002_0345-scr.jpg\"><img decoding=\"async\" class=\"attachment-sote-gallery-small size-sote-gallery-small\" src=\"https:\/\/semmelweis.hu\/hirek\/files\/2021\/10\/RS140077_TZ_20211002_0345-scr.jpg\" alt=\"\" \/><\/a><\/div>\n<div class=\"galeria-small-img\"><a href=\"https:\/\/semmelweis.hu\/hirek\/files\/2021\/10\/RS140078_TZ_20211002_0347-scr.jpg\"><img decoding=\"async\" class=\"attachment-sote-gallery-small size-sote-gallery-small\" src=\"https:\/\/semmelweis.hu\/hirek\/files\/2021\/10\/RS140078_TZ_20211002_0347-scr.jpg\" alt=\"\" \/><\/a><\/div>\n<\/div>\n<\/div>\n<\/div>\n<p>A jubileumi d\u00edszokleveleket dr. Hermann P\u00e9ter \u00e9s dr. Gerber G\u00e1bor ny\u00fajtott\u00e1k \u00e1t. A kar t\u00f6rt\u00e9net\u00e9ben id\u00e9n el\u0151sz\u00f6r adhattak \u00e1t a v\u00e9gz\u00e9s 65. \u00e9vfordul\u00f3j\u00e1r\u00f3l megeml\u00e9kez\u0151 vas oklevelet. Ezt dr. Balogh Magdolna vehette \u00e1t, aki a v\u00e9gz\u00e9st k\u00f6vet\u0151en, 1956. szeptember 1-j\u00e9t\u0151l a dr. Balogh K\u00e1roly vezet\u00e9s\u00e9vel megalakul\u00f3 Fogorvostudom\u00e1nyi Karon dolgozott, r\u00e9szt vett a Gyermekfog\u00e1szati \u00e9s Fogszab\u00e1lyoz\u00e1si Oszt\u00e1ly l\u00e9trehoz\u00e1s\u00e1ban, ahonnan 44 \u00e9v munkaviszony ut\u00e1n ment nyugd\u00edjba. P\u00e1ly\u00e1ja sor\u00e1n t\u00f6bbsz\u00f6r r\u00e9szes\u00fclt \u201eKiv\u00e1l\u00f3 Oktat\u00f3\u201d elismer\u00e9sben, \u00e9s k\u00f6zrem\u0171k\u00f6d\u00f6tt az \u00fajsz\u00fcl\u00f6tt ajak- \u00e9s sz\u00e1jpadhasad\u00e9kos csecsem\u0151k gondoz\u00e1s\u00e1ban a T\u0171zolt\u00f3 utcai gyermekklinik\u00e1val egy\u00fcttm\u0171k\u00f6d\u00e9sben. \u201eEleinte mint hallgat\u00f3, k\u00e9s\u0151bb mint munkat\u00e1rs sok \u00e9rt\u00e9kes tud\u00e1st szereztem kiv\u00e1l\u00f3 professzoraimt\u00f3l \u00e9s munkat\u00e1rsaimt\u00f3l. Rem\u00e9lem, hogy az itt l\u00e9v\u0151 munkat\u00e1rsaknak, akik k\u00f6z\u00fcl jelent\u0151s sz\u00e1mban tan\u00edtv\u00e1nyaim is voltak, eredm\u00e9nyesen tudtam tov\u00e1bb adni az el\u0151deimt\u0151l megszerzett tud\u00e1st\u201d \u2013 \u00fczente, \u00e9s el\u00e1rulta azt is, hogy unok\u00e1i k\u00f6z\u00fcl t\u00f6bben is v\u00e1lasztott\u00e1k a fogorvosi p\u00e1ly\u00e1t, illetve a Semmelweis Egyetemet.<\/p>\n<p><img loading=\"lazy\" decoding=\"async\" class=\"alignleft size-medium wp-image-107604\" src=\"https:\/\/semmelweis.hu\/hirek\/files\/2021\/10\/RS140060_TZ_20211002_0191-scr-400x267.jpg\" alt=\"\" width=\"400\" height=\"267\" \/>A 60 \u00e9ve v\u00e9gzetteknek j\u00e1r\u00f3 gy\u00e9m\u00e1nt diplom\u00e1t 21-en vehett\u00e9k \u00e1t, nev\u00fckben dr. Zelles Tivadar, az Or\u00e1lbiol\u00f3giai Tansz\u00e9k megalap\u00edt\u00f3ja, jelenlegi professor emeritusa, a kar 1998-2004 k\u00f6z\u00f6tti d\u00e9k\u00e1nja sz\u00f3lt. \u201eM\u00e9lt\u00e1n vagyunk b\u00fcszk\u00e9k arra, hogy mi vagyunk az 56-os \u00e9vfolyam\u201d \u2013 hangs\u00falyozta, \u00e9s visszaeml\u00e9kezett az okt\u00f3ber 23-i esem\u00e9nyekre is. \u201eReggel sz\u00f6vettan el\u0151ad\u00e1s, a karzaton megjelenik az egyetem DISZ-vezet\u00e9se, d\u00e9lut\u00e1n t\u00fcntet\u00e9s lesz, a r\u00e9szv\u00e9tel k\u00f6telez\u0151, az \u00dcll\u0151i \u00fat 26. udvara zs\u00fafolva, enged\u00e9lyezik a felvonul\u00e1st, elk\u00e9s\u00fcnk a Bem t\u00e9rr\u0151l, a Margit-h\u00edd fel\u00e9n\u00e9l visszaford\u00edtanak, \u00edgy az egyetemi menet v\u00e9g\u00e9r\u0151l az els\u0151\u00e9ves fogorvosok els\u0151k\u00e9nt \u00e9rnek a Kossuth t\u00e9rre\u201d \u2013 villantott fel eml\u00e9kk\u00e9peket. Sz\u00f3lt arr\u00f3l is, hogy \u00e9vfolyamuk volt az els\u0151 nagyobb l\u00e9tsz\u00e1m\u00fa \u00fan. \u00faj rendszer\u0171 fogorvos\u00e9vfolyam, akik a kar alap\u00edt\u00f3j\u00e1t\u00f3l, dr. Balogh K\u00e1rolyt\u00f3l vehett\u00e9k \u00e1t oklevel\u00fcket 60 \u00e9ve. \u201eA 60 \u00e9v majdnem 22 ezer nap, a feh\u00e9r k\u00f6peny legal\u00e1bb 20 ezerszeri felh\u00faz\u00e1sa, \u00e9s t\u00f6bb mint sz\u00e1zezer meggy\u00f3gy\u00edtott beteg\u201d \u2013 fogalmazott.<em>\u00a0<\/em><\/p>\n<p><img loading=\"lazy\" decoding=\"async\" class=\"alignleft size-medium wp-image-107610\" src=\"https:\/\/semmelweis.hu\/hirek\/files\/2021\/10\/RS140072_TZ_20211002_0307-scr-400x267.jpg\" alt=\"\" width=\"400\" height=\"267\" \/>Arany oklevelet \u00f6tven, 1971-ben v\u00e9gzett egykori hallgat\u00f3 vehetett \u00e1t, nev\u00fckben dr. Ny\u00e1rasdy Ida nyugalmazott egyetemi tan\u00e1r mondott k\u00f6sz\u00f6nt\u0151t, aki kor\u00e1bban a Konzerv\u00e1l\u00f3 Fog\u00e1szati Klinika igazgat\u00f3ja volt. \u201eAmikor ez\u00e9rt a d\u00edszoklev\u00e9l-oszt\u00f3\u00e9rt k\u00f6sz\u00f6netet mondunk, h\u00e1l\u00e1val \u00e9s tisztelettel kell gondolnunk oktat\u00f3inkra is, akik 50-55 \u00e9vvel ezel\u0151tt tud\u00e1suk \u00e1tad\u00e1s\u00e1val felk\u00e9sz\u00edtettek benn\u00fcnket erre az \u00fatra, a hivat\u00e1sunkra, \u00e9s lehet\u0151v\u00e9 tett\u00e9k, hogy v\u00e9gigdolgozzuk ezt a f\u00e9l \u00e9vsz\u00e1zadot\u201d \u2013 fogalmazott. Sz\u00f3lt arr\u00f3l, hogy szakmai ter\u00fclet\u00fck\u00f6n d\u00f6bbenetes fejl\u0151d\u00e9st \u00e9lhettek \u00e1t, mind a diagnosztika, a gy\u00f3gy\u00e1szat, mind a technol\u00f3gi\u00e1k ter\u00fclet\u00e9n, p\u00e9ldak\u00e9nt eml\u00edtve egyebek mellett a Siemens-goly\u00f3val k\u00e9sz\u00edtett r\u00f6ntgen-felv\u00e9telek k\u00e9sz\u00edt\u00e9se helyett alkalmazott digit\u00e1lis k\u00e9palkot\u00f3 elj\u00e1r\u00e1sokat, a minimal invaz\u00edv beavatkoz\u00e1sokat \u00e9s a prevenci\u00f3 fontoss\u00e1g\u00e1nak felismer\u00e9s\u00e9t.<\/p>\n<p>Az \u00fcnneps\u00e9g sor\u00e1n N\u00e9meth Zolt\u00e1n zongor\u00e1n adta el\u0151 egyebek mellett Chopin \u00c1sz-d\u00far kering\u0151j\u00e9t, majd Sz\u0171cs Bor\u00f3ka \u00e9nekessel Mozart: Als Luise die Briefe c\u00edm\u0171 m\u0171v\u00e9t.<\/p>\n<p>Dobozi P\u00e1lma<br \/>\nFot\u00f3: Tuba Zolt\u00e1n<\/p>\n","protected":false},"excerpt":{"rendered":"<p>A 65, 60 \u00e9s 50 \u00e9ve v\u00e9gzett fogorvosok vehettek \u00e1t vas, gy\u00e9m\u00e1nt \u00e9s arany jubileumi d\u00edszoklevelet dr. Hermann P\u00e9ter oktat\u00e1si rektorhelyettest\u0151l \u00e9s dr. Gerber G\u00e1bor d\u00e9k\u00e1nt\u00f3l a Fogorvostudom\u00e1nyi Kar (FOK) \u00fcnneps\u00e9g\u00e9n. A kar eddigi t\u00f6rt\u00e9net\u00e9ben el\u0151sz\u00f6r adhattak \u00e1t vas diplom\u00e1t. \u00a0 <a href=\"https:\/\/drive.google.com\/drive\/u\/2\/folders\/1zrkMkSa_84IX1nSIYvjaMYrXcNlQ02Uz\">Fot\u00f3k az \u00fcnneps\u00e9gr\u0151l <\/a> K\u00e9sz\u00edtette:(Dr. Vars\u00e1nyin\u00e9 Juh\u00e1sz Katalin &#8211; Kati \u00e9s Heike Fot\u00f3st\u00fadi\u00f3 Kft. Esztergom ) <a href=\"https:\/\/semmelweis.hu\/fok\/files\/2021\/11\/T\u00c1J\u00c9KOZTAT\u00d3-FOK-Fot\u00f3k-rendel\u00e9se.docx\">Fot\u00f3k ut\u00e1nrendel\u00e9se<\/a> \u00a0 \u201eA &hellip;<\/p>\n","protected":false},"author":101171,"featured_media":6590,"comment_status":"closed","ping_status":"closed","sticky":false,"template":"","format":"standard","meta":{"_acf_changed":false,"footnotes":""},"categories":[20],"tags":[],"class_list":["post-6591","post","type-post","status-publish","format-standard","has-post-thumbnail","hentry","category-hirek"],"acf":[],"_links":{"self":[{"href":"https:\/\/semmelweis.hu\/fok\/wp-json\/wp\/v2\/posts\/6591","targetHints":{"allow":["GET"]}}],"collection":[{"href":"https:\/\/semmelweis.hu\/fok\/wp-json\/wp\/v2\/posts"}],"about":[{"href":"https:\/\/semmelweis.hu\/fok\/wp-json\/wp\/v2\/types\/post"}],"author":[{"embeddable":true,"href":"https:\/\/semmelweis.hu\/fok\/wp-json\/wp\/v2\/users\/101171"}],"replies":[{"embeddable":true,"href":"https:\/\/semmelweis.hu\/fok\/wp-json\/wp\/v2\/comments?post=6591"}],"version-history":[{"count":10,"href":"https:\/\/semmelweis.hu\/fok\/wp-json\/wp\/v2\/posts\/6591\/revisions"}],"predecessor-version":[{"id":6752,"href":"https:\/\/semmelweis.hu\/fok\/wp-json\/wp\/v2\/posts\/6591\/revisions\/6752"}],"wp:featuredmedia":[{"embeddable":true,"href":"https:\/\/semmelweis.hu\/fok\/wp-json\/wp\/v2\/media\/6590"}],"wp:attachment":[{"href":"https:\/\/semmelweis.hu\/fok\/wp-json\/wp\/v2\/media?parent=6591"}],"wp:term":[{"taxonomy":"category","embeddable":true,"href":"https:\/\/semmelweis.hu\/fok\/wp-json\/wp\/v2\/categories?post=6591"},{"taxonomy":"post_tag","embeddable":true,"href":"https:\/\/semmelweis.hu\/fok\/wp-json\/wp\/v2\/tags?post=6591"}],"curies":[{"name":"wp","href":"https:\/\/api.w.org\/{rel}","templated":true}]}}