{"id":6363,"date":"2021-07-11T17:27:56","date_gmt":"2021-07-11T15:27:56","guid":{"rendered":"https:\/\/semmelweis.hu\/fok\/?p=6363"},"modified":"2022-07-20T10:42:01","modified_gmt":"2022-07-20T08:42:01","slug":"139-fogorvosjeloltet-avattak-doktorra","status":"publish","type":"post","link":"https:\/\/semmelweis.hu\/fok\/2021\/07\/11\/139-fogorvosjeloltet-avattak-doktorra\/","title":{"rendered":"139 fogorvosjel\u00f6ltet avattak doktorr\u00e1"},"content":{"rendered":"<p><a href=\"https:\/\/youtu.be\/mSagRTiTRmU\">Vide\u00f3 az \u00fcnneps\u00e9gr\u0151l<\/a><br \/>\n<a href=\"http:\/\/archivum.semmelweis.hu\/?c=3108&amp;k=9942f9be29\">Fot\u00f3k az \u00fcnneps\u00e9gr\u0151l<\/a>\u00a0<\/p>\n<p><a href=\"https:\/\/semmelweis.hu\/hirek\/2021\/07\/11\/139-fogorvosjeloltet-avattak-doktorra\/\">139 fogorvosjel\u00f6ltet avattak doktorr\u00e1<\/a><\/p>\n<p><img decoding=\"async\" class=\"thumbnail\" src=\"https:\/\/semmelweis.hu\/fok\/files\/2021\/07\/RS136062_ML_20210711_0777-scr.jpg\" alt=\"\" \/><\/p>\n","protected":false},"excerpt":{"rendered":"<p><a href=\"https:\/\/youtu.be\/mSagRTiTRmU\">Vide\u00f3 az \u00fcnneps\u00e9gr\u0151l<\/a><br \/>\n<a href=\"http:\/\/archivum.semmelweis.hu\/?c=3108&amp;k=9942f9be29\">Fot\u00f3k az \u00fcnneps\u00e9gr\u0151l<\/a>\u00a0<br \/>\n<a href=\"https:\/\/semmelweis.hu\/hirek\/2021\/07\/11\/139-fogorvosjeloltet-avattak-doktorra\/\">139 fogorvosjel\u00f6ltet avattak doktorr\u00e1<\/a><\/p>\n","protected":false},"author":101171,"featured_media":6364,"comment_status":"closed","ping_status":"closed","sticky":false,"template":"","format":"standard","meta":{"_acf_changed":false,"footnotes":""},"categories":[20],"tags":[],"class_list":["post-6363","post","type-post","status-publish","format-standard","has-post-thumbnail","hentry","category-hirek"],"acf":[],"_links":{"self":[{"href":"https:\/\/semmelweis.hu\/fok\/wp-json\/wp\/v2\/posts\/6363","targetHints":{"allow":["GET"]}}],"collection":[{"href":"https:\/\/semmelweis.hu\/fok\/wp-json\/wp\/v2\/posts"}],"about":[{"href":"https:\/\/semmelweis.hu\/fok\/wp-json\/wp\/v2\/types\/post"}],"author":[{"embeddable":true,"href":"https:\/\/semmelweis.hu\/fok\/wp-json\/wp\/v2\/users\/101171"}],"replies":[{"embeddable":true,"href":"https:\/\/semmelweis.hu\/fok\/wp-json\/wp\/v2\/comments?post=6363"}],"version-history":[{"count":9,"href":"https:\/\/semmelweis.hu\/fok\/wp-json\/wp\/v2\/posts\/6363\/revisions"}],"predecessor-version":[{"id":6394,"href":"https:\/\/semmelweis.hu\/fok\/wp-json\/wp\/v2\/posts\/6363\/revisions\/6394"}],"wp:featuredmedia":[{"embeddable":true,"href":"https:\/\/semmelweis.hu\/fok\/wp-json\/wp\/v2\/media\/6364"}],"wp:attachment":[{"href":"https:\/\/semmelweis.hu\/fok\/wp-json\/wp\/v2\/media?parent=6363"}],"wp:term":[{"taxonomy":"category","embeddable":true,"href":"https:\/\/semmelweis.hu\/fok\/wp-json\/wp\/v2\/categories?post=6363"},{"taxonomy":"post_tag","embeddable":true,"href":"https:\/\/semmelweis.hu\/fok\/wp-json\/wp\/v2\/tags?post=6363"}],"curies":[{"name":"wp","href":"https:\/\/api.w.org\/{rel}","templated":true}]}}