{"id":6139,"date":"2021-03-30T14:32:25","date_gmt":"2021-03-30T12:32:25","guid":{"rendered":"https:\/\/semmelweis.hu\/fok\/?p=6139"},"modified":"2022-07-20T10:42:02","modified_gmt":"2022-07-20T08:42:02","slug":"6139","status":"publish","type":"post","link":"https:\/\/semmelweis.hu\/fok\/2021\/03\/30\/6139\/","title":{"rendered":"Egy\u00fcttm\u0171k\u00f6d\u00e9si tervek a FOK \u00e9s a tervek szerint hamarosan l\u00e9trej\u00f6v\u0151 Transzl\u00e1ci\u00f3s Medicina K\u00f6zpont k\u00f6z\u00f6tt"},"content":{"rendered":"<p><strong><img loading=\"lazy\" decoding=\"async\" class=\"thumbnail alignleft\" src=\"https:\/\/semmelweis.hu\/fok\/files\/2021\/03\/Hegyi2.jpg\" alt=\"\" width=\"356\" height=\"229\" \/>Egy\u00fcttm\u0171k\u00f6d\u00e9si tervek a Fogorvostudom\u00e1nyi Kar \u00e9s a tervek szerint hamarosan l\u00e9trej\u00f6v\u0151 Transzl\u00e1ci\u00f3s Medicina K\u00f6zpont k\u00f6z\u00f6tt<\/strong><\/p>\n<p style=\"text-align: justify\">Prof. Dr. Hegyi P\u00e9ter, a Semmelweis Egyetemen a tervek szerint hamarosan\u00a0l\u00e9trehoz\u00e1sra ker\u00fcl\u0151 Transzl\u00e1ci\u00f3s Medicina K\u00f6zpont leend\u0151 vezet\u0151je \u00e9s munkat\u00e1rsai 2021. m\u00e1rcius 24-\u00e9n nyilv\u00e1nos online besz\u00e9lget\u00e9sen ismertett\u00e9k programjukat, terveiket a Fogorvostudom\u00e1nyi Kar \u00e9rdekl\u0151d\u0151 oktat\u00f3ival, kutat\u00f3ival, melyet kor\u00e1bban m\u00e1r a Kar vezet\u00e9s\u00e9nek is bemutattak a m\u00e1rciusi Kari Tan\u00e1cs\u00fcl\u00e9sen.<\/p>\n<p style=\"text-align: justify\">A Kar egyes t\u00e9mavezet\u0151i \u00e9s PhD-hallgat\u00f3i egy EU-s program keret\u00e9ben m\u00e1r t\u00f6bb \u00e9ve sikeres egy\u00fcttm\u0171k\u00f6d\u00e9st folytatnak Dr. Hegyi P\u00e9ter munkacsoportj\u00e1val, mely j\u00f3 n\u00e9h\u00e1ny jelent\u0151s publik\u00e1ci\u00f3t is eredm\u00e9nyezett.<br \/>\nAz\u00e1ltal, hogy a j\u00f6v\u0151ben a tudom\u00e1nyos tev\u00e9kenys\u00e9g\u00fck egyik kiemelt, int\u00e9zm\u00e9nyes\u00edtett helysz\u00edne v\u00e1rhat\u00f3an a Semmelweis Egyetem lesz, a Fogorvostudom\u00e1nyi Kar munkat\u00e1rsai sz\u00e1m\u00e1ra is sz\u00e9lesk\u00f6r\u0171 lehet\u0151s\u00e9g ny\u00edlik arra, hogy akt\u00edvan r\u00e9szt vegyenek a programban.\u00a0\u00a0\u00a0\u00a0 Hegyi P\u00e9ter t\u00e1j\u00e9koztat\u00e1sa szerint b\u00e1rki jelentkezhet a k\u00e9pz\u00e9sbe, aki az angol nyelv\u0171 program felt\u00e9teleit elfogadja \u00e9s a kutat\u00e1shoz \u00e9s annak m\u00f3dszertan\u00e1hoz megfelel\u0151en dedik\u00e1lt id\u0151vel rendelkezik \u00e9s igazgat\u00f3ja ezt biztos\u00edtani tudja sz\u00e1m\u00e1ra. A r\u00e9sztvev\u0151 lehet a doktori k\u00e9pz\u00e9s\u00e9t most kezd\u0151 \u00e9s jelenleg is a k\u00e9pz\u00e9s\u00e9t v\u00e9gz\u0151 PhD-hallgat\u00f3, rezidens, szakorvos, korhat\u00e1r n\u00e9lk\u00fcl.<\/p>\n<p style=\"text-align: justify\">Dr. Gerber G\u00e1bor, a Kar d\u00e9k\u00e1nja, t\u00e1j\u00e9koztatta a r\u00e9sztvev\u0151ket, hogy t\u00e1mogatja a programot, munkat\u00e1rsait \u00f6szt\u00f6nzi a r\u00e9szv\u00e9telre, hiszen maga is sikeres tapasztalatokkal rendelkezik ezzel kapcsolatban.<\/p>\n<p style=\"text-align: justify\">A Transzl\u00e1ci\u00f3s Medicina K\u00f6zponttal t\u00f6rt\u00e9n\u0151 egy\u00fcttm\u0171k\u00f6d\u00e9s fontos szerepet t\u00f6lthet be a Kar tudom\u00e1nyos eredm\u00e9nyeinek, nemzetk\u00f6zi elismerts\u00e9g\u00e9nek\u00a0n\u00f6vel\u00e9s\u00e9ben \u00e9s egy\u00fattal a betegell\u00e1t\u00e1s sz\u00ednvonal\u00e1nak tov\u00e1bbi emel\u00e9s\u00e9ben is.<\/p>\n<p style=\"text-align: justify\">\u00a0<\/p>\n","protected":false},"excerpt":{"rendered":"<p>Egy\u00fcttm\u0171k\u00f6d\u00e9si tervek a Fogorvostudom\u00e1nyi Kar \u00e9s a tervek szerint hamarosan l\u00e9trej\u00f6v\u0151 Transzl\u00e1ci\u00f3s Medicina K\u00f6zpont k\u00f6z\u00f6tt Prof. Dr. Hegyi P\u00e9ter, a Semmelweis Egyetemen a tervek szerint hamarosan\u00a0l\u00e9trehoz\u00e1sra ker\u00fcl\u0151 Transzl\u00e1ci\u00f3s Medicina K\u00f6zpont leend\u0151 vezet\u0151je \u00e9s munkat\u00e1rsai 2021. m\u00e1rcius 24-\u00e9n nyilv\u00e1nos online besz\u00e9lget\u00e9sen ismertett\u00e9k programjukat, terveiket a Fogorvostudom\u00e1nyi Kar \u00e9rdekl\u0151d\u0151 oktat\u00f3ival, kutat\u00f3ival, melyet kor\u00e1bban m\u00e1r a Kar vezet\u00e9s\u00e9nek &hellip;<\/p>\n","protected":false},"author":101171,"featured_media":6145,"comment_status":"closed","ping_status":"closed","sticky":false,"template":"","format":"standard","meta":{"_acf_changed":false,"footnotes":""},"categories":[20],"tags":[],"class_list":["post-6139","post","type-post","status-publish","format-standard","has-post-thumbnail","hentry","category-hirek"],"acf":[],"_links":{"self":[{"href":"https:\/\/semmelweis.hu\/fok\/wp-json\/wp\/v2\/posts\/6139","targetHints":{"allow":["GET"]}}],"collection":[{"href":"https:\/\/semmelweis.hu\/fok\/wp-json\/wp\/v2\/posts"}],"about":[{"href":"https:\/\/semmelweis.hu\/fok\/wp-json\/wp\/v2\/types\/post"}],"author":[{"embeddable":true,"href":"https:\/\/semmelweis.hu\/fok\/wp-json\/wp\/v2\/users\/101171"}],"replies":[{"embeddable":true,"href":"https:\/\/semmelweis.hu\/fok\/wp-json\/wp\/v2\/comments?post=6139"}],"version-history":[{"count":5,"href":"https:\/\/semmelweis.hu\/fok\/wp-json\/wp\/v2\/posts\/6139\/revisions"}],"predecessor-version":[{"id":6147,"href":"https:\/\/semmelweis.hu\/fok\/wp-json\/wp\/v2\/posts\/6139\/revisions\/6147"}],"wp:featuredmedia":[{"embeddable":true,"href":"https:\/\/semmelweis.hu\/fok\/wp-json\/wp\/v2\/media\/6145"}],"wp:attachment":[{"href":"https:\/\/semmelweis.hu\/fok\/wp-json\/wp\/v2\/media?parent=6139"}],"wp:term":[{"taxonomy":"category","embeddable":true,"href":"https:\/\/semmelweis.hu\/fok\/wp-json\/wp\/v2\/categories?post=6139"},{"taxonomy":"post_tag","embeddable":true,"href":"https:\/\/semmelweis.hu\/fok\/wp-json\/wp\/v2\/tags?post=6139"}],"curies":[{"name":"wp","href":"https:\/\/api.w.org\/{rel}","templated":true}]}}