{"id":6124,"date":"2021-03-23T15:49:50","date_gmt":"2021-03-23T14:49:50","guid":{"rendered":"https:\/\/semmelweis.hu\/fok\/?p=6124"},"modified":"2022-07-20T10:42:02","modified_gmt":"2022-07-20T08:42:02","slug":"atvette-tanszekvezetoi-kinevezeset-dr-zsembery-akos-egyetemi-docens-a-oralbiologiai-tanszeken","status":"publish","type":"post","link":"https:\/\/semmelweis.hu\/fok\/2021\/03\/23\/atvette-tanszekvezetoi-kinevezeset-dr-zsembery-akos-egyetemi-docens-a-oralbiologiai-tanszeken\/","title":{"rendered":"\u00c1tvette tansz\u00e9kvezet\u0151i kinevez\u00e9s\u00e9t Dr. Zsembery \u00c1kos egyetemi docens a Or\u00e1lbiol\u00f3giai Tansz\u00e9ken"},"content":{"rendered":"<p><strong>\u00c1tvette tansz\u00e9kvezet\u0151i kinevez\u00e9s\u00e9t Dr. Zsembery \u00c1kos egyetemi docens a Or\u00e1lbiol\u00f3giai Tansz\u00e9ken<img loading=\"lazy\" decoding=\"async\" class=\"thumbnail alignleft\" src=\"https:\/\/semmelweis.hu\/fok\/files\/2021\/03\/Or\u00e1lbiol\u00f3gia.jpg\" alt=\"\" width=\"310\" height=\"326\" \/><\/strong><\/p>\n<p style=\"text-align: justify\"><strong>\u00a0<\/strong><strong>Dr. Varga G\u00e1bor Professzor \u00dar<\/strong> 19 \u00e9ven kereszt\u00fcl vezette az Or\u00e1lbiol\u00f3giai Tansz\u00e9ket, vezet\u0151i megb\u00edz\u00e1sa \u2013 az SzMSz II.1. R\u00e9sz 33.\u00a7 (3) pont rendelkez\u00e9se szerint, mely alapj\u00e1n a vezet\u0151i megb\u00edz\u00e1sok legfeljebb a hatvan\u00f6t\u00f6dik \u00e9let\u00e9v bet\u00f6lt\u00e9s\u00e9ig hosszabb\u00edthat\u00f3k &#8211; 2021. febru\u00e1r 22-\u00e9n lej\u00e1rt.<\/p>\n<p style=\"text-align: justify\">A Tansz\u00e9k tansz\u00e9kvezet\u0151i \u00e1ll\u00e1shely\u00e9t sikeres p\u00e1ly\u00e1ztat\u00e1st k\u00f6vet\u0151en <strong>Dr. Zsembery \u00c1kos Docens \u00dar<\/strong> nyerte el.\u00a0 2021. febru\u00e1r 23-\u00e1n, Dr. Gerber G\u00e1bor d\u00e9k\u00e1n, Koszt\u00e1n\u00e9 Kov\u00e1cs Marianna Kari gazdas\u00e1gi igazgat\u00f3, Dr. Varga G\u00e1bor lek\u00f6sz\u00f6n\u0151 tansz\u00e9kvezet\u0151 \u00e9s Dr. Zsembery \u00c1kos kinevezett tansz\u00e9kvezet\u0151 egy\u00fcttes jelenl\u00e9t\u00e9ben az tansz\u00e9kvezet\u0151i \u00e1tad\u00e1s-\u00e1tv\u00e9tel rendben lezajlott.<\/p>\n<p style=\"text-align: justify\">Dr. Varga G\u00e1bor Professzor \u00dar az Or\u00e1lbiol\u00f3giai Tansz\u00e9ket hossz\u00fa \u00e9vekig sikeresen vezette, a Kar tudom\u00e1nyos el\u0151rehalad\u00e1sa \u00e9rdek\u00e9ben rendk\u00edv\u00fcl eredm\u00e9nyes tev\u00e9kenys\u00e9get folytatott, a Kar valamennyi oktat\u00e1si-kutat\u00e1si szervezeti egys\u00e9g\u00e9vel szoros kapcsolatot \u00e1polt, melynek eredm\u00e9nyek\u00e9ppen a Kar tudom\u00e1nyos mutat\u00f3i jelent\u0151sen emelkedtek.<\/p>\n<p style=\"text-align: justify\">Fontosnak tartotta a Kar \u00e9s az Egyetem t\u00f6bbi int\u00e9zete k\u00f6z\u00f6tti tudom\u00e1nyos kapcsolatok er\u0151s\u00edt\u00e9s\u00e9t, a k\u00f6z\u00f6s kutat\u00e1si projektmunk\u00e1kat, melyek szint\u00e9n hozz\u00e1j\u00e1rultak a Kar tudom\u00e1nyos \u00e9letben bet\u00f6lt\u00f6tt poz\u00edci\u00f3j\u00e1nak jav\u00edt\u00e1s\u00e1hoz.<\/p>\n<p style=\"text-align: justify\">Dr. Varga G\u00e1bor \u00e9veken \u00e1t vezette a Karon a Kutat\u00e1si, Tudom\u00e1nyos, Nemzetk\u00f6zi Kapcsolatok \u00e9s Utaz\u00e1si Bizotts\u00e1got. Ebben a poz\u00edci\u00f3j\u00e1ban el\u00e9v\u00fclhetetlen \u00e9rdemeket szerzett a Kari P\u00e1ly\u00e1zatok \u00fajraind\u00edt\u00e1s\u00e1ban \u00e9s az \u00e9vente megrendez\u00e9sre ker\u00fcl\u0151, a Kari P\u00e1ly\u00e1zathoz kapcsol\u00f3d\u00f3 Minikonferencia l\u00e9trehoz\u00e1s\u00e1ban \u00e9s megszervez\u00e9s\u00e9ben.<br \/>\nAz Egyetemen r\u00e9szt vett a Tudom\u00e1nyos Di\u00e1kk\u00f6ri Konferenci\u00e1n a Fogorvostudom\u00e1nyi szekci\u00f3k l\u00e9trehoz\u00e1s\u00e1ban, majd hossz\u00fa \u00e9veken \u00e1t szervezete is azokat. Tansz\u00e9kvezet\u0151i p\u00e1lyafut\u00e1sa sor\u00e1n sz\u00e1mos TDK \u00e9s PhD hallgat\u00f3ja volt, akik k\u00f6z\u00fcl t\u00f6bben m\u00e1r vezet\u0151 oktat\u00f3k. Sz\u00e1mos sikeres nemzetk\u00f6zi p\u00e1ly\u00e1zat \u00e9s konferencia rendez\u00e9s f\u0171z\u0151dik a nev\u00e9hez.<\/p>\n<p style=\"text-align: justify\">Dr. Varga G\u00e1bor Professzor \u00darnak tansz\u00e9kvezet\u0151i munk\u00e1j\u00e1t d\u00e9k\u00e1n \u00far megk\u00f6sz\u00f6nte, \u00e9s a tov\u00e1bbiakban is k\u00e9rte, hogy munk\u00e1j\u00e1val seg\u00edtse a Kar el\u0151rehalad\u00e1s\u00e1t.<br \/>\nGerber d\u00e9k\u00e1n \u00far Dr. Zsembery \u00c1kos docens \u00farnak sok sikert \u00e9s eredm\u00e9nyes munk\u00e1t k\u00edv\u00e1n az Or\u00e1lbiol\u00f3giai Tansz\u00e9k \u00e9l\u00e9n!<\/p>\n<p style=\"text-align: justify\">\u00a0<\/p>\n","protected":false},"excerpt":{"rendered":"<p>\u00c1tvette tansz\u00e9kvezet\u0151i kinevez\u00e9s\u00e9t Dr. Zsembery \u00c1kos egyetemi docens a Or\u00e1lbiol\u00f3giai Tansz\u00e9ken \u00a0Dr. Varga G\u00e1bor Professzor \u00dar 19 \u00e9ven kereszt\u00fcl vezette az Or\u00e1lbiol\u00f3giai Tansz\u00e9ket, vezet\u0151i megb\u00edz\u00e1sa \u2013 az SzMSz II.1. R\u00e9sz 33.\u00a7 (3) pont rendelkez\u00e9se szerint, mely alapj\u00e1n a vezet\u0151i megb\u00edz\u00e1sok legfeljebb a hatvan\u00f6t\u00f6dik \u00e9let\u00e9v bet\u00f6lt\u00e9s\u00e9ig hosszabb\u00edthat\u00f3k &#8211; 2021. febru\u00e1r 22-\u00e9n lej\u00e1rt. A Tansz\u00e9k tansz\u00e9kvezet\u0151i \u00e1ll\u00e1shely\u00e9t &hellip;<\/p>\n","protected":false},"author":101171,"featured_media":6132,"comment_status":"closed","ping_status":"closed","sticky":false,"template":"","format":"standard","meta":{"_acf_changed":false,"footnotes":""},"categories":[20],"tags":[],"class_list":["post-6124","post","type-post","status-publish","format-standard","has-post-thumbnail","hentry","category-hirek"],"acf":[],"_links":{"self":[{"href":"https:\/\/semmelweis.hu\/fok\/wp-json\/wp\/v2\/posts\/6124","targetHints":{"allow":["GET"]}}],"collection":[{"href":"https:\/\/semmelweis.hu\/fok\/wp-json\/wp\/v2\/posts"}],"about":[{"href":"https:\/\/semmelweis.hu\/fok\/wp-json\/wp\/v2\/types\/post"}],"author":[{"embeddable":true,"href":"https:\/\/semmelweis.hu\/fok\/wp-json\/wp\/v2\/users\/101171"}],"replies":[{"embeddable":true,"href":"https:\/\/semmelweis.hu\/fok\/wp-json\/wp\/v2\/comments?post=6124"}],"version-history":[{"count":7,"href":"https:\/\/semmelweis.hu\/fok\/wp-json\/wp\/v2\/posts\/6124\/revisions"}],"predecessor-version":[{"id":6135,"href":"https:\/\/semmelweis.hu\/fok\/wp-json\/wp\/v2\/posts\/6124\/revisions\/6135"}],"wp:featuredmedia":[{"embeddable":true,"href":"https:\/\/semmelweis.hu\/fok\/wp-json\/wp\/v2\/media\/6132"}],"wp:attachment":[{"href":"https:\/\/semmelweis.hu\/fok\/wp-json\/wp\/v2\/media?parent=6124"}],"wp:term":[{"taxonomy":"category","embeddable":true,"href":"https:\/\/semmelweis.hu\/fok\/wp-json\/wp\/v2\/categories?post=6124"},{"taxonomy":"post_tag","embeddable":true,"href":"https:\/\/semmelweis.hu\/fok\/wp-json\/wp\/v2\/tags?post=6124"}],"curies":[{"name":"wp","href":"https:\/\/api.w.org\/{rel}","templated":true}]}}