{"id":5718,"date":"2021-01-13T07:28:19","date_gmt":"2021-01-13T06:28:19","guid":{"rendered":"https:\/\/semmelweis.hu\/fok\/?p=5718"},"modified":"2022-07-20T10:42:02","modified_gmt":"2022-07-20T08:42:02","slug":"elhunyt-dr-pataky-levente","status":"publish","type":"post","link":"https:\/\/semmelweis.hu\/fok\/2021\/01\/13\/elhunyt-dr-pataky-levente\/","title":{"rendered":"Elhunyt Dr. Pataky Levente ny. egyetemi adjunktus"},"content":{"rendered":"<p>&nbsp;<\/p>\n<p><img decoding=\"async\" class=\"thumbnail\" src=\"https:\/\/semmelweis.hu\/fok\/files\/2021\/01\/PatakyLevente-1-scaled.jpg\" alt=\"\" \/><\/p>\n<p>B\u00facs\u00fa Dr. Pataky Levent\u00e9t\u0151l<\/p>\n<p>Tisztelt gy\u00e1szol\u00f3 Csal\u00e1d, Bar\u00e1taim!<\/p>\n<p style=\"text-align: justify\">Az elm\u00falt \u00e9v december 24-\u00e9n elhunyt Dr. Pataky Levente egyetemi adjunktus. Szem\u00e9ly\u00e9ben egy \u00fajabb 68-ast vesztett\u00fcnk el. De mit is jelent ez a jel\u00f6l\u00e9s, melyet csup\u00e1n a beavatottak ismernek, haszn\u00e1lnak? 1968. Ez a sz\u00e1m egy \u00e9vet jel\u00f6l, amikor Levente mintegy 138 \u00e9vfolyamt\u00e1rs\u00e1val egy\u00fctt &#8211; k\u00f6zt\u00fck velem is &#8211; a Budapesti Orvostudom\u00e1nyi Egyetem Fogorvostudom\u00e1nyi Kar\u00e1n megszerezte fogorvosdoktori diplom\u00e1j\u00e1t.<br \/>\nNem volt, s j\u00f3szerivel m\u00e1r nem is lesz k\u00f6zt\u00fcnk h\u00edresen kiemelked\u0151 ember: p\u00e1lyaelhagy\u00f3 diplom\u00e1sk\u00e9nt szak\u00edr\u00f3 vagy k\u00f6lt\u0151, fest\u0151, sz\u00edn\u00e9sz, feltal\u00e1l\u00f3 vagy \u00e9ppen neves politikus. A 68-as \u00e9vfolyam nagys\u00e1ga \u00f6sszetart\u00e1s\u00e1ban, egym\u00e1sra val\u00f3 odafigyel\u00e9s\u00e9ben, egys\u00e9gess\u00e9g\u00e9ben van. Nagy dolog ez, nagy \u00e9rt\u00e9k, ma k\u00fcl\u00f6n\u00f6sen, amikor ki-ki zajos k\u00f6z\u00f6ss\u00e9gben, fel\u00fcletes kapcsolatokkal terhelten, de val\u00f3j\u00e1ban befel\u00e9 fordulva, mag\u00e1nyosan t\u00f6lti napjait.<br \/>\nDe hogyan is kezd\u0151d\u00f6tt?<br \/>\nLevent\u00e9vel 1963-ban tal\u00e1lkoztam, az egyetemi \u00e9vnyit\u00f3n. Akkoriban enyh\u00fclt az egyetemi auton\u00f3mi\u00e1t is semmibe vev\u0151 v\u00f6r\u00f6s szor\u00edt\u00e1s, s v\u00e9gre ism\u00e9t sz\u00e1m\u00edtott a val\u00f3s felv\u00e9teli teljes\u00edtm\u00e9ny. Beker\u00fcltek az \u00e9vfolyamra az oszt\u00e1lyidegen sz\u00e1rmaz\u00e1s\u00faak, a csend\u0151runok\u00e1k, a kitelep\u00edtett sz\u00fcl\u0151k gyermekei, az egyh\u00e1zi iskol\u00e1sok sok-sok \u00e9ven \u00e1t eltan\u00e1csolt, \u00e9v vesztes \u201e\u00f6reg\u201d p\u00e1ly\u00e1z\u00f3i. Egy mondatban: sz\u00ednes \u00e9vfolyam volt a 68-as.<br \/>\n\u00c9retts\u00e9gi ut\u00e1n Levente is dolgozott. A J\u00e1nos k\u00f3rh\u00e1z prosectur\u00e1j\u00e1n volt boncseg\u00e9d. Az ott szerzett ismeretei szerettett\u00e9k meg vele az els\u0151-m\u00e1sod\u00e9vesek mumust\u00e1rgy\u00e1t, az anat\u00f3mi\u00e1t. Nem csak szerette, de tudta is. Di\u00e1kk\u00f6r\u00f6sk\u00e9nt nyertes p\u00e1ly\u00e1zatot \u00edrt. Mi t\u00f6bbiek t\u00e1tottuk a sz\u00e1nkat, irigyelt\u00fck. Hamarosan emblematikus tagj\u00e1v\u00e1 v\u00e1lt az \u00e9vfolyamnak. Magja, hangad\u00f3ja a majdani hatvannyolcasoknak. Csap\u00f3dtak hozz\u00e1 az \u00e9vfolyamt\u00e1rsak. Volt egy\u00fctt tanul\u00e1s, k\u00f6z\u00f6s vizsg\u00e1k, buliz\u00e1s, de fontos volt a k\u00f6z\u00f6s k\u00e1rtya is. Az egy\u00fcttl\u00e9t, az egyetemi dolgok megbesz\u00e9l\u00e9s\u00e9nek h\u00e1tt\u00e9ralibije.<br \/>\nGyorsan elsz\u00e1lltak a di\u00e1k\u00e9vek, sz\u00e9tsz\u00f3r\u00f3dtunk az orsz\u00e1gban, vil\u00e1gban, fogorvosk\u00e9nt dolgozni kezdt\u00fcnk. Levente a VII. ker\u00fcleti rendel\u0151 endodoncia, k\u00f6z\u00e9rthet\u0151bben gy\u00f6k\u00e9rkezel\u0151 oszt\u00e1ly\u00e1n tett szert nagy gyakorlatra. Ennek a beavatkoz\u00e1snak alapja a r\u00f6ntgenfelv\u00e9tel k\u00e9sz\u00edt\u00e9se, s a j\u00f3 r\u00f6ntgendiagn\u00f3zis.\u00a0 Hamarosan mindezek mestere lett. Elk\u00e9peszt\u0151 gyakorlatra tett szert. Seg\u00edts\u00e9g\u00e9t k\u00e9rve nem egyszer leny\u0171g\u00f6zve b\u00e1multam, hogy mi mindent olvas le egy-egy akkoriban csak k\u00e9t dimenzi\u00f3ban el\u00e9rhet\u0151 panor\u00e1ma felv\u00e9telr\u0151l. Mert \u0150 m\u00e1r akkor 3 dimenzi\u00f3ban gondolkozott. Nev\u00e9hez f\u0171z\u0151dik a DMFR, azaz a Dento-Maxillo-Faci\u00e1lis Radi\u00f3l\u00f3giai t\u00e1rsas\u00e1g megalap\u00edt\u00e1sa. Ez kis ter\u00fclet a fog\u00e1szaton bel\u00fcl. Levente eln\u00f6klet\u00e9vel a tags\u00e1got eleinte csak az \u00f6sszetart\u00f3 68-asok alkott\u00e1k. K\u00e9s\u0151bb sor ker\u00fclt Levente m\u00e1sik specialit\u00e1s\u00e1val, az endodonci\u00e1val foglalkoz\u00f3 szakemberekkel k\u00f6z\u00f6s kongresszus szervez\u00e9s\u00e9re R\u00e1ckev\u00e9n. A szakmai tartalom, a helysz\u00edn, valamint a kapcsolt programok megv\u00e1laszt\u00e1sa, sz\u00ednvonala oly szerencs\u00e9s volt, &#8211; k\u00f6sz\u00f6nhet\u0151en a hatvannyolcasok \u00e9rdekl\u0151d\u00e9s\u00e9nek is \u2013 hogy a k\u00e9s\u0151bbiekben a k\u00f6z\u00f6s kongresszus ugyanott, hagyom\u00e1nyk\u00e9nt t\u00f6bbsz\u00f6r is megism\u00e9tl\u0151d\u00f6tt.<br \/>\nLevente 3 t\u00e9rben val\u00f3 gondolkod\u00e1s\u00e1nak ugyancsak p\u00e9lda\u00e9rt\u00e9k\u0171 bizony\u00edt\u00e9ka volt, hogy vezet\u00e9s\u00e9vel jelent\u0151s sz\u00e1m\u00fa fogorvos k\u00e9rte tagfelv\u00e9tel\u00e9t a nemzetk\u00f6zi IADMFR t\u00e1rsas\u00e1gba is. Munk\u00e1ss\u00e1g\u00e1nak eredm\u00e9nyek\u00e9nt a szervezet sz\u00e1mos kongresszus\u00e1n \u2013 Olaszorsz\u00e1gban, Jap\u00e1nban, Kore\u00e1ban, D\u00e9l Afrik\u00e1ban &#8211; vett r\u00e9szt nagysz\u00e1m\u00fa magyar deleg\u00e1lt. Mi t\u00f6bb a Nemzetk\u00f6zi T\u00e1rsas\u00e1g 9. kongresszus\u00e1t Levente eln\u00f6ks\u00e9g\u00e9vel, s a hatvannyolcasok hathat\u00f3s k\u00f6zrem\u0171k\u00f6d\u00e9s\u00e9vel Budapesten tartotta. Nagy siker volt.<br \/>\nId\u0151k\u00f6zben Pataky doktor a Semmelweis Egyetem Sz\u00e1jseb\u00e9szetei Klinik\u00e1j\u00e1ra, a r\u00f6ntgen oszt\u00e1lyra ker\u00fclt, egyetemi tan\u00e1rseg\u00e9dk\u00e9nt, majd adjunktusk\u00e9nt. A betegell\u00e1t\u00e1s mellett tan\u00edtott is, r\u00e9sze volt az ifj\u00fa fogorvosnemzed\u00e9kek k\u00e9pz\u00e9s\u00e9ben. Di\u00e1kjai szerett\u00e9k, s \u0150 is szerette hallgat\u00f3it. Oktat\u00f3k\u00e9nt ugyancsak jelesre vizsg\u00e1zott.<\/p>\n<p style=\"text-align: justify\">B\u00facs\u00fazunk t\u0151led Levente.\u00a0 Elment\u00e9l. Elment\u00e9l az \u00e9gi hatvannyolcasok t\u00e1bor\u00e1ba. Mi az itt maradtak j\u00f3sz\u00edvvel gondolunk R\u00e1d. Amikor napokban a gy\u00e1szh\u00edrr\u0151l egy fiatalabb koll\u00e9g\u00e1val besz\u00e9ltem, somm\u00e1san csak ennyit mondott: \u201eIsmertem, eml\u00e9kszem r\u00e1. J\u00f3 fej volt!\u201d<br \/>\nNyugodj b\u00e9k\u00e9ben, Levente!<\/p>\n<p>Dr. Fazekas \u00c1rp\u00e1d<br \/>\nProfesszor Emeritus<\/p>\n<p>Budapest, 2021. jan. 11.<\/p>\n","protected":false},"excerpt":{"rendered":"<p>&nbsp; B\u00facs\u00fa Dr. Pataky Levent\u00e9t\u0151l Tisztelt gy\u00e1szol\u00f3 Csal\u00e1d, Bar\u00e1taim! Az elm\u00falt \u00e9v december 24-\u00e9n elhunyt Dr. Pataky Levente egyetemi adjunktus. Szem\u00e9ly\u00e9ben egy \u00fajabb 68-ast vesztett\u00fcnk el. De mit is jelent ez a jel\u00f6l\u00e9s, melyet csup\u00e1n a beavatottak ismernek, haszn\u00e1lnak? 1968. Ez a sz\u00e1m egy \u00e9vet jel\u00f6l, amikor Levente mintegy 138 \u00e9vfolyamt\u00e1rs\u00e1val egy\u00fctt &#8211; k\u00f6zt\u00fck velem &hellip;<\/p>\n","protected":false},"author":101171,"featured_media":3632,"comment_status":"closed","ping_status":"closed","sticky":false,"template":"","format":"standard","meta":{"_acf_changed":false,"footnotes":""},"categories":[20],"tags":[],"class_list":["post-5718","post","type-post","status-publish","format-standard","has-post-thumbnail","hentry","category-hirek"],"acf":[],"_links":{"self":[{"href":"https:\/\/semmelweis.hu\/fok\/wp-json\/wp\/v2\/posts\/5718","targetHints":{"allow":["GET"]}}],"collection":[{"href":"https:\/\/semmelweis.hu\/fok\/wp-json\/wp\/v2\/posts"}],"about":[{"href":"https:\/\/semmelweis.hu\/fok\/wp-json\/wp\/v2\/types\/post"}],"author":[{"embeddable":true,"href":"https:\/\/semmelweis.hu\/fok\/wp-json\/wp\/v2\/users\/101171"}],"replies":[{"embeddable":true,"href":"https:\/\/semmelweis.hu\/fok\/wp-json\/wp\/v2\/comments?post=5718"}],"version-history":[{"count":8,"href":"https:\/\/semmelweis.hu\/fok\/wp-json\/wp\/v2\/posts\/5718\/revisions"}],"predecessor-version":[{"id":5725,"href":"https:\/\/semmelweis.hu\/fok\/wp-json\/wp\/v2\/posts\/5718\/revisions\/5725"}],"wp:featuredmedia":[{"embeddable":true,"href":"https:\/\/semmelweis.hu\/fok\/wp-json\/wp\/v2\/media\/3632"}],"wp:attachment":[{"href":"https:\/\/semmelweis.hu\/fok\/wp-json\/wp\/v2\/media?parent=5718"}],"wp:term":[{"taxonomy":"category","embeddable":true,"href":"https:\/\/semmelweis.hu\/fok\/wp-json\/wp\/v2\/categories?post=5718"},{"taxonomy":"post_tag","embeddable":true,"href":"https:\/\/semmelweis.hu\/fok\/wp-json\/wp\/v2\/tags?post=5718"}],"curies":[{"name":"wp","href":"https:\/\/api.w.org\/{rel}","templated":true}]}}