{"id":5668,"date":"2020-12-17T11:42:29","date_gmt":"2020-12-17T10:42:29","guid":{"rendered":"https:\/\/semmelweis.hu\/fok\/?p=5668"},"modified":"2022-07-20T10:42:02","modified_gmt":"2022-07-20T08:42:02","slug":"atvette-igazgatoi-kinevezeset-dr-vag-janos-egyetemi-docens-a-konzervalo-fogaszati-klinikan","status":"publish","type":"post","link":"https:\/\/semmelweis.hu\/fok\/2020\/12\/17\/atvette-igazgatoi-kinevezeset-dr-vag-janos-egyetemi-docens-a-konzervalo-fogaszati-klinikan\/","title":{"rendered":"\u00c1tvette igazgat\u00f3i kinevez\u00e9s\u00e9t Dr. V\u00e1g J\u00e1nos egyetemi docens a Konzerv\u00e1l\u00f3 Fog\u00e1szati Klinik\u00e1n"},"content":{"rendered":"<p><img loading=\"lazy\" decoding=\"async\" class=\"thumbnail alignleft\" src=\"https:\/\/semmelweis.hu\/fok\/files\/2020\/12\/V\u00e1g-J\u00e1nos.jpg\" alt=\"\" width=\"470\" height=\"521\" \/><\/p>\n<p style=\"text-align: justify\">A Konzerv\u00e1l\u00f3 Fog\u00e1szati Klinika eddigi igazgat\u00f3j\u00e1nak, Dr. T\u00f3th Zsuzsanna docens asszonynak a vezet\u0151i megb\u00edz\u00e1sa 2020. december 12-\u00e9n lej\u00e1rt. Az SzMSz II.1. R\u00e9sz\u00a0 33.\u00a7 (3) pontja szerint a vezet\u0151i megb\u00edz\u00e1sok legfeljebb a hatvan\u00f6t\u00f6dik \u00e9let\u00e9v bet\u00f6lt\u00e9s\u00e9ig hosszabb\u00edthat\u00f3ak. Az \u00e9letkor bet\u00f6lt\u00e9se miatt, 2020. december 12-vel, Dr. T\u00f3th Zsuzsanna lek\u00f6sz\u00f6nt a Klinika igazgat\u00f3i posztj\u00e1r\u00f3l.<\/p>\n<p style=\"text-align: justify\">A Klinika igazgat\u00f3i \u00e1ll\u00e1shely\u00e9t sikeres p\u00e1ly\u00e1ztat\u00e1st k\u00f6vet\u0151en Dr. V\u00e1g J\u00e1nos egyetemi docens nyerte el.\u00a0 2020. december 15-\u00e9n, Dr. Gerber G\u00e1bor d\u00e9k\u00e1n, Dr. Reichert P\u00e9ter emberier\u0151forr\u00e1s-gazd\u00e1lkod\u00e1si f\u0151igazgat\u00f3, Koszt\u00e1n\u00e9 Kov\u00e1cs Marianna kari gazdas\u00e1gi igazgat\u00f3, Dr. T\u00f3th Zsuzsanna lek\u00f6sz\u00f6n\u0151 igazgat\u00f3 \u00e9s Dr. V\u00e1g J\u00e1nos kinevezett igazgat\u00f3 egy\u00fcttes jelenl\u00e9t\u00e9ben az igazgat\u00f3i \u00e1tad\u00e1s-\u00e1tv\u00e9tel rendben lezajlott.<\/p>\n<p style=\"text-align: justify\">Dr. T\u00f3th Zsuzsanna lek\u00f6sz\u00f6n\u0151 igazgat\u00f3 asszonynak k\u00f6sz\u00f6nj\u00fck a Fogorvostudom\u00e1nyi Karon \u00e9s a Konzerv\u00e1l\u00f3 Fog\u00e1szati Klinik\u00e1n kifejtett hossz\u00fa \u00e9s sikeres vezet\u0151i munk\u00e1ss\u00e1g\u00e1t. Tov\u00e1bbi j\u00f3 munk\u00e1t \u00e9s eg\u00e9szs\u00e9get k\u00edv\u00e1nunk!<\/p>\n<p>Dr. V\u00e1g J\u00e1nos docens \u00farnak sok sikert \u00e9s eredm\u00e9nyes munk\u00e1t k\u00edv\u00e1nunk a Klinika \u00e9l\u00e9n!<\/p>\n<p>&nbsp;<\/p>\n<p>&nbsp;<\/p>\n<p>&nbsp;<\/p>\n","protected":false},"excerpt":{"rendered":"<p>A Konzerv\u00e1l\u00f3 Fog\u00e1szati Klinika eddigi igazgat\u00f3j\u00e1nak, Dr. T\u00f3th Zsuzsanna docens asszonynak a vezet\u0151i megb\u00edz\u00e1sa 2020. december 12-\u00e9n lej\u00e1rt. Az SzMSz II.1. R\u00e9sz\u00a0 33.\u00a7 (3) pontja szerint a vezet\u0151i megb\u00edz\u00e1sok legfeljebb a hatvan\u00f6t\u00f6dik \u00e9let\u00e9v bet\u00f6lt\u00e9s\u00e9ig hosszabb\u00edthat\u00f3ak. Az \u00e9letkor bet\u00f6lt\u00e9se miatt, 2020. december 12-vel, Dr. T\u00f3th Zsuzsanna lek\u00f6sz\u00f6nt a Klinika igazgat\u00f3i posztj\u00e1r\u00f3l. A Klinika igazgat\u00f3i \u00e1ll\u00e1shely\u00e9t sikeres &hellip;<\/p>\n","protected":false},"author":101171,"featured_media":5669,"comment_status":"closed","ping_status":"closed","sticky":false,"template":"","format":"standard","meta":{"_acf_changed":false,"footnotes":""},"categories":[20],"tags":[],"class_list":["post-5668","post","type-post","status-publish","format-standard","has-post-thumbnail","hentry","category-hirek"],"acf":[],"_links":{"self":[{"href":"https:\/\/semmelweis.hu\/fok\/wp-json\/wp\/v2\/posts\/5668","targetHints":{"allow":["GET"]}}],"collection":[{"href":"https:\/\/semmelweis.hu\/fok\/wp-json\/wp\/v2\/posts"}],"about":[{"href":"https:\/\/semmelweis.hu\/fok\/wp-json\/wp\/v2\/types\/post"}],"author":[{"embeddable":true,"href":"https:\/\/semmelweis.hu\/fok\/wp-json\/wp\/v2\/users\/101171"}],"replies":[{"embeddable":true,"href":"https:\/\/semmelweis.hu\/fok\/wp-json\/wp\/v2\/comments?post=5668"}],"version-history":[{"count":6,"href":"https:\/\/semmelweis.hu\/fok\/wp-json\/wp\/v2\/posts\/5668\/revisions"}],"predecessor-version":[{"id":5677,"href":"https:\/\/semmelweis.hu\/fok\/wp-json\/wp\/v2\/posts\/5668\/revisions\/5677"}],"wp:featuredmedia":[{"embeddable":true,"href":"https:\/\/semmelweis.hu\/fok\/wp-json\/wp\/v2\/media\/5669"}],"wp:attachment":[{"href":"https:\/\/semmelweis.hu\/fok\/wp-json\/wp\/v2\/media?parent=5668"}],"wp:term":[{"taxonomy":"category","embeddable":true,"href":"https:\/\/semmelweis.hu\/fok\/wp-json\/wp\/v2\/categories?post=5668"},{"taxonomy":"post_tag","embeddable":true,"href":"https:\/\/semmelweis.hu\/fok\/wp-json\/wp\/v2\/tags?post=5668"}],"curies":[{"name":"wp","href":"https:\/\/api.w.org\/{rel}","templated":true}]}}