{"id":5416,"date":"2020-10-18T16:30:57","date_gmt":"2020-10-18T14:30:57","guid":{"rendered":"https:\/\/semmelweis.hu\/fok\/?p=5416"},"modified":"2022-07-20T10:42:03","modified_gmt":"2022-07-20T08:42:03","slug":"elhunyt-dr-fejerdy-pal-egyetemi-tanar","status":"publish","type":"post","link":"https:\/\/semmelweis.hu\/fok\/2020\/10\/18\/elhunyt-dr-fejerdy-pal-egyetemi-tanar\/","title":{"rendered":"Elhunyt Dr. Fej\u00e9rdy P\u00e1l Professor Emeritus"},"content":{"rendered":"<div class=\"w-100\" style=\"text-align: justify\"><strong><img loading=\"lazy\" decoding=\"async\" class=\"alignleft\" src=\"https:\/\/semmelweis.hu\/fok\/files\/2020\/10\/Dr.-Fej%C3%A9rdy-P%C3%A1l-4.jpg\" width=\"384\" height=\"601\" \/><\/strong><\/div>\n<div class=\"w-100\" style=\"text-align: justify\"><strong>M\u00e9ly f\u00e1jdalommal tudatjuk, hogy okt\u00f3ber 18-\u00e1n, \u00e9let\u00e9nek 75. \u00e9v\u00e9ben hossz\u00fa, m\u00e9lt\u00f3s\u00e1ggal viselt k\u00fczdelem ut\u00e1n, <em>Dr. Fej\u00e9rdy P\u00e1l<\/em> egyetemi tan\u00e1r itt hagyott minket.<\/strong><\/div>\n<div><em>\u201e<\/em><em>Aki megvall engem az emberek el\u0151tt, \u00e9n is megvallom Aty\u00e1m el\u0151tt.\u201d <\/em><span style=\"font-size: 1rem\">10, 32.<\/span><\/div>\n<div>\u00a0<\/div>\n<p style=\"text-align: justify\">Dr. Fej\u00e9rdy P\u00e1l a Semmelweis Egyetem Fogorvostudom\u00e1nyi Kar\u00e1n szerzett fogorvos doktori diplom\u00e1t 1969-ben. V\u00e9gz\u00e9s ut\u00e1n k\u00f6zvetlen\u00fcl a Fogp\u00f3tl\u00e1stani Klinika munkat\u00e1rsa lett, melynek 11 \u00e9vig volt igazgat\u00f3ja. Nemcsak a Kar, hanem az eg\u00e9sz magyar fogorvost\u00e1rsadalom meghat\u00e1roz\u00f3 szem\u00e9lyis\u00e9ge volt, aki mind szakmai mind pedig szakmapolitikai k\u00e9rd\u00e9sekben felk\u00e9sz\u00fclts\u00e9g\u00e9vel megker\u00fclhetetlen szerepl\u0151je volt a hozott d\u00f6nt\u00e9sek el\u0151k\u00e9sz\u00edt\u00e9s\u00e9nek, megval\u00f3s\u00edt\u00e1s\u00e1nak \u00e9s magas szint\u0171 kivitelez\u00e9s\u00e9nek. Fiatalon megalkotta a r\u00e9szleges foghi\u00e1nyok protetikai oszt\u00e1lyoz\u00e1s\u00e1t, ami a mai napig a legfontosabb \u00fatmutat\u00f3 a fogorvosok sz\u00e1m\u00e1ra fogp\u00f3tl\u00e1sok tervez\u00e9sekor. Megszervezte 1986 \u00e9s 1989 k\u00f6z\u00f6tt, illetve 2003-2004-ben a hazai feln\u0151tt lakoss\u00e1g sz\u00e1j\u00fcregi eg\u00e9szs\u00e9gi \u00e1llapot\u00e1nak felm\u00e9r\u00e9s\u00e9t, amely egyr\u00e9szt a WHO adott szakter\u00fclet\u00e9nek hivatalos magyar adatait adta, m\u00e1sr\u00e9szt seg\u00edts\u00e9g\u00fcl szolg\u00e1lt a d\u00f6nt\u00e9shoz\u00f3k sz\u00e1m\u00e1ra n\u00e9peg\u00e9szs\u00e9g\u00fcgyi programok fel\u00e1ll\u00edt\u00e1s\u00e1hoz.<\/p>\n<p style=\"text-align: justify\">A Fogorvostudom\u00e1nyi Kar \u00e9let\u00e9ben Dr. Fej\u00e9rdy P\u00e1l t\u00f6lt\u00f6tt a legt\u00f6bb id\u0151t magas vezet\u0151i beoszt\u00e1sban, 21 \u00e9ven kereszt\u00fcl volt valamilyen egyetemi gr\u00e9miumban vezet\u0151 tiszts\u00e9gvisel\u0151. Hat \u00e9vig volt d\u00e9k\u00e1n-helyettes, kilenc \u00e9vig d\u00e9k\u00e1n, hat \u00e9vig rektor-helyettes, \u00e9vtizedeken kereszt\u00fcl k\u00e9pviselte a Fogorvostudom\u00e1nyi Kart az Egyetemi Tan\u00e1csban, k\u00e9s\u0151bb a Szen\u00e1tusban.<\/p>\n<p style=\"text-align: justify\">Megszervezte a Semmelweis Egyetemen a szak- \u00e9s tov\u00e1bbk\u00e9pz\u00e9s rendszer\u00e9t, amely az eg\u00e9sz orsz\u00e1gban a t\u00e1rsegyetemek sz\u00e1m\u00e1ra is modellk\u00e9nt szolg\u00e1lt.<\/p>\n<p style=\"text-align: justify\">Hossz\u00fa \u00e9vekig volt a Szakmai Koll\u00e9gium Fog,- \u00e9s Sz\u00e1jbetegs\u00e9gek Tagozat\u00e1nak eln\u00f6ke, 2005 \u00e9s 2019 k\u00f6z\u00f6tt a fogorvosi szakma tudom\u00e1nyos foly\u00f3irat\u00e1nak, a Fogorvosi Szeml\u00e9nek f\u0151szerkeszt\u0151je.<\/p>\n<p style=\"text-align: justify\">Hitvall\u00e1sa mindig a fejleszt\u00e9s volt, k\u00e9rlelhetetlen\u00fcl szeretett volna olyan dolgokat megval\u00f3s\u00edtani, amely a m\u0171k\u00f6d\u0151 rendszert jobb\u00e1 teszi, \u00edgy a Fogp\u00f3tl\u00e1stani Klinik\u00e1n 1989-ben &#8211; az eg\u00e9sz Egyetemen els\u0151k\u00e9nt \u2013 megszervezte a sz\u00e1m\u00edt\u00f3g\u00e9pes h\u00e1l\u00f3zatot, a digit\u00e1lis betegnyilv\u00e1ntart\u00e1si rendszert, amellyel messze megel\u0151zve a kor\u00e1t tudta a Klinika a betegell\u00e1t\u00e1si adatokat dokument\u00e1lni.<\/p>\n<p style=\"text-align: justify\">M\u00e9ly hite seg\u00edtette abban, hogy mindenben a j\u00f3t l\u00e1ssa, mindenkiben csak a seg\u00edteni akar\u00e1st t\u00e9telezze fel, mindig \u00f6nzetlen\u00fcl t\u00e1mogatta a r\u00e1szorultakat.<\/p>\n<p style=\"text-align: justify\">Az Egyetem, a Fogorvostudom\u00e1nyi Kar, a Fogp\u00f3tl\u00e1stani Klinika \u00e9s az eg\u00e9sz hazai fogorvost\u00e1rsadalom egy p\u00f3tolhatatlan embert vesz\u00edtett el.\u00a0 \u00a0\u00a0\u00a0 <br \/>\n\u00a0\u00a0\u00a0\u00a0\u00a0\u00a0\u00a0\u00a0\u00a0\u00a0\u00a0\u00a0\u00a0\u00a0\u00a0\u00a0\u00a0\u00a0\u00a0\u00a0\u00a0\u00a0\u00a0\u00a0\u00a0\u00a0\u00a0\u00a0\u00a0\u00a0\u00a0\u00a0\u00a0\u00a0\u00a0\u00a0\u00a0\u00a0\u00a0\u00a0\u00a0\u00a0\u00a0\u00a0\u00a0\u00a0\u00a0\u00a0\u00a0\u00a0\u00a0\u00a0\u00a0\u00a0\u00a0\u00a0\u00a0\u00a0\u00a0\u00a0\u00a0\u00a0\u00a0\u00a0\u00a0\u00a0\u00a0\u00a0\u00a0\u00a0\u00a0\u00a0\u00a0\u00a0\u00a0\u00a0\u00a0\u00a0\u00a0\u00a0\u00a0\u00a0\u00a0\u00a0\u00a0\u00a0\u00a0\u00a0\u00a0\u00a0\u00a0\u00a0\u00a0\u00a0 Hermann P\u00e9ter<\/p>\n<p><a href=\"https:\/\/semmelweis.hu\/fok\/files\/2020\/10\/Dr_Feje\u0301rdy_Pa\u0301l_Gya\u0301szjelento\u030b_2.pdf\">A gy\u00e1szjelent\u00e9s itt \u00e9rhet\u0151 el. \u00a0\u00a0\u00a0<\/a> \u00a0\u00a0\u00a0\u00a0\u00a0\u00a0\u00a0\u00a0\u00a0\u00a0\u00a0\u00a0\u00a0\u00a0\u00a0\u00a0\u00a0\u00a0\u00a0\u00a0\u00a0\u00a0\u00a0\u00a0\u00a0\u00a0\u00a0\u00a0\u00a0\u00a0\u00a0\u00a0\u00a0\u00a0\u00a0\u00a0\u00a0\u00a0\u00a0\u00a0\u00a0\u00a0\u00a0\u00a0\u00a0\u00a0\u00a0\u00a0\u00a0\u00a0\u00a0\u00a0\u00a0\u00a0\u00a0\u00a0\u00a0\u00a0\u00a0\u00a0\u00a0\u00a0\u00a0\u00a0\u00a0\u00a0\u00a0\u00a0\u00a0\u00a0\u00a0\u00a0\u00a0\u00a0\u00a0\u00a0\u00a0\u00a0\u00a0\u00a0\u00a0\u00a0\u00a0\u00a0\u00a0\u00a0\u00a0\u00a0\u00a0\u00a0\u00a0\u00a0\u00a0\u00a0\u00a0\u00a0\u00a0\u00a0\u00a0 <br \/>\n<a href=\"https:\/\/www.youtube.com\/watch?v=U8t8UyoRYuY&amp;feature=youtu.be\">Gy\u00e1szmise el\u00e9rhet\u0151s\u00e9gi linkje<\/a><\/p>\n<p>&nbsp;<\/p>\n<p>&nbsp;<\/p>\n","protected":false},"excerpt":{"rendered":"<p>M\u00e9ly f\u00e1jdalommal tudatjuk, hogy okt\u00f3ber 18-\u00e1n, \u00e9let\u00e9nek 75. \u00e9v\u00e9ben hossz\u00fa, m\u00e9lt\u00f3s\u00e1ggal viselt k\u00fczdelem ut\u00e1n, Dr. Fej\u00e9rdy P\u00e1l egyetemi tan\u00e1r itt hagyott minket. \u201eAki megvall engem az emberek el\u0151tt, \u00e9n is megvallom Aty\u00e1m el\u0151tt.\u201d 10, 32. \u00a0 Dr. Fej\u00e9rdy P\u00e1l a Semmelweis Egyetem Fogorvostudom\u00e1nyi Kar\u00e1n szerzett fogorvos doktori diplom\u00e1t 1969-ben. V\u00e9gz\u00e9s ut\u00e1n k\u00f6zvetlen\u00fcl a Fogp\u00f3tl\u00e1stani Klinika &hellip;<\/p>\n","protected":false},"author":101171,"featured_media":5445,"comment_status":"closed","ping_status":"closed","sticky":false,"template":"","format":"standard","meta":{"_acf_changed":false,"footnotes":""},"categories":[20],"tags":[],"class_list":["post-5416","post","type-post","status-publish","format-standard","has-post-thumbnail","hentry","category-hirek"],"acf":[],"_links":{"self":[{"href":"https:\/\/semmelweis.hu\/fok\/wp-json\/wp\/v2\/posts\/5416","targetHints":{"allow":["GET"]}}],"collection":[{"href":"https:\/\/semmelweis.hu\/fok\/wp-json\/wp\/v2\/posts"}],"about":[{"href":"https:\/\/semmelweis.hu\/fok\/wp-json\/wp\/v2\/types\/post"}],"author":[{"embeddable":true,"href":"https:\/\/semmelweis.hu\/fok\/wp-json\/wp\/v2\/users\/101171"}],"replies":[{"embeddable":true,"href":"https:\/\/semmelweis.hu\/fok\/wp-json\/wp\/v2\/comments?post=5416"}],"version-history":[{"count":10,"href":"https:\/\/semmelweis.hu\/fok\/wp-json\/wp\/v2\/posts\/5416\/revisions"}],"predecessor-version":[{"id":5460,"href":"https:\/\/semmelweis.hu\/fok\/wp-json\/wp\/v2\/posts\/5416\/revisions\/5460"}],"wp:featuredmedia":[{"embeddable":true,"href":"https:\/\/semmelweis.hu\/fok\/wp-json\/wp\/v2\/media\/5445"}],"wp:attachment":[{"href":"https:\/\/semmelweis.hu\/fok\/wp-json\/wp\/v2\/media?parent=5416"}],"wp:term":[{"taxonomy":"category","embeddable":true,"href":"https:\/\/semmelweis.hu\/fok\/wp-json\/wp\/v2\/categories?post=5416"},{"taxonomy":"post_tag","embeddable":true,"href":"https:\/\/semmelweis.hu\/fok\/wp-json\/wp\/v2\/tags?post=5416"}],"curies":[{"name":"wp","href":"https:\/\/api.w.org\/{rel}","templated":true}]}}