{"id":5240,"date":"2020-09-11T10:51:13","date_gmt":"2020-09-11T08:51:13","guid":{"rendered":"https:\/\/semmelweis.hu\/fok\/?p=5240"},"modified":"2022-07-20T10:42:03","modified_gmt":"2022-07-20T08:42:03","slug":"tajekoztatas-2020-evben-jubileumi-diszoklevelre-jogosult-kollegak-szamara","status":"publish","type":"post","link":"https:\/\/semmelweis.hu\/fok\/2020\/09\/11\/tajekoztatas-2020-evben-jubileumi-diszoklevelre-jogosult-kollegak-szamara\/","title":{"rendered":"T\u00e1j\u00e9koztat\u00e1s 2020. \u00e9vben Jubileumi D\u00edszoklev\u00e9lre jogosult koll\u00e9g\u00e1k sz\u00e1m\u00e1ra!"},"content":{"rendered":"<p>Kedves Jubil\u00e1l\u00f3 Koll\u00e9g\u00e1k!<\/p>\n<p>Tisztelettel t\u00e1j\u00e9koztatjuk \u00d6n\u00f6ket, hogy a j\u00e1rv\u00e1nyhelyzet miatt ez \u00e9vben sajnos nem ker\u00fclhet sor az \u00fcnneps\u00e9g megtart\u00e1s\u00e1ra, ezzel is \u00f3vva \u00d6n\u00f6ket az esetleges fert\u0151z\u0151d\u00e9st\u0151l.<\/p>\n<p>Term\u00e9szetesen a d\u00edszdiplom\u00e1t mindenki meg fogja kapni d\u00e9k\u00e1n \u00dar k\u00eds\u00e9r\u0151level\u00e9vel, melyben r\u00e9szletesen t\u00e1j\u00e9koztatjuk \u00d6n\u00f6ket a fenn\u00e1ll\u00f3 helyzetr\u0151l \u00e9s a k\u00e9s\u0151bbiekr\u0151l!<\/p>\n<p>J\u00f3 eg\u00e9szs\u00e9get k\u00edv\u00e1nva,<br \/>\nTisztelettel:<br \/>\nGecse Veronika<br \/>\nmb. hivatalvezet\u0151<\/p>\n<p>&nbsp;<\/p>\n","protected":false},"excerpt":{"rendered":"<p>Kedves Jubil\u00e1l\u00f3 Koll\u00e9g\u00e1k!<br \/>\nTisztelettel t\u00e1j\u00e9koztatjuk \u00d6n\u00f6ket, hogy a j\u00e1rv\u00e1nyhelyzet miatt ez \u00e9vben sajnos nem ker\u00fclhet sor az \u00fcnneps\u00e9g megtart\u00e1s\u00e1ra, ezzel is \u00f3vva \u00d6n\u00f6ket az esetleges fert\u0151z\u0151d\u00e9st\u0151l.<br \/>\nTerm\u00e9szetesen a d\u00edszdiplom\u00e1t mindenki meg fogja kapni d\u00e9k\u00e1n \u00dar k\u00eds\u00e9r\u0151level\u00e9vel, melyben r\u00e9szletesen t\u00e1j\u00e9koztatjuk \u00d6n\u00f6ket a fenn\u00e1ll\u00f3 helyzetr\u0151l \u00e9s a k\u00e9s\u0151bbiekr\u0151l!<br \/>\nJ\u00f3 eg\u00e9szs\u00e9get k\u00edv\u00e1nva,<br \/>\nTisztelettel:<br \/>\nGecse Veronika<br \/>\nmb. hivatalvezet\u0151<br \/>\n&nbsp;<\/p>\n","protected":false},"author":101171,"featured_media":4307,"comment_status":"closed","ping_status":"closed","sticky":false,"template":"","format":"standard","meta":{"_acf_changed":false,"footnotes":""},"categories":[20],"tags":[],"class_list":["post-5240","post","type-post","status-publish","format-standard","has-post-thumbnail","hentry","category-hirek"],"acf":[],"_links":{"self":[{"href":"https:\/\/semmelweis.hu\/fok\/wp-json\/wp\/v2\/posts\/5240","targetHints":{"allow":["GET"]}}],"collection":[{"href":"https:\/\/semmelweis.hu\/fok\/wp-json\/wp\/v2\/posts"}],"about":[{"href":"https:\/\/semmelweis.hu\/fok\/wp-json\/wp\/v2\/types\/post"}],"author":[{"embeddable":true,"href":"https:\/\/semmelweis.hu\/fok\/wp-json\/wp\/v2\/users\/101171"}],"replies":[{"embeddable":true,"href":"https:\/\/semmelweis.hu\/fok\/wp-json\/wp\/v2\/comments?post=5240"}],"version-history":[{"count":2,"href":"https:\/\/semmelweis.hu\/fok\/wp-json\/wp\/v2\/posts\/5240\/revisions"}],"predecessor-version":[{"id":5242,"href":"https:\/\/semmelweis.hu\/fok\/wp-json\/wp\/v2\/posts\/5240\/revisions\/5242"}],"wp:featuredmedia":[{"embeddable":true,"href":"https:\/\/semmelweis.hu\/fok\/wp-json\/wp\/v2\/media\/4307"}],"wp:attachment":[{"href":"https:\/\/semmelweis.hu\/fok\/wp-json\/wp\/v2\/media?parent=5240"}],"wp:term":[{"taxonomy":"category","embeddable":true,"href":"https:\/\/semmelweis.hu\/fok\/wp-json\/wp\/v2\/categories?post=5240"},{"taxonomy":"post_tag","embeddable":true,"href":"https:\/\/semmelweis.hu\/fok\/wp-json\/wp\/v2\/tags?post=5240"}],"curies":[{"name":"wp","href":"https:\/\/api.w.org\/{rel}","templated":true}]}}