{"id":4934,"date":"2020-07-27T10:33:28","date_gmt":"2020-07-27T08:33:28","guid":{"rendered":"https:\/\/semmelweis.hu\/fok\/?p=4934"},"modified":"2022-07-20T10:42:03","modified_gmt":"2022-07-20T08:42:03","slug":"129-fogorvosdoktor-vehette-at-diplomajat","status":"publish","type":"post","link":"https:\/\/semmelweis.hu\/fok\/2020\/07\/27\/129-fogorvosdoktor-vehette-at-diplomajat\/","title":{"rendered":"129 fogorvosdoktor vehette \u00e1t diplom\u00e1j\u00e1t"},"content":{"rendered":"<p><a href=\"https:\/\/youtu.be\/t_cUUuwcMFc\">Vide\u00f3 az \u00fcnneps\u00e9gr\u0151l<\/a><\/p>\n<p><a href=\"http:\/\/archivum.semmelweis.hu\/?c=2662&amp;k=740b458bdb\">Fot\u00f3k az \u00fcnneps\u00e9gr\u0151l<img decoding=\"async\" src=\"https:\/\/semmelweis.hu\/hirek\/files\/2020\/07\/RS120549_C19A8345-scr.jpg\" \/><\/a><\/p>\n<blockquote class=\"wp-embedded-content\" data-secret=\"bFunxfFcmb\"><p><a href=\"https:\/\/semmelweis.hu\/hirek\/2020\/07\/24\/129-fogorvosdoktor-vehette-at-diplomajat\/\">129 fogorvosdoktor vehette \u00e1t diplom\u00e1j\u00e1t<\/a><\/p><\/blockquote>\n<p><iframe loading=\"lazy\" class=\"wp-embedded-content\" sandbox=\"allow-scripts\" security=\"restricted\" style=\"position: absolute; clip: rect(1px, 1px, 1px, 1px);\" title=\"&#8220;129 fogorvosdoktor vehette \u00e1t diplom\u00e1j\u00e1t&#8221; &#8212; Semmelweis H\u00edrek\" src=\"https:\/\/semmelweis.hu\/hirek\/2020\/07\/24\/129-fogorvosdoktor-vehette-at-diplomajat\/embed\/#?secret=bFunxfFcmb\" data-secret=\"bFunxfFcmb\" width=\"600\" height=\"338\" frameborder=\"0\" marginwidth=\"0\" marginheight=\"0\" scrolling=\"no\"><\/iframe><\/p>\n","protected":false},"excerpt":{"rendered":"<p><a href=\"https:\/\/youtu.be\/t_cUUuwcMFc\">Vide\u00f3 az \u00fcnneps\u00e9gr\u0151l<\/a><br \/>\n<a href=\"http:\/\/archivum.semmelweis.hu\/?c=2662&amp;k=740b458bdb\">Fot\u00f3k az \u00fcnneps\u00e9gr\u0151l<\/a><br \/>\n<a href=\"https:\/\/semmelweis.hu\/hirek\/2020\/07\/24\/129-fogorvosdoktor-vehette-at-diplomajat\/\">129 fogorvosdoktor vehette \u00e1t diplom\u00e1j\u00e1t<\/a><\/p>\n","protected":false},"author":101171,"featured_media":4935,"comment_status":"closed","ping_status":"closed","sticky":false,"template":"","format":"standard","meta":{"_acf_changed":false,"footnotes":""},"categories":[20],"tags":[],"class_list":["post-4934","post","type-post","status-publish","format-standard","has-post-thumbnail","hentry","category-hirek"],"acf":[],"_links":{"self":[{"href":"https:\/\/semmelweis.hu\/fok\/wp-json\/wp\/v2\/posts\/4934","targetHints":{"allow":["GET"]}}],"collection":[{"href":"https:\/\/semmelweis.hu\/fok\/wp-json\/wp\/v2\/posts"}],"about":[{"href":"https:\/\/semmelweis.hu\/fok\/wp-json\/wp\/v2\/types\/post"}],"author":[{"embeddable":true,"href":"https:\/\/semmelweis.hu\/fok\/wp-json\/wp\/v2\/users\/101171"}],"replies":[{"embeddable":true,"href":"https:\/\/semmelweis.hu\/fok\/wp-json\/wp\/v2\/comments?post=4934"}],"version-history":[{"count":4,"href":"https:\/\/semmelweis.hu\/fok\/wp-json\/wp\/v2\/posts\/4934\/revisions"}],"predecessor-version":[{"id":4952,"href":"https:\/\/semmelweis.hu\/fok\/wp-json\/wp\/v2\/posts\/4934\/revisions\/4952"}],"wp:featuredmedia":[{"embeddable":true,"href":"https:\/\/semmelweis.hu\/fok\/wp-json\/wp\/v2\/media\/4935"}],"wp:attachment":[{"href":"https:\/\/semmelweis.hu\/fok\/wp-json\/wp\/v2\/media?parent=4934"}],"wp:term":[{"taxonomy":"category","embeddable":true,"href":"https:\/\/semmelweis.hu\/fok\/wp-json\/wp\/v2\/categories?post=4934"},{"taxonomy":"post_tag","embeddable":true,"href":"https:\/\/semmelweis.hu\/fok\/wp-json\/wp\/v2\/tags?post=4934"}],"curies":[{"name":"wp","href":"https:\/\/api.w.org\/{rel}","templated":true}]}}