{"id":4906,"date":"2020-07-10T08:05:09","date_gmt":"2020-07-10T06:05:09","guid":{"rendered":"https:\/\/semmelweis.hu\/fok\/?p=4906"},"modified":"2022-07-20T10:42:04","modified_gmt":"2022-07-20T08:42:04","slug":"batthyany-strattmann-laszlo-dijat-kapott-dr-windisch-peter-egyetemi-tanar","status":"publish","type":"post","link":"https:\/\/semmelweis.hu\/fok\/2020\/07\/10\/batthyany-strattmann-laszlo-dijat-kapott-dr-windisch-peter-egyetemi-tanar\/","title":{"rendered":"Batthy\u00e1ny-Strattmann L\u00e1szl\u00f3-d\u00edjat kapott Dr. Windisch P\u00e9ter egyetemi tan\u00e1r"},"content":{"rendered":"<p><img decoding=\"async\" class=\"thumbnail\" src=\"https:\/\/semmelweis.hu\/fok\/files\/2020\/07\/Dr.-Windisch-P\u00e9ter.jpg\" alt=\"\" \/><\/p>\n<blockquote class=\"wp-embedded-content\" data-secret=\"HUemvArmAS\"><p><a href=\"https:\/\/semmelweis.hu\/hirek\/2020\/07\/06\/az-egyetem-tobb-munkatarsa-is-miniszteriumi-elismeresben-reszesult-semmelweis-nap-alkalmabol\/\">Miniszt\u00e9riumi elismer\u00e9s az egyetem t\u00f6bb munkat\u00e1rs\u00e1nak Semmelweis Napon<\/a><\/p><\/blockquote>\n<p><iframe loading=\"lazy\" class=\"wp-embedded-content\" sandbox=\"allow-scripts\" security=\"restricted\" style=\"position: absolute; clip: rect(1px, 1px, 1px, 1px);\" title=\"&#8220;Miniszt\u00e9riumi elismer\u00e9s az egyetem t\u00f6bb munkat\u00e1rs\u00e1nak Semmelweis Napon&#8221; &#8212; Semmelweis H\u00edrek\" src=\"https:\/\/semmelweis.hu\/hirek\/2020\/07\/06\/az-egyetem-tobb-munkatarsa-is-miniszteriumi-elismeresben-reszesult-semmelweis-nap-alkalmabol\/embed\/#?secret=HUemvArmAS\" data-secret=\"HUemvArmAS\" width=\"600\" height=\"338\" frameborder=\"0\" marginwidth=\"0\" marginheight=\"0\" scrolling=\"no\"><\/iframe><\/p>\n","protected":false},"excerpt":{"rendered":"<p><a href=\"https:\/\/semmelweis.hu\/hirek\/2020\/07\/06\/az-egyetem-tobb-munkatarsa-is-miniszteriumi-elismeresben-reszesult-semmelweis-nap-alkalmabol\/\">Miniszt\u00e9riumi elismer\u00e9s az egyetem t\u00f6bb munkat\u00e1rs\u00e1nak Semmelweis Napon<\/a><\/p>\n","protected":false},"author":101171,"featured_media":4907,"comment_status":"closed","ping_status":"closed","sticky":false,"template":"","format":"standard","meta":{"_acf_changed":false,"footnotes":""},"categories":[20],"tags":[],"class_list":["post-4906","post","type-post","status-publish","format-standard","has-post-thumbnail","hentry","category-hirek"],"acf":[],"_links":{"self":[{"href":"https:\/\/semmelweis.hu\/fok\/wp-json\/wp\/v2\/posts\/4906","targetHints":{"allow":["GET"]}}],"collection":[{"href":"https:\/\/semmelweis.hu\/fok\/wp-json\/wp\/v2\/posts"}],"about":[{"href":"https:\/\/semmelweis.hu\/fok\/wp-json\/wp\/v2\/types\/post"}],"author":[{"embeddable":true,"href":"https:\/\/semmelweis.hu\/fok\/wp-json\/wp\/v2\/users\/101171"}],"replies":[{"embeddable":true,"href":"https:\/\/semmelweis.hu\/fok\/wp-json\/wp\/v2\/comments?post=4906"}],"version-history":[{"count":6,"href":"https:\/\/semmelweis.hu\/fok\/wp-json\/wp\/v2\/posts\/4906\/revisions"}],"predecessor-version":[{"id":4914,"href":"https:\/\/semmelweis.hu\/fok\/wp-json\/wp\/v2\/posts\/4906\/revisions\/4914"}],"wp:featuredmedia":[{"embeddable":true,"href":"https:\/\/semmelweis.hu\/fok\/wp-json\/wp\/v2\/media\/4907"}],"wp:attachment":[{"href":"https:\/\/semmelweis.hu\/fok\/wp-json\/wp\/v2\/media?parent=4906"}],"wp:term":[{"taxonomy":"category","embeddable":true,"href":"https:\/\/semmelweis.hu\/fok\/wp-json\/wp\/v2\/categories?post=4906"},{"taxonomy":"post_tag","embeddable":true,"href":"https:\/\/semmelweis.hu\/fok\/wp-json\/wp\/v2\/tags?post=4906"}],"curies":[{"name":"wp","href":"https:\/\/api.w.org\/{rel}","templated":true}]}}