{"id":4859,"date":"2020-06-22T09:02:17","date_gmt":"2020-06-22T07:02:17","guid":{"rendered":"https:\/\/semmelweis.hu\/fok\/?p=4859"},"modified":"2022-07-20T10:42:04","modified_gmt":"2022-07-20T08:42:04","slug":"normativ-rendelkezes-zarovizsgak-soran-alkalmazando-kotelezo-pcr-teszt-igazolasarol","status":"publish","type":"post","link":"https:\/\/semmelweis.hu\/fok\/2020\/06\/22\/normativ-rendelkezes-zarovizsgak-soran-alkalmazando-kotelezo-pcr-teszt-igazolasarol\/","title":{"rendered":"Normat\u00edv rendelkez\u00e9s- z\u00e1r\u00f3vizsg\u00e1k sor\u00e1n alkalmazand\u00f3 k\u00f6telez\u0151 PCR teszt igazol\u00e1s\u00e1r\u00f3l"},"content":{"rendered":"<p>Tisztelt Igazgat\u00f3 Asszony\/\u00dar!<br \/>\nTisztelt Tan\u00e1rgyi el\u0151ad\u00f3 Asszony\/\u00dar!<br \/>\nTisztelt Hallgat\u00f3k!<\/p>\n<p>Ez\u00faton szeretn\u00e9m felh\u00edvni sz\u00edves figyelm\u00fcket arra, hogy a z\u00e1r\u00f3vizsg\u00e1k lebonyol\u00edt\u00e1sa sor\u00e1n, amennyiben a z\u00e1r\u00f3vizsg\u00e1hoz gyakorlati (beteggel val\u00f3 vizsg\u00e1lat) vizsgar\u00e9sz is p\u00e1rosul, k\u00f6telez\u0151 el\u0151\u00edr\u00e1s az, hogy a vizsg\u00e1n r\u00e9szt vev\u0151 hallgat\u00f3nak <strong>7 napn\u00e1l nem r\u00e9gebbi negat\u00edv PCR tesztettel <\/strong>kell rendelkeznie, mely tesztet a vizsga megkezd\u00e9se el\u0151tt k\u00f6telez\u0151 bemutatnia a vizsg\u00e1ztat\u00f3 oktat\u00f3nak, tov\u00e1bb\u00e1 a vizsga el\u0151tt pretri\u00e1zson kell r\u00e9szt vennie a hallgat\u00f3knak. Negat\u00edv PCR teszt hi\u00e1ny\u00e1ban a hallgat\u00f3 vizsg\u00e1z\u00e1sa nem enged\u00e9lyezhet\u0151!<\/p>\n<p>K\u00e9rn\u00e9m a fenti rendelkez\u00e9sek k\u00f6telez\u0151 megtart\u00e1s\u00e1t!<\/p>\n<p>Dr. Hermann P\u00e9ter oktat\u00e1si rektorhelyettes<\/p>\n<p>&nbsp;<\/p>\n","protected":false},"excerpt":{"rendered":"<p>Tisztelt Igazgat\u00f3 Asszony\/\u00dar! Tisztelt Tan\u00e1rgyi el\u0151ad\u00f3 Asszony\/\u00dar! Tisztelt Hallgat\u00f3k! Ez\u00faton szeretn\u00e9m felh\u00edvni sz\u00edves figyelm\u00fcket arra, hogy a z\u00e1r\u00f3vizsg\u00e1k lebonyol\u00edt\u00e1sa sor\u00e1n, amennyiben a z\u00e1r\u00f3vizsg\u00e1hoz gyakorlati (beteggel val\u00f3 vizsg\u00e1lat) vizsgar\u00e9sz is p\u00e1rosul, k\u00f6telez\u0151 el\u0151\u00edr\u00e1s az, hogy a vizsg\u00e1n r\u00e9szt vev\u0151 hallgat\u00f3nak 7 napn\u00e1l nem r\u00e9gebbi negat\u00edv PCR tesztettel kell rendelkeznie, mely tesztet a vizsga megkezd\u00e9se el\u0151tt k\u00f6telez\u0151 &hellip;<\/p>\n","protected":false},"author":101171,"featured_media":0,"comment_status":"closed","ping_status":"closed","sticky":false,"template":"","format":"standard","meta":{"_acf_changed":false,"footnotes":""},"categories":[20],"tags":[],"class_list":["post-4859","post","type-post","status-publish","format-standard","hentry","category-hirek"],"acf":[],"_links":{"self":[{"href":"https:\/\/semmelweis.hu\/fok\/wp-json\/wp\/v2\/posts\/4859","targetHints":{"allow":["GET"]}}],"collection":[{"href":"https:\/\/semmelweis.hu\/fok\/wp-json\/wp\/v2\/posts"}],"about":[{"href":"https:\/\/semmelweis.hu\/fok\/wp-json\/wp\/v2\/types\/post"}],"author":[{"embeddable":true,"href":"https:\/\/semmelweis.hu\/fok\/wp-json\/wp\/v2\/users\/101171"}],"replies":[{"embeddable":true,"href":"https:\/\/semmelweis.hu\/fok\/wp-json\/wp\/v2\/comments?post=4859"}],"version-history":[{"count":1,"href":"https:\/\/semmelweis.hu\/fok\/wp-json\/wp\/v2\/posts\/4859\/revisions"}],"predecessor-version":[{"id":4860,"href":"https:\/\/semmelweis.hu\/fok\/wp-json\/wp\/v2\/posts\/4859\/revisions\/4860"}],"wp:attachment":[{"href":"https:\/\/semmelweis.hu\/fok\/wp-json\/wp\/v2\/media?parent=4859"}],"wp:term":[{"taxonomy":"category","embeddable":true,"href":"https:\/\/semmelweis.hu\/fok\/wp-json\/wp\/v2\/categories?post=4859"},{"taxonomy":"post_tag","embeddable":true,"href":"https:\/\/semmelweis.hu\/fok\/wp-json\/wp\/v2\/tags?post=4859"}],"curies":[{"name":"wp","href":"https:\/\/api.w.org\/{rel}","templated":true}]}}