{"id":4592,"date":"2020-03-26T17:21:56","date_gmt":"2020-03-26T16:21:56","guid":{"rendered":"http:\/\/semmelweis.hu\/fok\/?p=4592"},"modified":"2022-07-20T10:42:04","modified_gmt":"2022-07-20T08:42:04","slug":"allami-kituntetest-kapott-dr-hermann-peter-egyetemi-tanar-es-dr-gerle-janos-igazgato","status":"publish","type":"post","link":"https:\/\/semmelweis.hu\/fok\/2020\/03\/26\/allami-kituntetest-kapott-dr-hermann-peter-egyetemi-tanar-es-dr-gerle-janos-igazgato\/","title":{"rendered":"\u00c1llami kit\u00fcntet\u00e9st kapott Dr. Hermann P\u00e9ter egyetemi tan\u00e1r \u00e9s Dr. Gerle J\u00e1nos igazgat\u00f3"},"content":{"rendered":"<p style=\"text-align: justify\"><img loading=\"lazy\" decoding=\"async\" class=\"alignleft\" src=\"https:\/\/semmelweis.hu\/fok\/files\/2020\/03\/Gerle-J\u00e1nos.jpg\" alt=\"\" width=\"136\" height=\"204\" \/>A hazai gradu\u00e1lis, illetve posztgradu\u00e1lis fogorvosk\u00e9pz\u00e9s ter\u00fclet\u00e9n v\u00e9gzett munk\u00e1ja, valamint szakmai k\u00f6z\u00e9leti \u00e9s \u00e9rdekk\u00e9pviseleti szerepv\u00e1llal\u00e1sa elismer\u00e9sek\u00e9nt Magyar \u00c9rdemrend Lovagkeresztje polg\u00e1ri tagozat kit\u00fcntet\u00e9st kapott <strong>dr. Gerle J\u00e1nos<\/strong>, a Fogorvostudom\u00e1nyi Kar Oktat\u00e1si Centrum\u00e1nak igazgat\u00f3ja, valamint<\/p>\n<p style=\"text-align: justify\"><strong>dr. Hermann P\u00e9ter,<\/strong><img loading=\"lazy\" decoding=\"async\" class=\"thumbnail alignright\" src=\"https:\/\/semmelweis.hu\/fok\/files\/2020\/03\/Hermann-P\u00e9ter-1.jpg\" alt=\"\" width=\"224\" height=\"196\" \/><br \/>\na Semmelweis Egyetem oktat\u00e1si rektorhelyettese, a Fogorvostudom\u00e1nyi Kar Fogp\u00f3tl\u00e1stani Klinik\u00e1j\u00e1nak igazgat\u00f3ja. T\u00f6bb \u00e9vtizedes kutat\u00f3-, oktat\u00f3- \u00e9s gy\u00f3gy\u00edt\u00f3munk\u00e1ja, valamint a hazai fogorvostudom\u00e1nyi k\u00e9pz\u00e9s szervez\u00e9s\u00e9ben \u00e9s fejleszt\u00e9s\u00e9ben v\u00e1llalt szerepe elismer\u00e9sek\u00e9nt r\u00e9szes\u00fclt a d\u00edjban.<\/p>\n<p style=\"text-align: justify\"><span style=\"font-size: 18pt\">Karunk k\u00e9t kiv\u00e1l\u00f3 vezet\u0151j\u00e9nek ezen elismer\u00e9shez sz\u00edvb\u0151l gratul\u00e1lunk!<\/span><\/p>\n<blockquote class=\"wp-embedded-content\" data-secret=\"sRQU6EE2Zy\"><p><a href=\"https:\/\/semmelweis.hu\/hirek\/2020\/03\/15\/allami-kitunteteseket-vehettek-at-az-egyetem-munkatarsai-marcius-15-alkalmabol\/\">\u00c1llami kit\u00fcntet\u00e9sek a nemzeti \u00fcnnep alkalm\u00e1b\u00f3l<\/a><\/p><\/blockquote>\n<p><iframe loading=\"lazy\" title=\"&#8220;\u00c1llami kit\u00fcntet\u00e9sek a nemzeti \u00fcnnep alkalm\u00e1b\u00f3l&#8221; &#8212; Semmelweis H\u00edrek\" class=\"wp-embedded-content\" sandbox=\"allow-scripts\" security=\"restricted\" style=\"position: absolute; clip: rect(1px, 1px, 1px, 1px);\" src=\"https:\/\/semmelweis.hu\/hirek\/2020\/03\/15\/allami-kitunteteseket-vehettek-at-az-egyetem-munkatarsai-marcius-15-alkalmabol\/embed\/#?secret=sRQU6EE2Zy\" data-secret=\"sRQU6EE2Zy\" width=\"600\" height=\"338\" frameborder=\"0\" marginwidth=\"0\" marginheight=\"0\" scrolling=\"no\"><\/iframe><\/p>\n<p style=\"text-align: left\"><span style=\"font-size: 18pt\">\u00a0<\/span><\/p>\n","protected":false},"excerpt":{"rendered":"<p>A hazai gradu\u00e1lis, illetve posztgradu\u00e1lis fogorvosk\u00e9pz\u00e9s ter\u00fclet\u00e9n v\u00e9gzett munk\u00e1ja, valamint szakmai k\u00f6z\u00e9leti \u00e9s \u00e9rdekk\u00e9pviseleti szerepv\u00e1llal\u00e1sa elismer\u00e9sek\u00e9nt Magyar \u00c9rdemrend Lovagkeresztje polg\u00e1ri tagozat kit\u00fcntet\u00e9st kapott dr. Gerle J\u00e1nos, a Fogorvostudom\u00e1nyi Kar Oktat\u00e1si Centrum\u00e1nak igazgat\u00f3ja, valamint dr. Hermann P\u00e9ter, a Semmelweis Egyetem oktat\u00e1si rektorhelyettese, a Fogorvostudom\u00e1nyi Kar Fogp\u00f3tl\u00e1stani Klinik\u00e1j\u00e1nak igazgat\u00f3ja. T\u00f6bb \u00e9vtizedes kutat\u00f3-, oktat\u00f3- \u00e9s gy\u00f3gy\u00edt\u00f3munk\u00e1ja, valamint a &hellip;<\/p>\n","protected":false},"author":101171,"featured_media":4593,"comment_status":"closed","ping_status":"closed","sticky":false,"template":"","format":"standard","meta":{"_acf_changed":false,"footnotes":""},"categories":[20],"tags":[],"class_list":["post-4592","post","type-post","status-publish","format-standard","has-post-thumbnail","hentry","category-hirek"],"acf":[],"_links":{"self":[{"href":"https:\/\/semmelweis.hu\/fok\/wp-json\/wp\/v2\/posts\/4592","targetHints":{"allow":["GET"]}}],"collection":[{"href":"https:\/\/semmelweis.hu\/fok\/wp-json\/wp\/v2\/posts"}],"about":[{"href":"https:\/\/semmelweis.hu\/fok\/wp-json\/wp\/v2\/types\/post"}],"author":[{"embeddable":true,"href":"https:\/\/semmelweis.hu\/fok\/wp-json\/wp\/v2\/users\/101171"}],"replies":[{"embeddable":true,"href":"https:\/\/semmelweis.hu\/fok\/wp-json\/wp\/v2\/comments?post=4592"}],"version-history":[{"count":11,"href":"https:\/\/semmelweis.hu\/fok\/wp-json\/wp\/v2\/posts\/4592\/revisions"}],"predecessor-version":[{"id":4660,"href":"https:\/\/semmelweis.hu\/fok\/wp-json\/wp\/v2\/posts\/4592\/revisions\/4660"}],"wp:featuredmedia":[{"embeddable":true,"href":"https:\/\/semmelweis.hu\/fok\/wp-json\/wp\/v2\/media\/4593"}],"wp:attachment":[{"href":"https:\/\/semmelweis.hu\/fok\/wp-json\/wp\/v2\/media?parent=4592"}],"wp:term":[{"taxonomy":"category","embeddable":true,"href":"https:\/\/semmelweis.hu\/fok\/wp-json\/wp\/v2\/categories?post=4592"},{"taxonomy":"post_tag","embeddable":true,"href":"https:\/\/semmelweis.hu\/fok\/wp-json\/wp\/v2\/tags?post=4592"}],"curies":[{"name":"wp","href":"https:\/\/api.w.org\/{rel}","templated":true}]}}