{"id":4491,"date":"2020-02-10T09:31:00","date_gmt":"2020-02-10T08:31:00","guid":{"rendered":"http:\/\/semmelweis.hu\/fok\/?p=4491"},"modified":"2022-07-20T10:42:05","modified_gmt":"2022-07-20T08:42:05","slug":"dr-bartha-jeno-nyugalmazott-egyetemi-docens-emlekere","status":"publish","type":"post","link":"https:\/\/semmelweis.hu\/fok\/2020\/02\/10\/dr-bartha-jeno-nyugalmazott-egyetemi-docens-emlekere\/","title":{"rendered":"Dr. Bartha Jen\u0151 nyugalmazott egyetemi docens eml\u00e9k\u00e9re"},"content":{"rendered":"<p style=\"text-align: justify\"><img decoding=\"async\" class=\"thumbnail alignleft\" src=\"https:\/\/semmelweis.hu\/fok\/files\/2020\/02\/dr_bartha_jeno.jpg\" alt=\"\" \/>A Fogorvostudom\u00e1nyi Kar azon d\u00e9k\u00e1njai, akikkel mint d\u00e9k\u00e1nhelyettes dolgozott egy\u00fctt, \u00e9s akik emiatt j\u00f3l ismert\u00e9k \u0150t \u00e9s munk\u00e1j\u00e1t, \u00e9s most m\u00e9ltathatn\u00e1k azt, sajnos m\u00e1r nincsenek k\u00f6z\u00f6tt\u00fcnk. Ismerve azonban B\u00e1n\u00f3czy professzorasszonyt, aki az egyik ilyen d\u00e9k\u00e1n volt, el sem tudom k\u00e9pzelni, hogy a feladatra nem t\u00f6k\u00e9letesen alkalmas d\u00e9k\u00e1nhelyettest v\u00e1lasztott volna maga mell\u00e9. K\u00e9ts\u00e9g k\u00edv\u00fcl j\u00f3l kellett ell\u00e1tnia ezt a feladatot, mert a k\u00f6vetkez\u0151 d\u00e9k\u00e1n mellett is mint d\u00e9k\u00e1nhelyettes tov\u00e1bb dolgozott.<\/p>\n<p style=\"text-align: justify\">Nekem gyakorlatvezet\u0151m volt, akkor m\u00e9g adjunktusk\u00e9nt. Sok \u00e9v eltelt\u00e9vel is j\u00f3l eml\u00e9kszem r\u00e1. Be kell vallanom, f\u00e9lt\u00fcnk t\u0151le, mert szigor\u00fa volt. Azonban \u0151 az az Oktat\u00f3 volt, nagybet\u0171vel, akinek elfogadtuk szigor\u00fas\u00e1g\u00e1t, mert azt kiegyens\u00falyozta azzal, hogy val\u00f3ban tan\u00edtott minket. Ak\u00e1rh\u00e1nyszor k\u00e9rdezt\u00fcnk, mindig seg\u00edtett, mindig elmagyar\u00e1zta, ak\u00e1r t\u00f6bbsz\u00f6r is, amit nem \u00e9rtett\u00fcnk. Tisztelt\u00fck tud\u00e1s\u00e1\u00e9rt, boldogok lett\u00fcnk volna, ha annak csak egy pici r\u00e9sz\u00e9t birtokoltuk volna. \u00c9rettebb fejjel m\u00e1r azt is l\u00e1tom, hogy az a szem\u00e9lyis\u00e9g volt, akinek bels\u0151 tart\u00e1sa volt, akinek egyszer\u0171en kij\u00e1rt a tiszteletet.<\/p>\n<p style=\"text-align: justify\">Nem lehet k\u00f6nny\u0171 egy ilyen nagy \u00e9s neh\u00e9z t\u00e1rgyat, mint az \u00c9lettan oktatni a m\u00e1sod\u00e9ven, ahol a hallgat\u00f3k m\u00e9g csak kezdenek beleszokni az egyetemi \u00e9letbe, elv\u00e1r\u00e1sokba. Elhivatotts\u00e1g\u00e1t a t\u00e1rgya \u00e9s az oktat\u00e1s ir\u00e1nt mi sem bizony\u00edtja jobban, hogy n\u00e9h\u00e1ny \u00e9vvel k\u00e9s\u0151bb \u0150 lett az \u00c9lettan t\u00e1rgy kari el\u0151ad\u00f3ja \u00e9s h\u00fasz tan\u00e9ven \u00e1t l\u00e1tta el ezt a feladatot.<\/p>\n<p style=\"text-align: justify\">A Karhoz sok sz\u00e1llal, szorosan k\u00f6t\u0151d\u00f6tt, amit p\u00e1lyafut\u00e1sa \u00e9kesen bizony\u00edt. Nem csak a fogorvostan-hallgat\u00f3k oktat\u00e1s\u00e1ban saj\u00e1t tant\u00e1rgya ter\u00fclet\u00e9n tett sokat, hanem a Kar\u00e9rt is mint d\u00e9k\u00e1nhelyettes, mint a Kari Tan\u00e1cs tagja illetve mint sz\u00e1mos bizotts\u00e1g tagja.<\/p>\n<p style=\"text-align: justify\">K\u00e9t ciklusban volt a Kari Tanulm\u00e1nyi Bizotts\u00e1g eln\u00f6ke. Abban, hogy erre a neh\u00e9z \u00e9s cseppet sem h\u00e1l\u00e1s feladatra felk\u00e9rt\u00e9k, minden bizonnyal nagy szerepe volt annak, hogy b\u00e1r szigor\u00fa, de ugyan akkor igazs\u00e1gos is volt. Az itt sz\u00fcletett a d\u00f6nt\u00e9sek v\u00e9geredm\u00e9nyben a hallgat\u00f3k sors\u00e1t, j\u00f6v\u0151j\u00e9t hat\u00e1rozt\u00e1k meg, ennek terh\u00e9t is, mint bizotts\u00e1gi eln\u00f6knek viselnie kellett. \u00a0<\/p>\n<p style=\"text-align: justify\">A Fogorvostudom\u00e1nyi Karon kifejtett sok\u00e9ves f\u00e1radoz\u00e1sai miatt csak h\u00e1l\u00e1val tudunk r\u00e1 gondolni, \u00e9s \u00edg\u00e9rhetem, hogy j\u00f3 eml\u00e9k\u00e9t sz\u00edv\u00fcnkben meg fogjuk \u0151rizni.<\/p>\n<p style=\"text-align: justify\">Bartha K\u00e1roly<\/p>\n","protected":false},"excerpt":{"rendered":"<p>A Fogorvostudom\u00e1nyi Kar azon d\u00e9k\u00e1njai, akikkel mint d\u00e9k\u00e1nhelyettes dolgozott egy\u00fctt, \u00e9s akik emiatt j\u00f3l ismert\u00e9k \u0150t \u00e9s munk\u00e1j\u00e1t, \u00e9s most m\u00e9ltathatn\u00e1k azt, sajnos m\u00e1r nincsenek k\u00f6z\u00f6tt\u00fcnk. Ismerve azonban B\u00e1n\u00f3czy professzorasszonyt, aki az egyik ilyen d\u00e9k\u00e1n volt, el sem tudom k\u00e9pzelni, hogy a feladatra nem t\u00f6k\u00e9letesen alkalmas d\u00e9k\u00e1nhelyettest v\u00e1lasztott volna maga mell\u00e9. K\u00e9ts\u00e9g k\u00edv\u00fcl j\u00f3l kellett &hellip;<\/p>\n","protected":false},"author":101171,"featured_media":3801,"comment_status":"closed","ping_status":"closed","sticky":false,"template":"","format":"standard","meta":{"_acf_changed":false,"footnotes":""},"categories":[20],"tags":[],"class_list":["post-4491","post","type-post","status-publish","format-standard","has-post-thumbnail","hentry","category-hirek"],"acf":[],"_links":{"self":[{"href":"https:\/\/semmelweis.hu\/fok\/wp-json\/wp\/v2\/posts\/4491","targetHints":{"allow":["GET"]}}],"collection":[{"href":"https:\/\/semmelweis.hu\/fok\/wp-json\/wp\/v2\/posts"}],"about":[{"href":"https:\/\/semmelweis.hu\/fok\/wp-json\/wp\/v2\/types\/post"}],"author":[{"embeddable":true,"href":"https:\/\/semmelweis.hu\/fok\/wp-json\/wp\/v2\/users\/101171"}],"replies":[{"embeddable":true,"href":"https:\/\/semmelweis.hu\/fok\/wp-json\/wp\/v2\/comments?post=4491"}],"version-history":[{"count":1,"href":"https:\/\/semmelweis.hu\/fok\/wp-json\/wp\/v2\/posts\/4491\/revisions"}],"predecessor-version":[{"id":4497,"href":"https:\/\/semmelweis.hu\/fok\/wp-json\/wp\/v2\/posts\/4491\/revisions\/4497"}],"wp:featuredmedia":[{"embeddable":true,"href":"https:\/\/semmelweis.hu\/fok\/wp-json\/wp\/v2\/media\/3801"}],"wp:attachment":[{"href":"https:\/\/semmelweis.hu\/fok\/wp-json\/wp\/v2\/media?parent=4491"}],"wp:term":[{"taxonomy":"category","embeddable":true,"href":"https:\/\/semmelweis.hu\/fok\/wp-json\/wp\/v2\/categories?post=4491"},{"taxonomy":"post_tag","embeddable":true,"href":"https:\/\/semmelweis.hu\/fok\/wp-json\/wp\/v2\/tags?post=4491"}],"curies":[{"name":"wp","href":"https:\/\/api.w.org\/{rel}","templated":true}]}}