{"id":4435,"date":"2020-02-07T08:41:50","date_gmt":"2020-02-07T07:41:50","guid":{"rendered":"http:\/\/semmelweis.hu\/fok\/?p=4435"},"modified":"2022-07-20T10:42:05","modified_gmt":"2022-07-20T08:42:05","slug":"educatio-nemzetkozi-oktatasi-szakkiallitas","status":"publish","type":"post","link":"https:\/\/semmelweis.hu\/fok\/2020\/02\/07\/educatio-nemzetkozi-oktatasi-szakkiallitas\/","title":{"rendered":"EDUCATIO Nemzetk\u00f6zi Oktat\u00e1si Szakki\u00e1ll\u00edt\u00e1s"},"content":{"rendered":"<p style=\"text-align: justify\"><img decoding=\"async\" id=\"image-preview-4483\" class=\"alignleft\" src=\"https:\/\/semmelweis.hu\/fok\/wp-admin\/admin-ajax.php?action=imgedit-preview&amp;_ajax_nonce=9c7d631906&amp;postid=4483&amp;rand=10429\" alt=\"\" \/>Az <strong>Educatio Nemzetk\u00f6zi Oktat\u00e1si Szakki\u00e1ll\u00edt\u00e1s<\/strong> azzal a c\u00e9llal j\u00f6tt l\u00e9tre, hogy v\u00e1laszt adjon a fels\u0151oktat\u00e1ssal\u00a0 kapcsolatos k\u00e9rd\u00e9sekre az \u00e9rintett felek sz\u00e1m\u00e1ra. Feladata \u00f6sszekapcsolni a szerepl\u0151ket: a fels\u0151oktat\u00e1si int\u00e9zm\u00e9nyeket, tank\u00f6nyvkiad\u00f3kat, oktat\u00f3kat az \u00e9rdekl\u0151d\u0151kkel: a di\u00e1kokkal, sz\u00fcl\u0151kkel.<br \/>\nMint azt m\u00e1r tudjuk, az idei 20. jubileumi \u00e9v rekordot d\u00f6nt\u00f6tt. Soha ennyien nem voltak k\u00edv\u00e1ncsiak a rendezv\u00e9nyre. Egyetem\u00fcnk minden eddigin\u00e9l nagyobb standdal v\u00e1rta a l\u00e1togat\u00f3kat, melyn\u00e9l mind a hat kar k\u00e9pviseltette mag\u00e1t. A Fogorvos Tudom\u00e1nyi Kar minden \u00e9vfolyama\u00a0\u00a0 hallgat\u00f3kkal k\u00e9pviseltette mag\u00e1t, \u00edgy a k\u00e9pz\u00e9s teljes idej\u00e9r\u0151l meg tudtuk osztani tapasztalatainkat. Az \u00f6t\u00f6d\u00e9vesekkel m\u00e1r konzult\u00e1ci\u00f3t is tartottak fog\u00e1szati esetek kapcs\u00e1n. Az \u00e9rdekl\u0151d\u0151 di\u00e1kok, sz\u00fcl\u0151k, nagysz\u00fcl\u0151k szem\u00e9lyesen kaptak inform\u00e1ci\u00f3t a felv\u00e9teli k\u00f6vetelm\u00e9nyeir\u0151l, a pontsz\u00e1m\u00edt\u00e1s m\u00f3dj\u00e1r\u00f3l, a koll\u00e9giumokr\u00f3l. \u00d6r\u00f6mmel osztottuk meg a kurrikulum v\u00e1ltoz\u00e1sait is, p\u00e9ld\u00e1ul az anat\u00f3mia t\u00e1rgy m\u00e1sf\u00e9l \u00e9vre cs\u00f6kken\u00e9s\u00e9t. Karunk mellett nyom\u00f3s \u00e9rvnek bizonyult a m\u00e9g bizonytalanok k\u00f6r\u00e9ben, hogy \u00f6t \u00e9v ut\u00e1n munkak\u00e9pes diplom\u00e1t ad. Ugyanakkor tov\u00e1bbtanul\u00e1sra, fejl\u0151d\u00e9sre is van lehet\u0151s\u00e9g. M\u00e1r most nagyon n\u00e9pszer\u0171 volt a fogszab\u00e1lyoz\u00e1s \u00e9s a sz\u00e1jseb\u00e9szet. L\u00e1togat\u00f3ink \u00f6r\u00f6mmel fogadt\u00e1k az egyetem log\u00f3j\u00e1val ell\u00e1tott aj\u00e1nd\u00e9kt\u00e1rgyakat. A v\u00e1llalkoz\u00f3 kedv\u0171ek foglenyomatot is k\u00e9sz\u00edthettek.<\/p>\n<p style=\"text-align: justify\">\u00a0\u00a0\u00a0\u00a0\u00a0\u00a0\u00a0\u00a0\u00a0\u00a0\u00a0 B\u00fcszkes\u00e9ggel t\u00f6lt\u00f6tt el, hogy a tavalyi \u00e9v \u00e9rdekl\u0151d\u0151 di\u00e1kj\u00e1b\u00f3l az id\u00e9n m\u00e1r semmelweises\u00a0 polg\u00e1rk\u00e9nt k\u00e9pviselhettem a kart, az egyetemet az idei ki\u00e1ll\u00edt\u00e1son.<\/p>\n<div id=\"GroupWiseSection_1579218366000_gerber.gabor@med.semmelweis-univ.hu_015F2F8016750000B93AFAFABC817772_\" class=\"GroupWiseMessageBody\">\n<div id=\"GroupWiseSection_1579218365000_gerber.gabor@med.semmelweis-univ.hu_015F2F8016750000B93AFAFABC817772_\" class=\"GroupWiseMessageBody\">\n<div>\n<div dir=\"ltr\">\n<div>Huncsik Zs\u00f3fia<\/div>\n<div>\u00a0<\/div>\n<\/div>\n<\/div>\n<\/div>\n<\/div>\n","protected":false},"excerpt":{"rendered":"<p>Az Educatio Nemzetk\u00f6zi Oktat\u00e1si Szakki\u00e1ll\u00edt\u00e1s azzal a c\u00e9llal j\u00f6tt l\u00e9tre, hogy v\u00e1laszt adjon a fels\u0151oktat\u00e1ssal\u00a0 kapcsolatos k\u00e9rd\u00e9sekre az \u00e9rintett felek sz\u00e1m\u00e1ra. Feladata \u00f6sszekapcsolni a szerepl\u0151ket: a fels\u0151oktat\u00e1si int\u00e9zm\u00e9nyeket, tank\u00f6nyvkiad\u00f3kat, oktat\u00f3kat az \u00e9rdekl\u0151d\u0151kkel: a di\u00e1kokkal, sz\u00fcl\u0151kkel. Mint azt m\u00e1r tudjuk, az idei 20. jubileumi \u00e9v rekordot d\u00f6nt\u00f6tt. Soha ennyien nem voltak k\u00edv\u00e1ncsiak a rendezv\u00e9nyre. Egyetem\u00fcnk minden &hellip;<\/p>\n","protected":false},"author":101171,"featured_media":4483,"comment_status":"closed","ping_status":"closed","sticky":false,"template":"","format":"standard","meta":{"_acf_changed":false,"footnotes":""},"categories":[20],"tags":[],"class_list":["post-4435","post","type-post","status-publish","format-standard","has-post-thumbnail","hentry","category-hirek"],"acf":[],"_links":{"self":[{"href":"https:\/\/semmelweis.hu\/fok\/wp-json\/wp\/v2\/posts\/4435","targetHints":{"allow":["GET"]}}],"collection":[{"href":"https:\/\/semmelweis.hu\/fok\/wp-json\/wp\/v2\/posts"}],"about":[{"href":"https:\/\/semmelweis.hu\/fok\/wp-json\/wp\/v2\/types\/post"}],"author":[{"embeddable":true,"href":"https:\/\/semmelweis.hu\/fok\/wp-json\/wp\/v2\/users\/101171"}],"replies":[{"embeddable":true,"href":"https:\/\/semmelweis.hu\/fok\/wp-json\/wp\/v2\/comments?post=4435"}],"version-history":[{"count":6,"href":"https:\/\/semmelweis.hu\/fok\/wp-json\/wp\/v2\/posts\/4435\/revisions"}],"predecessor-version":[{"id":4493,"href":"https:\/\/semmelweis.hu\/fok\/wp-json\/wp\/v2\/posts\/4435\/revisions\/4493"}],"wp:featuredmedia":[{"embeddable":true,"href":"https:\/\/semmelweis.hu\/fok\/wp-json\/wp\/v2\/media\/4483"}],"wp:attachment":[{"href":"https:\/\/semmelweis.hu\/fok\/wp-json\/wp\/v2\/media?parent=4435"}],"wp:term":[{"taxonomy":"category","embeddable":true,"href":"https:\/\/semmelweis.hu\/fok\/wp-json\/wp\/v2\/categories?post=4435"},{"taxonomy":"post_tag","embeddable":true,"href":"https:\/\/semmelweis.hu\/fok\/wp-json\/wp\/v2\/tags?post=4435"}],"curies":[{"name":"wp","href":"https:\/\/api.w.org\/{rel}","templated":true}]}}