{"id":3471,"date":"2020-12-04T08:12:52","date_gmt":"2020-12-04T07:12:52","guid":{"rendered":"http:\/\/semmelweis.hu\/fok\/?p=3471"},"modified":"2022-07-20T10:42:03","modified_gmt":"2022-07-20T08:42:03","slug":"jubileumi-diszoklevelre-torteno-jelentkezes","status":"publish","type":"post","link":"https:\/\/semmelweis.hu\/fok\/2020\/12\/04\/jubileumi-diszoklevelre-torteno-jelentkezes\/","title":{"rendered":"Jubileumi D\u00edszoklev\u00e9lre t\u00f6rt\u00e9n\u0151 jelentkez\u00e9s"},"content":{"rendered":"<p><strong><em>Semmelweis Egyetem Fogorvostudom\u00e1nyi Kar \u00a0k\u00f6zlem\u00e9nye az \u00a050., \u00a060., \u00e9s 65. \u00e9ve v\u00e9gzett fogorvosok r\u00e9sz\u00e9re<\/em><\/strong><\/p>\n<p style=\"text-align: justify\"><em>A Semmelweis Egyetem Fogorvostudom\u00e1nyi Kara \u00f6r\u00f6mmel t\u00e1j\u00e9koztatja volt hallgat\u00f3it, hogy r\u00e9sz\u00fckre jubileumi d\u00edszoklevelet adom\u00e1nyoz. T\u00e1j\u00e9koztatjuk azokat a fogorvosokat, akik diplom\u00e1jukat az Egyetem jogel\u0151dj\u00e9n\u00e9l, Budapesti Orvostudom\u00e1nyi Egyetemen,<\/em> 1957-ben, <em>(vas d\u00edszdiploma), <\/em>\u00a01962-ben<em>, (gy\u00e9m\u00e1nt d\u00edszdiploma)<\/em> \u00e9s 1972-ben <em>(arany d\u00edszdiploma) szerezt\u00e9k meg \u00e9s szakter\u00fclet\u00fck\u00f6n legal\u00e1bb 30 \u00e9vig dolgoztak,\u00a0 az arany \u00e9s gy\u00e9m\u00e1nt \u00e9s vas d\u00edszoklev\u00e9l elnyer\u00e9se \u00e9rdek\u00e9ben<\/em> 2022. \u00e1prilis 30-ig <em>a Fogorvostudom\u00e1nyi Kar D\u00e9k\u00e1ni Hivatal\u00e1hoz (1085 Budapest, \u00dcll\u0151i \u00fat 26.) vagy a <a href=\"mailto:kovacs.katalin@dent.semmelweis-univ.hu\"><strong>kovacs.katalin@dent.semmelweis-univ.hu<\/strong>\u00a0<\/a> e-mail c\u00edmen ny\u00fajthatj\u00e1k be k\u00e9relm\u00fcket.\u00a0 A k\u00e9relemben k\u00e9rj\u00fck felt\u00fcntetni az oklev\u00e9l kelt\u00e9t, a diplom\u00e1ban szerepl\u0151 nevet, r\u00f6vid szakmai \u00e9letrajzot \u00e9s \u00e9rtes\u00edt\u00e9si c\u00edmet, valamint e-mail c\u00edmet.<\/em><em> A jubileumi d\u00edszoklevelek \u00e1tad\u00e1s\u00e1ra el\u0151re l\u00e1that\u00f3an, &#8211; amennyiben a j\u00e1rv\u00e1ny\u00fcgyi helyzet lehet\u0151v\u00e9 teszi -, 2022. szeptember v\u00e9g\u00e9n vagy okt\u00f3ber h\u00f3napban ker\u00fcl sor, a pontos id\u0151pontr\u00f3l a k\u00e9s\u0151bbiekben a Fogorvostudom\u00e1nyi Kar honlapj\u00e1n tesz\u00fcnk k\u00f6zz\u00e9 t\u00e1j\u00e9koztat\u00e1st<br \/>\n<\/em><\/p>\n<p><span style=\"color: #ff0000\"><strong><em>Felh\u00edvjuk sz\u00edves figyelm\u00fcket, hogy a jelentkez\u00e9s csak adatkezel\u00e9si t\u00e1j\u00e9koztat\u00e1s elfogad\u00e1s\u00e1val, az adatkezel\u00e9si hozz\u00e1j\u00e1rul\u00e1s visszak\u00fcld\u00e9s\u00e9vel \u00e9rv\u00e9nyes<br \/>\n<\/em><\/strong><\/span><a href=\"https:\/\/semmelweis.hu\/fok\/files\/2021\/11\/10-ADATKEZEL\u00c9SI_T\u00c1J\u00c9KOZTAT\u00d3_SE_FOK_Jubileumi_d\u00edszoklevelek.pdf\">Adatkezel\u00e9si t\u00e1j\u00e9koztat\u00f3<\/a><br \/>\n<a href=\"https:\/\/semmelweis.hu\/fok\/files\/2021\/11\/4.-adatkezel\u00e9si-hozz\u00e1j\u00e1rul\u00e1s-Jubileumi-d\u00edszoklev\u00e9l.docx\"><strong>Adatkezel\u00e9si hozz\u00e1j\u00e1rul\u00e1s<\/strong><\/a><\/p>\n<p><a href=\"https:\/\/semmelweis.hu\/fok\/files\/2021\/11\/hirdet\u00e9s-2022.pdf\">Semmelweis Egyetem Fogorvostudom\u00e1nyi Kar k\u00f6zlem\u00e9nye az 50 \u00e9s 60 \u00e9s 65 \u00e9ve v\u00e9gzett fogorvosok r\u00e9sz\u00e9re (let\u00f6lt\u00e9s pdf form\u00e1tumban)<\/a><strong><br \/>\n<a href=\"https:\/\/semmelweis.hu\/fok\/files\/2021\/11\/Jelentkez\u00e9si-lap-2022.doc\">Jelentkez\u00e9si lap let\u00f6lt\u00e9se (doc)<\/a><\/strong><\/p>\n","protected":false},"excerpt":{"rendered":"<p>Semmelweis Egyetem Fogorvostudom\u00e1nyi Kar \u00a0k\u00f6zlem\u00e9nye az \u00a050., \u00a060., \u00e9s 65. \u00e9ve v\u00e9gzett fogorvosok r\u00e9sz\u00e9re A Semmelweis Egyetem Fogorvostudom\u00e1nyi Kara \u00f6r\u00f6mmel t\u00e1j\u00e9koztatja volt hallgat\u00f3it, hogy r\u00e9sz\u00fckre jubileumi d\u00edszoklevelet adom\u00e1nyoz. T\u00e1j\u00e9koztatjuk azokat a fogorvosokat, akik diplom\u00e1jukat az Egyetem jogel\u0151dj\u00e9n\u00e9l, Budapesti Orvostudom\u00e1nyi Egyetemen, 1957-ben, (vas d\u00edszdiploma), \u00a01962-ben, (gy\u00e9m\u00e1nt d\u00edszdiploma) \u00e9s 1972-ben (arany d\u00edszdiploma) szerezt\u00e9k meg \u00e9s szakter\u00fclet\u00fck\u00f6n legal\u00e1bb &hellip;<\/p>\n","protected":false},"author":101171,"featured_media":3472,"comment_status":"closed","ping_status":"closed","sticky":false,"template":"","format":"standard","meta":{"_acf_changed":false,"footnotes":""},"categories":[20],"tags":[],"class_list":["post-3471","post","type-post","status-publish","format-standard","has-post-thumbnail","hentry","category-hirek"],"acf":[],"_links":{"self":[{"href":"https:\/\/semmelweis.hu\/fok\/wp-json\/wp\/v2\/posts\/3471","targetHints":{"allow":["GET"]}}],"collection":[{"href":"https:\/\/semmelweis.hu\/fok\/wp-json\/wp\/v2\/posts"}],"about":[{"href":"https:\/\/semmelweis.hu\/fok\/wp-json\/wp\/v2\/types\/post"}],"author":[{"embeddable":true,"href":"https:\/\/semmelweis.hu\/fok\/wp-json\/wp\/v2\/users\/101171"}],"replies":[{"embeddable":true,"href":"https:\/\/semmelweis.hu\/fok\/wp-json\/wp\/v2\/comments?post=3471"}],"version-history":[{"count":10,"href":"https:\/\/semmelweis.hu\/fok\/wp-json\/wp\/v2\/posts\/3471\/revisions"}],"predecessor-version":[{"id":6854,"href":"https:\/\/semmelweis.hu\/fok\/wp-json\/wp\/v2\/posts\/3471\/revisions\/6854"}],"wp:featuredmedia":[{"embeddable":true,"href":"https:\/\/semmelweis.hu\/fok\/wp-json\/wp\/v2\/media\/3472"}],"wp:attachment":[{"href":"https:\/\/semmelweis.hu\/fok\/wp-json\/wp\/v2\/media?parent=3471"}],"wp:term":[{"taxonomy":"category","embeddable":true,"href":"https:\/\/semmelweis.hu\/fok\/wp-json\/wp\/v2\/categories?post=3471"},{"taxonomy":"post_tag","embeddable":true,"href":"https:\/\/semmelweis.hu\/fok\/wp-json\/wp\/v2\/tags?post=3471"}],"curies":[{"name":"wp","href":"https:\/\/api.w.org\/{rel}","templated":true}]}}