{"id":438,"date":"2019-10-04T22:36:48","date_gmt":"2019-10-04T22:36:48","guid":{"rendered":"http:\/\/semmelweis.hu\/kavicsmentorprogram\/?p=438"},"modified":"2020-01-06T12:02:38","modified_gmt":"2020-01-06T12:02:38","slug":"a-volgy-huvos-a-hangulat-csaladias","status":"publish","type":"post","link":"https:\/\/semmelweis.hu\/etkfejlesztoiroda\/2019\/10\/04\/a-volgy-huvos-a-hangulat-csaladias\/","title":{"rendered":"A v\u00f6lgy h\u0171v\u00f6s, a hangulat csal\u00e1dias"},"content":{"rendered":"<p>A helysz\u00edn v\u00e1ltozott, a r\u00e9sztvev\u0151k nagy r\u00e9sze is, a t\u00e1j is. Tudj\u00e1tok, mi nem? Az, hogy t\u00far\u00e1zik a Kavics.<\/p>\n<p>Visegr\u00e1d helyett most <strong>H\u0171v\u00f6sv\u00f6lgybe<\/strong>, majd onnan <strong>Nagykov\u00e1csiba <\/strong>l\u00e1togattunk. A kir\u00e1ndul\u00e1s szeptember hetedik\u00e9n volt, ami m\u00e9g nagyon k\u00e9s\u0151 ny\u00e1ri hangulatot hordoz mag\u00e1ban, de ez csal\u00f3ka. Eg\u00e9sz h\u00e9ten drukkoltunk, hogy elker\u00fclj\u00f6n minket az es\u0151 leghalv\u00e1nyabb foszl\u00e1nya is. \u201eLegyen t\u00fara? Mondjuk le? Ne mondjuk le?\u201d\u00a0 Az utols\u00f3 gondolatunk az volt, hogy megtartjuk, hiszen <em>nem l\u00e9tezik rossz id\u0151, csak nem megfelel\u0151 ruh\u00e1zat<\/em>. \u00c9s milyen j\u00f3l d\u00f6nt\u00f6tt\u00fcnk. \u00a0Az els\u0151 p\u00e1r sz\u00e1z m\u00e9teren, ahol megm\u00e1sztunk \u2013 alaphangon \u2013 200 l\u00e9pcs\u0151fokot, m\u00e9g eg\u00e9szen kellemesen ny\u00e1r volt. Utunk innent\u0151l t\u00e9nylegesen egy erd\u0151n vezetett kereszt\u00fcl \u00e9s ez \u00e9rezhet\u0151v\u00e9 v\u00e1lt. Kezdett leh\u0171lni az id\u0151, majd az egyik pillanatban elkapott minket a zuh\u00e9. Nem kicsit. Ez term\u00e9szetesen a hangulaton nemhogy rontott, hanem m\u00e9g ink\u00e1bb emelt, ugyanis mi lehet jobb egy k\u00f6z\u00f6s \u00e1z\u00e1sn\u00e1l? K\u00e9s\u0151bb m\u00e9gis megkegyelmeztek nek\u00fcnk az \u00e9giek. Innent\u0151l <u>mindenki <\/u>a kis bes\u00fclt es\u0151kab\u00e1tj\u00e1ban baktatott fel eg\u00e9szen a Csergez\u00e1n P\u00e1l-kil\u00e1t\u00f3ig.<\/p>\n<figure id=\"attachment_439\" aria-describedby=\"caption-attachment-439\" style=\"width: 300px\" class=\"wp-caption aligncenter\"><a href=\"https:\/\/semmelweis.hu\/etkfejlesztoiroda\/files\/2019\/10\/received_2456287954450969.jpeg\"><img loading=\"lazy\" decoding=\"async\" class=\"size-medium wp-image-439\" src=\"https:\/\/semmelweis.hu\/etkfejlesztoiroda\/files\/2019\/10\/received_2456287954450969-300x400.jpeg\" alt=\"\" width=\"300\" height=\"400\" srcset=\"https:\/\/semmelweis.hu\/etkfejlesztoiroda\/files\/2019\/10\/received_2456287954450969-300x400.jpeg 300w, https:\/\/semmelweis.hu\/etkfejlesztoiroda\/files\/2019\/10\/received_2456287954450969-768x1024.jpeg 768w, https:\/\/semmelweis.hu\/etkfejlesztoiroda\/files\/2019\/10\/received_2456287954450969-753x1004.jpeg 753w, https:\/\/semmelweis.hu\/etkfejlesztoiroda\/files\/2019\/10\/received_2456287954450969.jpeg 1296w\" sizes=\"auto, (max-width: 300px) 100vw, 300px\" \/><\/a><figcaption id=\"caption-attachment-439\" class=\"wp-caption-text\">fot\u00f3: Repcs\u00e1k Regina<\/figcaption><\/figure>\n<p><em>De ki is az a mindenki?\u00a0 G\u00f3ly\u00e1k \u00e9s mentorok. Olyan g\u00f3ly\u00e1k, akik nem ismert\u00e9k egym\u00e1st eddig. Volt b\u00e1tors\u00e1guk elj\u00f6nni egy sz\u00e1mukra idegen egyetem nulladik het\u00e9re szervezett kir\u00e1ndul\u00e1sra. Minimum egy tapsot meg\u00e9rdemelnek ez\u00e9rt. \u00dagy gondolom, hogy ez az esem\u00e9ny is azt mutatja, hogy a Kavics Mentorprogram \u00f6ssze tudja hozni a g\u00f3ly\u00e1kat. Az \u0151 l\u00e9p\u00e9seiket t\u00e9nyleg az els\u0151 perct\u0151l kezdve figyelni tudjuk, \u00e9s ott seg\u00edt\u00fcnk nekik, ahol k\u00e9rik. Ez \u00edgy megy akkor is, ha mentor\u00e1ltnak jelentkeztek hozz\u00e1nk. Itt mindenki sz\u00e1m\u00edt, \u00e9s a legfontosabb, hogy senki sem marad egyed\u00fcl. <\/em><\/p>\n<p>\u201eA Csergez\u00e1n P\u00e1l-kil\u00e1t\u00f3ba fel\u00e9rve szem\u00fcnk el\u00e9 t\u00e1rult a k\u00f6d\u00f6s Budai-hegys\u00e9g. A visszafogott l\u00e1t\u00e1si viszonyok ellen\u00e9re a Nagysz\u00e9n\u00e1s kopasz cs\u00facsa mark\u00e1nsan kit\u0171nt \u00e9s l\u00e1tv\u00e1nya elcsalta a szemeket a t\u0151le magasabb, \u00e1m de f\u00e1kkal bor\u00edtott Kutya-hegyr\u0151l, ami a Budai-hegys\u00e9g legmagasabb pontja. Amikor a f\u0151v\u00e1ros fel\u00e9 tekintett\u00fcnk, l\u00e1thattuk a H\u00e1rmashat\u00e1r-hegyet, valamint a J\u00e1nos-hegyet az Erzs\u00e9bet-kil\u00e1t\u00f3val. A kil\u00e1t\u00f3 m\u00e1sik oldala a Perb\u00e1li-medenc\u00e9re n\u00e9z \u00e9s falvai kis g\u00f3cokk\u00e9nt \u00fclnek a sz\u00e1nt\u00f3f\u00f6ldek v\u00e9gtelennek t\u0171n\u0151 l\u00e1tv\u00e1ny\u00e1ban. A medence m\u00e1sik oldala m\u00e1r a Gerecse \u00e9s a V\u00e9rtes vil\u00e1ga. Amint a k\u00f6d egy kicsit arr\u00e9bb vonult az \u00e9les szem\u0171ek l\u00e1thatt\u00e1k Sz\u00e1zhalombatta \u00e9gbe magasod\u00f3 k\u00e9m\u00e9nyeit.\u201d- mes\u00e9lte Zsolt <em>(mentor, a t\u00fara egyik szervez\u0151je),<\/em> aki velem \u00e9s a t\u00e9riszonyommal ellent\u00e9tben t\u00e9nylegesen felment a kil\u00e1t\u00f3ba.<\/p>\n<figure id=\"attachment_441\" aria-describedby=\"caption-attachment-441\" style=\"width: 400px\" class=\"wp-caption aligncenter\"><a href=\"https:\/\/semmelweis.hu\/etkfejlesztoiroda\/files\/2019\/10\/received_408829359778447.jpeg\"><img loading=\"lazy\" decoding=\"async\" class=\"wp-image-441 size-medium\" src=\"https:\/\/semmelweis.hu\/etkfejlesztoiroda\/files\/2019\/10\/received_408829359778447-400x300.jpeg\" alt=\"\" width=\"400\" height=\"300\" srcset=\"https:\/\/semmelweis.hu\/etkfejlesztoiroda\/files\/2019\/10\/received_408829359778447-400x300.jpeg 400w, https:\/\/semmelweis.hu\/etkfejlesztoiroda\/files\/2019\/10\/received_408829359778447-768x576.jpeg 768w, https:\/\/semmelweis.hu\/etkfejlesztoiroda\/files\/2019\/10\/received_408829359778447-1024x768.jpeg 1024w, https:\/\/semmelweis.hu\/etkfejlesztoiroda\/files\/2019\/10\/received_408829359778447-753x565.jpeg 753w, https:\/\/semmelweis.hu\/etkfejlesztoiroda\/files\/2019\/10\/received_408829359778447.jpeg 1728w\" sizes=\"auto, (max-width: 400px) 100vw, 400px\" \/><\/a><figcaption id=\"caption-attachment-441\" class=\"wp-caption-text\">fot\u00f3: Repcs\u00e1k Regina<\/figcaption><\/figure>\n<p>A lefel\u00e9 \u00faton m\u00e1r \u00fagy haladt a t\u00e1rsas\u00e1g, mintha legal\u00e1bb t\u00f6bb \u00e9ve ismern\u00e9 egym\u00e1st \u00e9s nem csak n\u00e9h\u00e1ny \u00f3r\u00e1ja. Ez is egy ism\u00e9rve egy sikeres t\u00far\u00e1nak. \u00a0Mi, r\u00e9sztvev\u0151 mentorok sikeresnek \u00e9rezz\u00fck. A k\u00e9rd\u00e9s csup\u00e1n annyi, hogy Ti mikor j\u00f6tt\u00f6k megtapasztalni ezt? Okt\u00f3ber 5. a k\u00f6vetkez\u0151 d\u00e1tum, amikor kis csapatunk \u00fajra felkerekedik \u00e9s beveszi a term\u00e9szetet. Figyelj\u00e9tek a Kavics Mentorprogram Facebook oldal\u00e1t, valamint l\u00e9pjetek be a V\u00e1ndor Kavics Facebook csoportba, hogy minden inform\u00e1ci\u00f3r\u00f3l id\u0151ben \u00e9rtes\u00fcljetek! Mi ott lesz\u00fcnk, gyertek el min\u00e9l t\u00f6bben!<\/p>\n<p><strong>Epres Laura Lotti,\u00a0<\/strong>gy\u00f3gytorn\u00e1sz hallgat\u00f3<\/p>\n","protected":false},"excerpt":{"rendered":"<p>A helysz\u00edn v\u00e1ltozott, a r\u00e9sztvev\u0151k nagy r\u00e9sze is, a t\u00e1j is. Tudj\u00e1tok, mi nem? Az, hogy t\u00far\u00e1zik a Kavics. Visegr\u00e1d helyett most H\u0171v\u00f6sv\u00f6lgybe, majd onnan Nagykov\u00e1csiba l\u00e1togattunk. A kir\u00e1ndul\u00e1s szeptember hetedik\u00e9n volt, ami m\u00e9g nagyon k\u00e9s\u0151 ny\u00e1ri hangulatot hordoz mag\u00e1ban, de ez csal\u00f3ka. Eg\u00e9sz h\u00e9ten drukkoltunk, hogy elker\u00fclj\u00f6n minket az es\u0151 leghalv\u00e1nyabb foszl\u00e1nya is. \u201eLegyen &hellip;<\/p>\n","protected":false},"author":101608,"featured_media":440,"comment_status":"closed","ping_status":"closed","sticky":false,"template":"","format":"standard","meta":{"_acf_changed":false,"footnotes":""},"categories":[18,7],"tags":[12,11],"class_list":["post-438","post","type-post","status-publish","format-standard","has-post-thumbnail","hentry","category-kavics","category-szakestek","tag-egyetemi-elet","tag-kavics"],"acf":[],"_links":{"self":[{"href":"https:\/\/semmelweis.hu\/etkfejlesztoiroda\/wp-json\/wp\/v2\/posts\/438","targetHints":{"allow":["GET"]}}],"collection":[{"href":"https:\/\/semmelweis.hu\/etkfejlesztoiroda\/wp-json\/wp\/v2\/posts"}],"about":[{"href":"https:\/\/semmelweis.hu\/etkfejlesztoiroda\/wp-json\/wp\/v2\/types\/post"}],"author":[{"embeddable":true,"href":"https:\/\/semmelweis.hu\/etkfejlesztoiroda\/wp-json\/wp\/v2\/users\/101608"}],"replies":[{"embeddable":true,"href":"https:\/\/semmelweis.hu\/etkfejlesztoiroda\/wp-json\/wp\/v2\/comments?post=438"}],"version-history":[{"count":1,"href":"https:\/\/semmelweis.hu\/etkfejlesztoiroda\/wp-json\/wp\/v2\/posts\/438\/revisions"}],"predecessor-version":[{"id":442,"href":"https:\/\/semmelweis.hu\/etkfejlesztoiroda\/wp-json\/wp\/v2\/posts\/438\/revisions\/442"}],"wp:featuredmedia":[{"embeddable":true,"href":"https:\/\/semmelweis.hu\/etkfejlesztoiroda\/wp-json\/wp\/v2\/media\/440"}],"wp:attachment":[{"href":"https:\/\/semmelweis.hu\/etkfejlesztoiroda\/wp-json\/wp\/v2\/media?parent=438"}],"wp:term":[{"taxonomy":"category","embeddable":true,"href":"https:\/\/semmelweis.hu\/etkfejlesztoiroda\/wp-json\/wp\/v2\/categories?post=438"},{"taxonomy":"post_tag","embeddable":true,"href":"https:\/\/semmelweis.hu\/etkfejlesztoiroda\/wp-json\/wp\/v2\/tags?post=438"}],"curies":[{"name":"wp","href":"https:\/\/api.w.org\/{rel}","templated":true}]}}