{"id":194,"date":"2018-11-15T10:00:16","date_gmt":"2018-11-15T10:00:16","guid":{"rendered":"http:\/\/semmelweis.hu\/kavicsmentorprogram\/?p=194"},"modified":"2019-09-23T07:12:23","modified_gmt":"2019-09-23T07:12:23","slug":"gyogytornasz-szakest","status":"publish","type":"post","link":"https:\/\/semmelweis.hu\/etkfejlesztoiroda\/2018\/11\/15\/gyogytornasz-szakest\/","title":{"rendered":"Gy\u00f3gytorn\u00e1sz Szakest"},"content":{"rendered":"<p>A Semmelweis Egyetem Eg\u00e9szs\u00e9gtudom\u00e1nyi Kar\u00e1n a szakest sorozat m\u00e1sodik esem\u00e9nyek\u00e9nt megrendez\u00e9sre ker\u00fclt a gy\u00f3gytorn\u00e1sz szakest, melynek keret\u00e9ben a szakma sz\u00e9ps\u00e9geivel, neh\u00e9zs\u00e9geivel \u00e9s a hallgat\u00f3k diploma ut\u00e1ni lehet\u0151s\u00e9geivel ismerkedhettek meg a r\u00e9sztvev\u0151k. A programot a karrier iroda \u00e9s a Kavics Mentorprogram hozta el nek\u00fcnk 2018. november 13-\u00e1n.<\/p>\n<p>\nAz est Dr. Feszthammer Art\u00farn\u00e9 megnyit\u00f3 besz\u00e9d\u00e9vel kezd\u0151d\u00f6tt, melyben r\u00f6vid t\u00f6rt\u00e9neti \u00e1ttekint\u00e9s<br \/>\nut\u00e1n kifejezte mennyire sokat fejl\u0151d\u00f6tt a szakma, \u00e9s hogy mekkora \u00f6r\u00f6m t\u00f6lti el, amikor a sz\u00e9p sz\u00e1mban megjelent lelkes hallgat\u00f3kra n\u00e9z.<\/p>\n<p>Ezt k\u00f6vet\u0151en Elter Bettina, a kar v\u00e9gzett Msc hallgat\u00f3ja sz\u00e1molt be a friss diplom\u00e1sok lehet\u0151s\u00e9geir\u0151l. El\u0151ad\u00e1sa rendk\u00edv\u00fcl p\u00f6rg\u0151s \u00e9s humoros volt, emellett rengeteg praktikus tan\u00e1ccsal l\u00e1tta el a hallgat\u00f3s\u00e1got.<\/p>\n<p>&nbsp;<\/p>\n<figure id=\"attachment_290\" aria-describedby=\"caption-attachment-290\" style=\"width: 386px\" class=\"wp-caption alignright\"><img loading=\"lazy\" decoding=\"async\" class=\" wp-image-290\" src=\"https:\/\/semmelweis.hu\/etkfejlesztoiroda\/files\/2018\/11\/gytSzakest2-400x300.jpg\" alt=\"\" width=\"386\" height=\"289\" srcset=\"https:\/\/semmelweis.hu\/etkfejlesztoiroda\/files\/2018\/11\/gytSzakest2-400x300.jpg 400w, https:\/\/semmelweis.hu\/etkfejlesztoiroda\/files\/2018\/11\/gytSzakest2-768x576.jpg 768w, https:\/\/semmelweis.hu\/etkfejlesztoiroda\/files\/2018\/11\/gytSzakest2-1024x768.jpg 1024w, https:\/\/semmelweis.hu\/etkfejlesztoiroda\/files\/2018\/11\/gytSzakest2-753x565.jpg 753w\" sizes=\"auto, (max-width: 386px) 100vw, 386px\" \/><figcaption id=\"caption-attachment-290\" class=\"wp-caption-text\">fot\u00f3: Kapt\u00e1s Erika<\/figcaption><\/figure>\n<p>A fiatalos lend\u00fclettel folytatta az el\u0151ad\u00e1st Kora Alexandra az OORI gerincvel\u0151s\u00e9r\u00fclt oszt\u00e1ly\u00e1nak<br \/>\ngy\u00f3gytorn\u00e1sza, aki csillog\u00e1ssal t\u00f6lt\u00f6tte meg a k\u00f6z\u00f6ns\u00e9g szemeit, miut\u00e1n elmes\u00e9lte hogyan is gy\u00f3gy\u00edtanak \u00e9s hogyan fogadj\u00e1k a hallgat\u00f3kat oszt\u00e1ly\u00e1n. Kiemelte, hogy az alapok pontos tud\u00e1sa \u00e9s<br \/>\naz ok-okozati \u00f6sszef\u00fcgg\u00e9sek megl\u00e1t\u00e1sa elengedhetetlenek egy j\u00f3 gy\u00f3gytorn\u00e1sz sz\u00e1m\u00e1ra, hiszen \u00e9pp<br \/>\nezek tesznek minket szakemberekk\u00e9.<\/p>\n<p>Ezut\u00e1n k\u00f6vetkezett T\u00f3thn\u00e9 Hern\u00e1di M\u00e1rta a Traumatol\u00f3gia oszt\u00e1ly\u00e1nak vezet\u0151 gy\u00f3gytorn\u00e1sza. M\u00e1rta<br \/>\nsok \u00e9ves tapasztalat\u00e1t osztotta meg vel\u00fcnk, ami k\u00fcl\u00f6n \u00e9lm\u00e9ny volt, hogy 30 \u00e9v munka ut\u00e1n is szeretettel \u00e9s odaad\u00e1ssal besz\u00e9l munk\u00e1j\u00e1r\u00f3l. B\u00fcszk\u00e9n mes\u00e9lte \u00e9rdekesebb eseteit, a hallgat\u00f3s\u00e1g pedig<br \/>\n\u00f6r\u00f6mmel fogadta gondolatait.<\/p>\n<p>\nAz el\u0151ad\u00e1sok ut\u00e1n, a szakest utols\u00f3 legk\u00f6tetlenebb programja k\u00f6vetkezett, a \u201ek\u00e9rdezz-felelek\u201d. Az<br \/>\nel\u0151ad\u00e1sok alatt minden hallgat\u00f3 fel\u00edrhatta k\u00e9rd\u00e9seit, melyeket megv\u00e1laszoltak az el\u0151ad\u00f3k egyenk\u00e9nt,<br \/>\nilletve k\u00f6z\u00f6sen is. Sz\u00e1mtalan k\u00e9rd\u00e9s ker\u00fclt megvitat\u00e1sra, a piszkos anyagiakt\u00f3l kezdve a mag\u00e1nrendel\u00e9sen \u00e1t az \u00e1llamvizsg\u00e1ig mindenf\u00e9le t\u00e9m\u00e1ban. Vend\u00e9geink nyitottan v\u00e1laszoltak mindenre, majd az est\u00e9t lez\u00e1rva h\u00e1l\u00e1san mondtunk k\u00f6sz\u00f6netet mindannyiuknak.<\/p>\n<p>\nA szakest sorozatunk k\u00f6vetkez\u0151 \u00e1llom\u00e1sa a ment\u0151tiszt p\u00e1ly\u00e1val folytat\u00f3dik 2018. december\u00e9ben.<\/p>\n<p><strong>Borb\u00e9ly Viktor<\/strong>, gy\u00f3gytorn\u00e1sz hallgat\u00f3<\/p>\n","protected":false},"excerpt":{"rendered":"<p>A Semmelweis Egyetem Eg\u00e9szs\u00e9gtudom\u00e1nyi Kar\u00e1n a szakest sorozat m\u00e1sodik esem\u00e9nyek\u00e9nt megrendez\u00e9sre ker\u00fclt a gy\u00f3gytorn\u00e1sz szakest, melynek keret\u00e9ben a szakma sz\u00e9ps\u00e9geivel, neh\u00e9zs\u00e9geivel \u00e9s a hallgat\u00f3k diploma ut\u00e1ni lehet\u0151s\u00e9geivel ismerkedhettek meg a r\u00e9sztvev\u0151k. A programot a karrier iroda \u00e9s a Kavics Mentorprogram hozta el nek\u00fcnk 2018. november 13-\u00e1n. Az est Dr. Feszthammer Art\u00farn\u00e9 megnyit\u00f3 besz\u00e9d\u00e9vel kezd\u0151d\u00f6tt, melyben &hellip;<\/p>\n","protected":false},"author":101524,"featured_media":290,"comment_status":"closed","ping_status":"closed","sticky":false,"template":"","format":"standard","meta":{"_acf_changed":false,"footnotes":""},"categories":[7],"tags":[10],"class_list":["post-194","post","type-post","status-publish","format-standard","has-post-thumbnail","hentry","category-szakestek","tag-szakestek"],"acf":[],"_links":{"self":[{"href":"https:\/\/semmelweis.hu\/etkfejlesztoiroda\/wp-json\/wp\/v2\/posts\/194","targetHints":{"allow":["GET"]}}],"collection":[{"href":"https:\/\/semmelweis.hu\/etkfejlesztoiroda\/wp-json\/wp\/v2\/posts"}],"about":[{"href":"https:\/\/semmelweis.hu\/etkfejlesztoiroda\/wp-json\/wp\/v2\/types\/post"}],"author":[{"embeddable":true,"href":"https:\/\/semmelweis.hu\/etkfejlesztoiroda\/wp-json\/wp\/v2\/users\/101524"}],"replies":[{"embeddable":true,"href":"https:\/\/semmelweis.hu\/etkfejlesztoiroda\/wp-json\/wp\/v2\/comments?post=194"}],"version-history":[{"count":4,"href":"https:\/\/semmelweis.hu\/etkfejlesztoiroda\/wp-json\/wp\/v2\/posts\/194\/revisions"}],"predecessor-version":[{"id":292,"href":"https:\/\/semmelweis.hu\/etkfejlesztoiroda\/wp-json\/wp\/v2\/posts\/194\/revisions\/292"}],"wp:featuredmedia":[{"embeddable":true,"href":"https:\/\/semmelweis.hu\/etkfejlesztoiroda\/wp-json\/wp\/v2\/media\/290"}],"wp:attachment":[{"href":"https:\/\/semmelweis.hu\/etkfejlesztoiroda\/wp-json\/wp\/v2\/media?parent=194"}],"wp:term":[{"taxonomy":"category","embeddable":true,"href":"https:\/\/semmelweis.hu\/etkfejlesztoiroda\/wp-json\/wp\/v2\/categories?post=194"},{"taxonomy":"post_tag","embeddable":true,"href":"https:\/\/semmelweis.hu\/etkfejlesztoiroda\/wp-json\/wp\/v2\/tags?post=194"}],"curies":[{"name":"wp","href":"https:\/\/api.w.org\/{rel}","templated":true}]}}