{"id":192,"date":"2018-10-31T10:00:13","date_gmt":"2018-10-31T10:00:13","guid":{"rendered":"http:\/\/semmelweis.hu\/kavicsmentorprogram\/?p=192"},"modified":"2019-09-23T07:12:34","modified_gmt":"2019-09-23T07:12:34","slug":"dietetikus-szakest","status":"publish","type":"post","link":"https:\/\/semmelweis.hu\/etkfejlesztoiroda\/2018\/10\/31\/dietetikus-szakest\/","title":{"rendered":"Dietetikus Szakest"},"content":{"rendered":"<p>A Semmelweis Egyetem Eg\u00e9szs\u00e9gtudom\u00e1nyi Kar\u00e1n a Karrier Iroda szervez\u00e9s\u00e9ben, a Kavics Mentorprogram \u00f6nk\u00e9ntesei \u00e1ltal elindultak a 2018 \u0151sz\u00e9n a Szakest sorozatok, melyek l\u00e9nyege az, hogy az \u00e9ppen aktu\u00e1lisan meghirdetett ter\u00fcletr\u0151l \u00e9rkez\u0151 szakemberek mes\u00e9lnek az \u0151 szem\u00e9lyes szakm\u00e1hoz kapcsol\u00f3d\u00f3 \u00e9let\u00fatjukr\u00f3l, f\u0151 profiljukr\u00f3l, mindennapi munk\u00e1jukr\u00f3l, tapasztalataikr\u00f3l.<\/p>\n<p>&nbsp;<\/p>\n<figure id=\"attachment_340\" aria-describedby=\"caption-attachment-340\" style=\"width: 400px\" class=\"wp-caption alignright\"><a href=\"https:\/\/semmelweis.hu\/etkfejlesztoiroda\/files\/2019\/08\/diet_szakest-fot\u00f3-01.jpeg\"><img loading=\"lazy\" decoding=\"async\" class=\"wp-image-340 size-medium\" src=\"https:\/\/semmelweis.hu\/etkfejlesztoiroda\/files\/2019\/08\/diet_szakest-fot\u00f3-01-400x242.jpeg\" alt=\"\" width=\"400\" height=\"242\" srcset=\"https:\/\/semmelweis.hu\/etkfejlesztoiroda\/files\/2019\/08\/diet_szakest-fot\u00f3-01-400x242.jpeg 400w, https:\/\/semmelweis.hu\/etkfejlesztoiroda\/files\/2019\/08\/diet_szakest-fot\u00f3-01-768x465.jpeg 768w, https:\/\/semmelweis.hu\/etkfejlesztoiroda\/files\/2019\/08\/diet_szakest-fot\u00f3-01-753x456.jpeg 753w, https:\/\/semmelweis.hu\/etkfejlesztoiroda\/files\/2019\/08\/diet_szakest-fot\u00f3-01.jpeg 785w\" sizes=\"auto, (max-width: 400px) 100vw, 400px\" \/><\/a><figcaption id=\"caption-attachment-340\" class=\"wp-caption-text\">fot\u00f3: Kapt\u00e1s Erika<\/figcaption><\/figure>\n<p>A sorozat els\u0151 alkalma a dietetik\u00e1val kezd\u0151d\u00f6tt 2018.10.30-\u00e1n, ahova n\u00e9gy olyan szakembert invit\u00e1ltunk meg, akik a Semmelweis Egyetem Eg\u00e9szs\u00e9gtudom\u00e1nyi Kar\u00e1n v\u00e9geztek kor\u00e1bban. Az el\u0151ad\u00f3k besz\u00e9ltek a szakm\u00e1jukban rejl\u0151 lehet\u0151s\u00e9gekr\u0151l \u00e9s hogy t\u00f6bb ter\u00fcleten van sz\u00fcks\u00e9g a dietetikus munk\u00e1ss\u00e1g\u00e1ra, mint azt els\u0151re gondoln\u00e1nk. El\u0151ad\u00e1suk sor\u00e1n egyar\u00e1nt sz\u00f3 esett a k\u00f3rh\u00e1zi feladatok ell\u00e1t\u00e1s\u00e1r\u00f3l, de a mag\u00e1nszf\u00e9ra szegmenseit is bemutatt\u00e1k saj\u00e1t \u00e9letp\u00e1ly\u00e1jukon kereszt\u00fcl. P\u00e9ld\u00e1ul a sokakat foglalkoztat\u00f3 k\u00e9rd\u00e9s, mint a mag\u00e1nv\u00e1llalkoz\u00e1s el\u0151nyei \u00e9s h\u00e1tr\u00e1nyai is sz\u00f3ba ker\u00fcltek, \u00e9s \u0151szint\u00e9n mes\u00e9ltek tapasztaltaikr\u00f3l a szakemberek. A megh\u00edvott szakemberek fiatalos lend\u00fclettel mutatt\u00e1k be a hallgat\u00f3s\u00e1g fel\u00e9 siker\u00e9lm\u00e9nyeiket \u00e9s motiv\u00e1lt\u00e1k \u0151ket a tanul\u00e1sra \u00e9s a kitart\u00e1sra.<br \/>\nAz el\u0151ad\u00f3k k\u00f6z\u00fcl n\u00e9h\u00e1nyan kit\u00e9rtek a fejl\u0151d\u00e9si lehet\u0151s\u00e9gekre, mint p\u00e9ld\u00e1ul a t\u00e1pl\u00e1lkoz\u00e1studom\u00e1nyi mesterk\u00e9pz\u00e9sre, illetve a mindennapos szitu\u00e1ci\u00f3kban rejl\u0151 tanuls\u00e1gokra.<\/p>\n<p>Az el\u0151ad\u00e1sok ut\u00e1n k\u00f6vetkezett a \u201ek\u00e9rdezz-felek\u201d r\u00e9sz, amikor a k\u00f6z\u00f6ns\u00e9g k\u00e9rdezhetett a megh\u00edvott vend\u00e9geikt\u0151l \u00e9s interakt\u00edv form\u00e1ban v\u00e1laszokat kaphattak a k\u00e9rd\u00e9seikre. Az esten t\u00f6bb mint 60 f\u0151 vett r\u00e9szt, ebb\u0151l a t\u00f6bbs\u00e9g a dietetikus szakir\u00e1ny \u00e9s t\u00e1pl\u00e1lkoz\u00e1studom\u00e1nyi mesterk\u00e9pz\u00e9s hallgat\u00f3i voltak, akik nagy \u00e9rdekl\u0151d\u00e9ssel hallgatt\u00e1k a megh\u00edvott dietetikusokat.<\/p>\n<p>A szakest sorozat k\u00f6vetkez\u0151 t\u00e9m\u00e1ja a gy\u00f3gytorn\u00e1sz szakir\u00e1ny k\u00f6r\u00e9 \u00e9p\u00fcl 2018. novemberben, ahol 3 el\u0151ad\u00f3 fog mes\u00e9lni szakm\u00e1juk sz\u00e9ps\u00e9geir\u0151l.<\/p>\n<p><strong>Kapt\u00e1s Erika<\/strong>, v\u00e9gzett dietetikus hallgat\u00f3<\/p>\n","protected":false},"excerpt":{"rendered":"<p>A Semmelweis Egyetem Eg\u00e9szs\u00e9gtudom\u00e1nyi Kar\u00e1n a Karrier Iroda szervez\u00e9s\u00e9ben, a Kavics Mentorprogram \u00f6nk\u00e9ntesei \u00e1ltal elindultak a 2018 \u0151sz\u00e9n a Szakest sorozatok, melyek l\u00e9nyege az, hogy az \u00e9ppen aktu\u00e1lisan meghirdetett ter\u00fcletr\u0151l \u00e9rkez\u0151 szakemberek mes\u00e9lnek az \u0151 szem\u00e9lyes szakm\u00e1hoz kapcsol\u00f3d\u00f3 \u00e9let\u00fatjukr\u00f3l, f\u0151 profiljukr\u00f3l, mindennapi munk\u00e1jukr\u00f3l, tapasztalataikr\u00f3l. &nbsp; A sorozat els\u0151 alkalma a dietetik\u00e1val kezd\u0151d\u00f6tt 2018.10.30-\u00e1n, ahova n\u00e9gy &hellip;<\/p>\n","protected":false},"author":101524,"featured_media":340,"comment_status":"closed","ping_status":"closed","sticky":false,"template":"","format":"standard","meta":{"_acf_changed":false,"footnotes":""},"categories":[7],"tags":[10],"class_list":["post-192","post","type-post","status-publish","format-standard","has-post-thumbnail","hentry","category-szakestek","tag-szakestek"],"acf":[],"_links":{"self":[{"href":"https:\/\/semmelweis.hu\/etkfejlesztoiroda\/wp-json\/wp\/v2\/posts\/192","targetHints":{"allow":["GET"]}}],"collection":[{"href":"https:\/\/semmelweis.hu\/etkfejlesztoiroda\/wp-json\/wp\/v2\/posts"}],"about":[{"href":"https:\/\/semmelweis.hu\/etkfejlesztoiroda\/wp-json\/wp\/v2\/types\/post"}],"author":[{"embeddable":true,"href":"https:\/\/semmelweis.hu\/etkfejlesztoiroda\/wp-json\/wp\/v2\/users\/101524"}],"replies":[{"embeddable":true,"href":"https:\/\/semmelweis.hu\/etkfejlesztoiroda\/wp-json\/wp\/v2\/comments?post=192"}],"version-history":[{"count":6,"href":"https:\/\/semmelweis.hu\/etkfejlesztoiroda\/wp-json\/wp\/v2\/posts\/192\/revisions"}],"predecessor-version":[{"id":342,"href":"https:\/\/semmelweis.hu\/etkfejlesztoiroda\/wp-json\/wp\/v2\/posts\/192\/revisions\/342"}],"wp:featuredmedia":[{"embeddable":true,"href":"https:\/\/semmelweis.hu\/etkfejlesztoiroda\/wp-json\/wp\/v2\/media\/340"}],"wp:attachment":[{"href":"https:\/\/semmelweis.hu\/etkfejlesztoiroda\/wp-json\/wp\/v2\/media?parent=192"}],"wp:term":[{"taxonomy":"category","embeddable":true,"href":"https:\/\/semmelweis.hu\/etkfejlesztoiroda\/wp-json\/wp\/v2\/categories?post=192"},{"taxonomy":"post_tag","embeddable":true,"href":"https:\/\/semmelweis.hu\/etkfejlesztoiroda\/wp-json\/wp\/v2\/tags?post=192"}],"curies":[{"name":"wp","href":"https:\/\/api.w.org\/{rel}","templated":true}]}}